{"id":2349,"date":"2013-08-21T07:00:58","date_gmt":"2013-08-21T10:00:58","guid":{"rendered":"http:\/\/www.proma.com.br\/blog\/equilibrio\/?p=1732"},"modified":"2013-08-21T07:00:58","modified_gmt":"2013-08-21T10:00:58","slug":"trabalhos-manuais-reforcam-os-lacos-entre-pais-e-filhos","status":"publish","type":"post","link":"http:\/\/www.proma.com.br\/blog\/trabalhos-manuais-reforcam-os-lacos-entre-pais-e-filhos\/","title":{"rendered":"Trabalhos manuais refor\u00e7am os la\u00e7os entre pais e filhos"},"content":{"rendered":"<p>Voc\u00ea sabia que os trabalhos manuais trazem benef\u00edcios para o desenvolvimento das crian\u00e7as e refor\u00e7am os la\u00e7os com os pais? E o melhor: n\u00e3o \u00e9 preciso ter habilidades especiais. Basta vontade e paci\u00eancia.<\/p>\n<p><a href=\"http:\/\/www.proma.com.br\/blog\/media_equilibrio\/files\/2013\/06\/Foto-051.jpg\"><img loading=\"lazy\" class=\"aligncenter size-medium wp-image-1733\" title=\"Foto 05\" src=\"http:\/\/www.proma.com.br\/blog\/media_equilibrio\/files\/2013\/06\/Foto-051-366x420.jpg\" alt=\"\" width=\"366\" height=\"420\" \/><\/a>O site <a href=\" http:\/\/goo.gl\/sGnCs\" target=\"_blank\">Minha Casa <\/a>mostra uma s\u00e9rie de coisas feitas com materiais recicl\u00e1veis. O que voc\u00ea acha de fazer uma fruteira colorida usando uma caixa de papel\u00e3o, jornal picado e cola?<\/p>\n<p>Acesse e confira mais informa\u00e7\u00f5es.<\/p>\n","protected":false},"excerpt":{"rendered":"<p>Voc\u00ea sabia que os trabalhos manuais trazem benef\u00edcios para o desenvolvimento das crian\u00e7as e refor\u00e7am os la\u00e7os com os pais? E o melhor: n\u00e3o \u00e9 preciso ter habilidades especiais. Basta vontade e paci\u00eancia. O site Minha Casa mostra uma s\u00e9rie&hellip;<\/p>\n","protected":false},"author":3,"featured_media":1733,"comment_status":"open","ping_status":"closed","sticky":false,"template":"","format":"standard","meta":[],"categories":[1142,1144,1149],"tags":[1722,1788,2141],"_links":{"self":[{"href":"http:\/\/www.proma.com.br\/blog\/wp-json\/wp\/v2\/posts\/2349"}],"collection":[{"href":"http:\/\/www.proma.com.br\/blog\/wp-json\/wp\/v2\/posts"}],"about":[{"href":"http:\/\/www.proma.com.br\/blog\/wp-json\/wp\/v2\/types\/post"}],"author":[{"embeddable":true,"href":"http:\/\/www.proma.com.br\/blog\/wp-json\/wp\/v2\/users\/3"}],"replies":[{"embeddable":true,"href":"http:\/\/www.proma.com.br\/blog\/wp-json\/wp\/v2\/comments?post=2349"}],"version-history":[{"count":0,"href":"http:\/\/www.proma.com.br\/blog\/wp-json\/wp\/v2\/posts\/2349\/revisions"}],"wp:featuredmedia":[{"embeddable":true,"href":"http:\/\/www.proma.com.br\/blog\/wp-json\/wp\/v2\/media\/1733"}],"wp:attachment":[{"href":"http:\/\/www.proma.com.br\/blog\/wp-json\/wp\/v2\/media?parent=2349"}],"wp:term":[{"taxonomy":"category","embeddable":true,"href":"http:\/\/www.proma.com.br\/blog\/wp-json\/wp\/v2\/categories?post=2349"},{"taxonomy":"post_tag","embeddable":true,"href":"http:\/\/www.proma.com.br\/blog\/wp-json\/wp\/v2\/tags?post=2349"}],"curies":[{"name":"wp","href":"https:\/\/api.w.org\/{rel}","templated":true}]}}