{"id":287,"date":"2012-03-15T11:07:24","date_gmt":"2012-03-15T14:07:24","guid":{"rendered":"http:\/\/www.proma.com.br\/blog\/equilibrio\/?p=287"},"modified":"2012-03-15T11:07:24","modified_gmt":"2012-03-15T14:07:24","slug":"uma-boa-noite-de-sono","status":"publish","type":"post","link":"http:\/\/www.proma.com.br\/blog\/uma-boa-noite-de-sono\/","title":{"rendered":"Uma boa noite de sono"},"content":{"rendered":"<p>Escolher um colch\u00e3o de boa qualidade e com a densidade adequada \u00e9 essencial.<\/p>\n<p>Reportagem da Revista Destaque Imobili\u00e1rio Edi\u00e7\u00e3o 16 de Agosto de 2011.<\/p>\n<p><a href=\"http:\/\/www.proma.com.br\/blog\/media_equilibrio\/files\/2012\/03\/cama-uma-boa-noite-de-sono.jpg\"><img loading=\"lazy\" class=\"aligncenter size-full wp-image-288\" src=\"http:\/\/www.proma.com.br\/blog\/media_equilibrio\/files\/2012\/03\/cama-uma-boa-noite-de-sono.jpg\" alt=\"\" width=\"2480\" height=\"1624\" \/><\/a><\/p>\n<p>&nbsp;<\/p>\n<p>&nbsp;<\/p>\n<p>&nbsp;<\/p>\n<p>&nbsp;<\/p>\n","protected":false},"excerpt":{"rendered":"<p>Escolher um colch\u00e3o de boa qualidade e com a densidade adequada \u00e9 essencial. Reportagem da Revista Destaque Imobili\u00e1rio Edi\u00e7\u00e3o 16 de Agosto de 2011. &nbsp; &nbsp; &nbsp; &nbsp;<\/p>\n","protected":false},"author":3,"featured_media":288,"comment_status":"open","ping_status":"closed","sticky":false,"template":"","format":"standard","meta":[],"categories":[1142,1144,1147],"tags":[1527,914,2096],"_links":{"self":[{"href":"http:\/\/www.proma.com.br\/blog\/wp-json\/wp\/v2\/posts\/287"}],"collection":[{"href":"http:\/\/www.proma.com.br\/blog\/wp-json\/wp\/v2\/posts"}],"about":[{"href":"http:\/\/www.proma.com.br\/blog\/wp-json\/wp\/v2\/types\/post"}],"author":[{"embeddable":true,"href":"http:\/\/www.proma.com.br\/blog\/wp-json\/wp\/v2\/users\/3"}],"replies":[{"embeddable":true,"href":"http:\/\/www.proma.com.br\/blog\/wp-json\/wp\/v2\/comments?post=287"}],"version-history":[{"count":0,"href":"http:\/\/www.proma.com.br\/blog\/wp-json\/wp\/v2\/posts\/287\/revisions"}],"wp:featuredmedia":[{"embeddable":true,"href":"http:\/\/www.proma.com.br\/blog\/wp-json\/wp\/v2\/media\/288"}],"wp:attachment":[{"href":"http:\/\/www.proma.com.br\/blog\/wp-json\/wp\/v2\/media?parent=287"}],"wp:term":[{"taxonomy":"category","embeddable":true,"href":"http:\/\/www.proma.com.br\/blog\/wp-json\/wp\/v2\/categories?post=287"},{"taxonomy":"post_tag","embeddable":true,"href":"http:\/\/www.proma.com.br\/blog\/wp-json\/wp\/v2\/tags?post=287"}],"curies":[{"name":"wp","href":"https:\/\/api.w.org\/{rel}","templated":true}]}}