{"id":3316,"date":"2015-11-05T15:58:39","date_gmt":"2015-11-05T18:58:39","guid":{"rendered":"http:\/\/www.proma.com.br\/blog\/?p=3316"},"modified":"2015-11-03T17:48:59","modified_gmt":"2015-11-03T20:48:59","slug":"faca-voce-mesmo-mesa-de-canto-com-papelao","status":"publish","type":"post","link":"http:\/\/www.proma.com.br\/blog\/faca-voce-mesmo-mesa-de-canto-com-papelao\/","title":{"rendered":"Fa\u00e7a voc\u00ea mesmo: Mesa de canto com papel\u00e3o"},"content":{"rendered":"<p>A reciclagem aliada \u00e0 sustentabilidade e \u00e0 decora\u00e7\u00e3o \u00e9 uma tend\u00eancia criativa que est\u00e1 em alta quando o assunto \u00e9 moradia, bom gosto, moda e economia. Se voc\u00ea \u00e9 adepto do conceito \u201cfa\u00e7a voc\u00ea mesmo\u201d, ent\u00e3o o que acha de criar uma mesa de canto com papel\u00e3o, garantindo uma decora\u00e7\u00e3o exclusiva e sustent\u00e1vel? Acredite: al\u00e9m do baixo custo, a pe\u00e7a \u00e9 resistente!<\/p>\n<p><a href=\"http:\/\/www.proma.com.br\/blog\/wp-content\/uploads\/2015\/11\/faca-voce-mesmo-mesa-de-canto-de-papelao.jpg\"><img loading=\"lazy\" class=\"alignnone size-full wp-image-3319\" src=\"http:\/\/www.proma.com.br\/blog\/wp-content\/uploads\/2015\/11\/faca-voce-mesmo-mesa-de-canto-de-papelao.jpg\" alt=\"faca-voce-mesmo-mesa-de-canto-de-papelao\" width=\"1378\" height=\"500\" srcset=\"http:\/\/www.proma.com.br\/blog\/wp-content\/uploads\/2015\/11\/faca-voce-mesmo-mesa-de-canto-de-papelao.jpg 1378w, http:\/\/www.proma.com.br\/blog\/wp-content\/uploads\/2015\/11\/faca-voce-mesmo-mesa-de-canto-de-papelao-960x348.jpg 960w, http:\/\/www.proma.com.br\/blog\/wp-content\/uploads\/2015\/11\/faca-voce-mesmo-mesa-de-canto-de-papelao-1024x371.jpg 1024w, http:\/\/www.proma.com.br\/blog\/wp-content\/uploads\/2015\/11\/faca-voce-mesmo-mesa-de-canto-de-papelao-500x181.jpg 500w\" sizes=\"(max-width: 1378px) 100vw, 1378px\" \/><\/a><\/p>\n<p>Fomos conferir o canal Canal\u00a0D. Caza do\u00a0designer de produto F\u00e1bio Basso, por meio do site da \u00a0revista <a href=\"http:\/\/goo.gl\/wMTVzE\">Zap<\/a>, onde ele ensina o passo a passo de como produzir uma linda\u00a0mesa de canto, que tamb\u00e9m pode ser usada como banco, criado-mudo ou mesinha de centro para a sala.<\/p>\n<p><strong>Assista ao v\u00eddeo e aprenda o passo a passo!<\/strong><\/p>\n<p><iframe width=\"619\" height=\"315\" frameborder=\"0\" src=\"https:\/\/www.youtube.com\/embed\/_xfau0u0DrI\"><\/iframe><\/p>\n<p>Agora \u00e9 s\u00f3 se inspirar e colocar a m\u00e3o na massa para deixar a casa mais bonita e aconchegante!<\/p>\n","protected":false},"excerpt":{"rendered":"<p>A reciclagem aliada \u00e0 sustentabilidade e \u00e0 decora\u00e7\u00e3o \u00e9 uma tend\u00eancia criativa que est\u00e1 em alta quando o assunto \u00e9 moradia, bom gosto, moda e economia. Se voc\u00ea \u00e9 adepto do conceito \u201cfa\u00e7a voc\u00ea mesmo\u201d, ent\u00e3o o que acha de&hellip;<\/p>\n","protected":false},"author":3,"featured_media":3319,"comment_status":"open","ping_status":"closed","sticky":false,"template":"","format":"standard","meta":[],"categories":[2,1143,1146],"tags":[2947,2291,1576,1809,2368],"_links":{"self":[{"href":"http:\/\/www.proma.com.br\/blog\/wp-json\/wp\/v2\/posts\/3316"}],"collection":[{"href":"http:\/\/www.proma.com.br\/blog\/wp-json\/wp\/v2\/posts"}],"about":[{"href":"http:\/\/www.proma.com.br\/blog\/wp-json\/wp\/v2\/types\/post"}],"author":[{"embeddable":true,"href":"http:\/\/www.proma.com.br\/blog\/wp-json\/wp\/v2\/users\/3"}],"replies":[{"embeddable":true,"href":"http:\/\/www.proma.com.br\/blog\/wp-json\/wp\/v2\/comments?post=3316"}],"version-history":[{"count":6,"href":"http:\/\/www.proma.com.br\/blog\/wp-json\/wp\/v2\/posts\/3316\/revisions"}],"predecessor-version":[{"id":3323,"href":"http:\/\/www.proma.com.br\/blog\/wp-json\/wp\/v2\/posts\/3316\/revisions\/3323"}],"wp:featuredmedia":[{"embeddable":true,"href":"http:\/\/www.proma.com.br\/blog\/wp-json\/wp\/v2\/media\/3319"}],"wp:attachment":[{"href":"http:\/\/www.proma.com.br\/blog\/wp-json\/wp\/v2\/media?parent=3316"}],"wp:term":[{"taxonomy":"category","embeddable":true,"href":"http:\/\/www.proma.com.br\/blog\/wp-json\/wp\/v2\/categories?post=3316"},{"taxonomy":"post_tag","embeddable":true,"href":"http:\/\/www.proma.com.br\/blog\/wp-json\/wp\/v2\/tags?post=3316"}],"curies":[{"name":"wp","href":"https:\/\/api.w.org\/{rel}","templated":true}]}}