{"id":333,"date":"2012-06-21T08:00:24","date_gmt":"2012-06-21T11:00:24","guid":{"rendered":"http:\/\/www.proma.com.br\/blog\/arquitetura\/?p=333"},"modified":"2012-06-21T08:00:24","modified_gmt":"2012-06-21T11:00:24","slug":"333","status":"publish","type":"post","link":"http:\/\/www.proma.com.br\/blog\/333\/","title":{"rendered":"Volet V\u00e9g\u00e9tal: uma horta no apartamento"},"content":{"rendered":"<p>Essa dica est\u00e1 no site da <a href=\"http:\/\/www.revistadesign.com.br\/2\/2012\/05\/14\/uma-horta-para-o-cenario-urbano\/#more-11074\" target=\"_blank\">Revista Design<\/a> e foi postada pela Isadora Perry Clark.<\/p>\n<p><a href=\"http:\/\/www.proma.com.br\/blog\/arquitetura\/333\/volet\" rel=\"attachment wp-att-336\"><img loading=\"lazy\" class=\"aligncenter size-medium wp-image-336\" src=\"http:\/\/www.proma.com.br\/blog\/media_arquitetura\/files\/2012\/06\/Volet-289x420.jpg\" alt=\"\" width=\"289\" height=\"420\" \/><\/a><\/p>\n<p>O est\u00fadio franc\u00eas Barreau &amp; Charbonnet criou uma solu\u00e7\u00e3o para as pessoas que querem ter uma horta no apartamento, mas que n\u00e3o podem por falta de espa\u00e7o apropriado.<\/p>\n<p>O Volet V\u00e9g\u00e9tal \u00e9 uma instala\u00e7\u00e3o para ser posta nas janelas e traz vasos para as plantas. Al\u00e9m disso, um mecanismo de polias permite que a horta suspensa ou o jardim vertical fique exposto durante o dia e seja recolhido durante a noite.<\/p>\n<p><a href=\"http:\/\/www.proma.com.br\/blog\/arquitetura\/333\/volet-1\" rel=\"attachment wp-att-337\"><img loading=\"lazy\" class=\"aligncenter size-medium wp-image-337\" src=\"http:\/\/www.proma.com.br\/blog\/media_arquitetura\/files\/2012\/06\/Volet-1-420x206.jpg\" alt=\"\" width=\"420\" height=\"206\" \/><\/a><\/p>\n<p>Que tal?<\/p>\n<p><a href=\"http:\/\/www.revistadesign.com.br\/2\/2012\/05\/14\/uma-horta-para-o-cenario-urbano\/#more-11074\" target=\"_blank\">Clique aqui <\/a>e saiba como confeccionar o Volet V\u00e9g\u00e9tal.<\/p>\n<p><a href=\"http:\/\/www.revistadesign.com.br\/2\/2012\/05\/14\/uma-horta-para-o-cenario-urbano\/#more-11074\" target=\"_blank\">Cr\u00e9dto da fotografia<\/a>.<\/p>\n","protected":false},"excerpt":{"rendered":"<p>Essa dica est\u00e1 no site da Revista Design e foi postada pela Isadora Perry Clark. O est\u00fadio franc\u00eas Barreau &amp; Charbonnet criou uma solu\u00e7\u00e3o para as pessoas que querem ter uma horta no apartamento, mas que n\u00e3o podem por falta&hellip;<\/p>\n","protected":false},"author":3,"featured_media":337,"comment_status":"open","ping_status":"closed","sticky":false,"template":"","format":"standard","meta":[],"categories":[5],"tags":[546,548,590,1137],"_links":{"self":[{"href":"http:\/\/www.proma.com.br\/blog\/wp-json\/wp\/v2\/posts\/333"}],"collection":[{"href":"http:\/\/www.proma.com.br\/blog\/wp-json\/wp\/v2\/posts"}],"about":[{"href":"http:\/\/www.proma.com.br\/blog\/wp-json\/wp\/v2\/types\/post"}],"author":[{"embeddable":true,"href":"http:\/\/www.proma.com.br\/blog\/wp-json\/wp\/v2\/users\/3"}],"replies":[{"embeddable":true,"href":"http:\/\/www.proma.com.br\/blog\/wp-json\/wp\/v2\/comments?post=333"}],"version-history":[{"count":0,"href":"http:\/\/www.proma.com.br\/blog\/wp-json\/wp\/v2\/posts\/333\/revisions"}],"wp:featuredmedia":[{"embeddable":true,"href":"http:\/\/www.proma.com.br\/blog\/wp-json\/wp\/v2\/media\/337"}],"wp:attachment":[{"href":"http:\/\/www.proma.com.br\/blog\/wp-json\/wp\/v2\/media?parent=333"}],"wp:term":[{"taxonomy":"category","embeddable":true,"href":"http:\/\/www.proma.com.br\/blog\/wp-json\/wp\/v2\/categories?post=333"},{"taxonomy":"post_tag","embeddable":true,"href":"http:\/\/www.proma.com.br\/blog\/wp-json\/wp\/v2\/tags?post=333"}],"curies":[{"name":"wp","href":"https:\/\/api.w.org\/{rel}","templated":true}]}}