{"id":4194,"date":"2016-12-01T15:32:50","date_gmt":"2016-12-01T18:32:50","guid":{"rendered":"http:\/\/www.proma.com.br\/blog\/?p=4194"},"modified":"2016-09-05T20:42:16","modified_gmt":"2016-09-05T23:42:16","slug":"utensilios-de-cozinha-se-transformam-em-lindos-vasos-de-flores","status":"publish","type":"post","link":"http:\/\/www.proma.com.br\/blog\/utensilios-de-cozinha-se-transformam-em-lindos-vasos-de-flores\/","title":{"rendered":"UTENS\u00cdLIOS DE COZINHA SE TRANSFORMAM EM LINDOS VASOS DE FLORES"},"content":{"rendered":"<p>Bule de caf\u00e9, copos, x\u00edcaras, escorredor de macarr\u00e3o e garrafas. O que todos esses objetos t\u00eam em comum?<\/p>\n<p>Pense bem! \ud83d\ude42<\/p>\n<p>S\u00e3o utens\u00edlios de cozinha que podem virar lindos vasos para decorar uma ocasi\u00e3o especial ou o seu lar \u2013 todos os dias!<\/p>\n<p>Inspire-se!<\/p>\n<p><strong>Bule de caf\u00e9<\/strong><\/p>\n<p><a href=\"http:\/\/www.proma.com.br\/blog\/wp-content\/uploads\/2016\/09\/61.jpg\"><img loading=\"lazy\" class=\"alignnone size-full wp-image-4196\" src=\"http:\/\/www.proma.com.br\/blog\/wp-content\/uploads\/2016\/09\/61.jpg\" alt=\"61\" width=\"620\" height=\"550\" srcset=\"http:\/\/www.proma.com.br\/blog\/wp-content\/uploads\/2016\/09\/61.jpg 620w, http:\/\/www.proma.com.br\/blog\/wp-content\/uploads\/2016\/09\/61-338x300.jpg 338w\" sizes=\"(max-width: 620px) 100vw, 620px\" \/><\/a><\/p>\n<p>Crie um arranjo para uma festa de casamento ou anivers\u00e1rio com um bule de caf\u00e9 vintage. Misture diferentes tipos de flores \u2013 as artificiais tamb\u00e9m valem \u2013 para dar volume ao enfeite.<\/p>\n<p><strong>Filtro de barro<\/strong><\/p>\n<p><a href=\"http:\/\/www.proma.com.br\/blog\/wp-content\/uploads\/2016\/09\/62.jpg\"><img loading=\"lazy\" class=\"alignnone size-full wp-image-4197\" src=\"http:\/\/www.proma.com.br\/blog\/wp-content\/uploads\/2016\/09\/62.jpg\" alt=\"62\" width=\"620\" height=\"550\" srcset=\"http:\/\/www.proma.com.br\/blog\/wp-content\/uploads\/2016\/09\/62.jpg 620w, http:\/\/www.proma.com.br\/blog\/wp-content\/uploads\/2016\/09\/62-338x300.jpg 338w\" sizes=\"(max-width: 620px) 100vw, 620px\" \/><\/a><\/p>\n<p>Sabe aquele filtro de barro, muito comum em casinhas do interior? Ele \u00e9 perfeito para segurar as plantas maiores e mais pesadas e dar um up na decora\u00e7\u00e3o do seu jardim! Para um efeito descontra\u00eddo, organize pequenos vasinhos com flores coloridas em volta dele.<\/p>\n<p><strong>Escorredor de macarr\u00e3o<\/strong><\/p>\n<p><a href=\"http:\/\/www.proma.com.br\/blog\/wp-content\/uploads\/2016\/09\/63.jpg\"><img loading=\"lazy\" class=\"alignnone size-full wp-image-4198\" src=\"http:\/\/www.proma.com.br\/blog\/wp-content\/uploads\/2016\/09\/63.jpg\" alt=\"63\" width=\"620\" height=\"550\" srcset=\"http:\/\/www.proma.com.br\/blog\/wp-content\/uploads\/2016\/09\/63.jpg 620w, http:\/\/www.proma.com.br\/blog\/wp-content\/uploads\/2016\/09\/63-338x300.jpg 338w\" sizes=\"(max-width: 620px) 100vw, 620px\" \/><\/a><\/p>\n<p>Pendurado na parede, o escorredor de macarr\u00e3o serviu como base para um arranjo das vers\u00f5es artificiais de papoula, ran\u00fanculo e lavanda. Um mimo!<\/p>\n<p><strong>X\u00edcaras<\/strong><\/p>\n<p><a href=\"http:\/\/www.proma.com.br\/blog\/wp-content\/uploads\/2016\/09\/64.jpg\"><img loading=\"lazy\" class=\"alignnone size-full wp-image-4199\" src=\"http:\/\/www.proma.com.br\/blog\/wp-content\/uploads\/2016\/09\/64.jpg\" alt=\"64\" width=\"620\" height=\"550\" srcset=\"http:\/\/www.proma.com.br\/blog\/wp-content\/uploads\/2016\/09\/64.jpg 620w, http:\/\/www.proma.com.br\/blog\/wp-content\/uploads\/2016\/09\/64-338x300.jpg 338w\" sizes=\"(max-width: 620px) 100vw, 620px\" \/><\/a><\/p>\n<p>N\u00e3o h\u00e1 mal nenhum em desejar uma conta banc\u00e1ria mais recheada, n\u00e3o \u00e9 mesmo? O tost\u00e3o, ou dinheiro-em-penca, tem fama de atrair prosperidade. Plantado em x\u00edcaras, com um trevo de feltro, vira uma linda lembrancinha.<\/p>\n<p><strong>Embalagens<\/strong><\/p>\n<p><a href=\"http:\/\/www.proma.com.br\/blog\/wp-content\/uploads\/2016\/09\/65.jpg\"><img loading=\"lazy\" class=\"alignnone size-full wp-image-4200\" src=\"http:\/\/www.proma.com.br\/blog\/wp-content\/uploads\/2016\/09\/65.jpg\" alt=\"65\" width=\"907\" height=\"620\" srcset=\"http:\/\/www.proma.com.br\/blog\/wp-content\/uploads\/2016\/09\/65.jpg 907w, http:\/\/www.proma.com.br\/blog\/wp-content\/uploads\/2016\/09\/65-438x300.jpg 438w\" sizes=\"(max-width: 907px) 100vw, 907px\" \/><\/a><\/p>\n<p>Quer uma decora\u00e7\u00e3o econ\u00f4mica? Reaproveite as embalagens! Latas de alimentos s\u00e3o \u00f3timas para acomodar pequenas plantas de tempero. Use adesivos de borboletas ou flores, por exemplo, para decor\u00e1-las. Com essa ideia, qualquer cantinho vai ficar um charme.<\/p>\n<p><strong>Garrafa de vinho<\/strong><\/p>\n<p><a href=\"http:\/\/www.proma.com.br\/blog\/wp-content\/uploads\/2016\/09\/66.jpg\"><img loading=\"lazy\" class=\"alignnone size-full wp-image-4201\" src=\"http:\/\/www.proma.com.br\/blog\/wp-content\/uploads\/2016\/09\/66.jpg\" alt=\"66\" width=\"620\" height=\"550\" srcset=\"http:\/\/www.proma.com.br\/blog\/wp-content\/uploads\/2016\/09\/66.jpg 620w, http:\/\/www.proma.com.br\/blog\/wp-content\/uploads\/2016\/09\/66-338x300.jpg 338w\" sizes=\"(max-width: 620px) 100vw, 620px\" \/><\/a><\/p>\n<p>O vinho acabou, mas a garrafa ainda pode trazer muita bossa para sua casa. Encha com \u00e1gua at\u00e9 a metade do recipiente e coloque pequenos ramos de flores. Voc\u00ea pode deixar esse vasinho no centro das mesas em festas \u2013 o que certamente vai divertir seus convidados.<\/p>\n<p><strong>Copos<\/strong><\/p>\n<p><a href=\"http:\/\/www.proma.com.br\/blog\/wp-content\/uploads\/2016\/09\/67.jpg\"><img loading=\"lazy\" class=\"alignnone size-full wp-image-4202\" src=\"http:\/\/www.proma.com.br\/blog\/wp-content\/uploads\/2016\/09\/67.jpg\" alt=\"67\" width=\"620\" height=\"550\" srcset=\"http:\/\/www.proma.com.br\/blog\/wp-content\/uploads\/2016\/09\/67.jpg 620w, http:\/\/www.proma.com.br\/blog\/wp-content\/uploads\/2016\/09\/67-338x300.jpg 338w\" sizes=\"(max-width: 620px) 100vw, 620px\" \/><\/a><\/p>\n<p>Vai preparar uma de festa de \u00faltima hora? N\u00e3o se preocupe! Com copos de diferentes tamanhos e bexigas coloridas d\u00e1 para fazer pequenos arranjos que v\u00e3o trazer alegria ao ambiente. Se quiser algo mais original, fa\u00e7a desenhos ou frases divertidas nas bexigas antes de revestir os copos.<\/p>\n<p>Ideias lindas e f\u00e1ceis de serem colocadas em pr\u00e1tica, n\u00e3o \u00e9 mesmo?<\/p>\n<p><strong>Fonte:<\/strong> <a href=\"http:\/\/revistacasaejardim.globo.com\/Casa-e-Comida\/Receber-com-charme\/Decoracao\/noticia\/2016\/09\/10-vasos-inusitados-feitos-com-objetos-e-utensilios-de-cozinha.html\" target=\"_blank\">Casa e Jardim<\/a><\/p>\n","protected":false},"excerpt":{"rendered":"<p>Bule de caf\u00e9, copos, x\u00edcaras, escorredor de macarr\u00e3o e garrafas. O que todos esses objetos t\u00eam em comum? Pense bem! \ud83d\ude42 S\u00e3o utens\u00edlios de cozinha que podem virar lindos vasos para decorar uma ocasi\u00e3o especial ou o seu lar \u2013&hellip;<\/p>\n","protected":false},"author":2,"featured_media":4196,"comment_status":"open","ping_status":"closed","sticky":false,"template":"","format":"standard","meta":[],"categories":[2,1143],"tags":[1096,2581,2580],"_links":{"self":[{"href":"http:\/\/www.proma.com.br\/blog\/wp-json\/wp\/v2\/posts\/4194"}],"collection":[{"href":"http:\/\/www.proma.com.br\/blog\/wp-json\/wp\/v2\/posts"}],"about":[{"href":"http:\/\/www.proma.com.br\/blog\/wp-json\/wp\/v2\/types\/post"}],"author":[{"embeddable":true,"href":"http:\/\/www.proma.com.br\/blog\/wp-json\/wp\/v2\/users\/2"}],"replies":[{"embeddable":true,"href":"http:\/\/www.proma.com.br\/blog\/wp-json\/wp\/v2\/comments?post=4194"}],"version-history":[{"count":1,"href":"http:\/\/www.proma.com.br\/blog\/wp-json\/wp\/v2\/posts\/4194\/revisions"}],"predecessor-version":[{"id":4203,"href":"http:\/\/www.proma.com.br\/blog\/wp-json\/wp\/v2\/posts\/4194\/revisions\/4203"}],"wp:featuredmedia":[{"embeddable":true,"href":"http:\/\/www.proma.com.br\/blog\/wp-json\/wp\/v2\/media\/4196"}],"wp:attachment":[{"href":"http:\/\/www.proma.com.br\/blog\/wp-json\/wp\/v2\/media?parent=4194"}],"wp:term":[{"taxonomy":"category","embeddable":true,"href":"http:\/\/www.proma.com.br\/blog\/wp-json\/wp\/v2\/categories?post=4194"},{"taxonomy":"post_tag","embeddable":true,"href":"http:\/\/www.proma.com.br\/blog\/wp-json\/wp\/v2\/tags?post=4194"}],"curies":[{"name":"wp","href":"https:\/\/api.w.org\/{rel}","templated":true}]}}