{"id":4390,"date":"2017-02-21T15:33:44","date_gmt":"2017-02-21T18:33:44","guid":{"rendered":"http:\/\/www.proma.com.br\/blog\/?p=4390"},"modified":"2017-05-09T11:33:11","modified_gmt":"2017-05-09T14:33:11","slug":"entre-e-encante-se-seja-bem-vindo-ao-apartamento-decorado-do-lumina-residence","status":"publish","type":"post","link":"http:\/\/www.proma.com.br\/blog\/entre-e-encante-se-seja-bem-vindo-ao-apartamento-decorado-do-lumina-residence\/","title":{"rendered":"ENTRE E ENCANTE-SE: SEJA BEM-VINDO AO APARTAMENTO DECORADO DO LUMINA RESIDENCE"},"content":{"rendered":"<p>Na sacada do d\u00e9cimo andar a vista impressiona. A cidade \u00e9 ainda mais bela quando se est\u00e1 no alto. Paisagens sem barreiras \u2013 as montanhas se aproximam, a cor verde das \u00e1rvores se acentua e parece que \u00e9 quase poss\u00edvel tocar nas nuvens. Num dia ensolarado, o p\u00f4r do sol torna-se um espet\u00e1culo a ser admirado segundo ap\u00f3s segundo. J\u00e1 quando a chuva cai, as gotas d`\u00e1gua encobertam um vale digno de encantos. Os cen\u00e1rios mudam, mas a beleza que o Lumina Residence proporciona sempre permanece.<\/p>\n<p><a href=\"http:\/\/www.proma.com.br\/blog\/wp-content\/uploads\/2017\/02\/WeArt-6804.jpg\"><img loading=\"lazy\" class=\"alignnone size-large wp-image-4393\" src=\"http:\/\/www.proma.com.br\/blog\/wp-content\/uploads\/2017\/02\/WeArt-6804-1024x704.jpg\" alt=\"weart-6804\" width=\"584\" height=\"401\" srcset=\"http:\/\/www.proma.com.br\/blog\/wp-content\/uploads\/2017\/02\/WeArt-6804-1024x704.jpg 1024w, http:\/\/www.proma.com.br\/blog\/wp-content\/uploads\/2017\/02\/WeArt-6804-960x660.jpg 960w, http:\/\/www.proma.com.br\/blog\/wp-content\/uploads\/2017\/02\/WeArt-6804-436x300.jpg 436w, http:\/\/www.proma.com.br\/blog\/wp-content\/uploads\/2017\/02\/WeArt-6804.jpg 2000w\" sizes=\"(max-width: 584px) 100vw, 584px\" \/><\/a><\/p>\n<p>Idealizado pela arquiteta Caroline Obenaus, o projeto do Lumina Residence foi o quinto a ser desenvolvido no escrit\u00f3rio de arquitetura da Proma \u2013 s\u00e3o tr\u00eas apartamentos por andar que seguem a tend\u00eancia de casas inteligentes. \u201cCom certeza, \u00e9 um empreendimento inovador. Nossas inspira\u00e7\u00f5es est\u00e3o nos conceitos arquitet\u00f4nicos do litoral da Fl\u00f3rida \u2013 fomos a Miami para pesquisar e buscar ideias diferentes. A est\u00e9tica \u00e9 atrativa e ousada. Faz parte do nosso hist\u00f3rico construtivo inovar, sempre\u201d, afirma Caroline.<\/p>\n<p>A arquiteta explica que o destaque do Lumina est\u00e1 na sacada com a laje <em>slim, <\/em>expressando leveza e contemporaneidade em um empreendimento projetado para oferecer a vista panor\u00e2mica de Jaragu\u00e1 do Sul. Al\u00e9m disso, os grandes v\u00e3os de abertura favorecem a ventila\u00e7\u00e3o e a luminosidade natural, despertando a sensa\u00e7\u00e3o de liberdade, bem-estar e tranquilidade.<\/p>\n<p><strong>Apartamento de alto padr\u00e3o: exclusividade, requinte e sofistica\u00e7\u00e3o<\/strong><\/p>\n<p>O Lumina Residence, que j\u00e1 est\u00e1 em fase de constru\u00e7\u00e3o na rua Arthur Gumz, no bairro Vila Nova \u2013 uma regi\u00e3o privilegiada por estar a poucos minutos do centro \u2013, contemplar\u00e1 30 apartamentos. S\u00e3o duas coberturas <em>duplex <\/em>(\u00e1rea privativa de 202,87 m\u00b2), dois apartamentos <em>garden <\/em>(\u00e1rea privativa de 123,80 m\u00b2), al\u00e9m dos apartamentos convencionais (ou padr\u00e3o) com plantas de 127 m\u00b2 a 131 m\u00b2 de \u00e1rea privativa, cujos detalhes foram pensados para tornar cada ambiente ainda mais requintado e acolhedor: forro de gesso, massa corrida, piso laminado nos quartos, portas em laca branca, porcelanato no ambiente social e esquadrias de alum\u00ednio.<\/p>\n<p><a href=\"http:\/\/www.proma.com.br\/blog\/wp-content\/uploads\/2017\/02\/WeArt-6811.jpg\"><img loading=\"lazy\" class=\"alignnone size-large wp-image-4394\" src=\"http:\/\/www.proma.com.br\/blog\/wp-content\/uploads\/2017\/02\/WeArt-6811-1024x683.jpg\" alt=\"weart-6811\" width=\"584\" height=\"389\" srcset=\"http:\/\/www.proma.com.br\/blog\/wp-content\/uploads\/2017\/02\/WeArt-6811-1024x683.jpg 1024w, http:\/\/www.proma.com.br\/blog\/wp-content\/uploads\/2017\/02\/WeArt-6811-960x640.jpg 960w, http:\/\/www.proma.com.br\/blog\/wp-content\/uploads\/2017\/02\/WeArt-6811-449x300.jpg 449w, http:\/\/www.proma.com.br\/blog\/wp-content\/uploads\/2017\/02\/WeArt-6811.jpg 2000w\" sizes=\"(max-width: 584px) 100vw, 584px\" \/><\/a><\/p>\n<p>Todos os apartamentos contar\u00e3o com sacada, lavanderia, lavabo, cozinha com churrasqueira, sala de jantar e <em>home theater<\/em>. A diferen\u00e7a entre as unidades est\u00e1 no n\u00famero de vagas de garagem (duas ou tr\u00eas) e de quartos, que podem ser tr\u00eas su\u00edtes ou duas demi-su\u00edtes e uma su\u00edte. Outros diferenciais s\u00e3o encontrados nas coberturas <em>duplex<\/em>, que oferecer\u00e3o terra\u00e7o com spa, e nos apartamentos <em>garden<\/em>, que contar\u00e3o com terra\u00e7o (<em>garden<\/em>).<\/p>\n<p>A \u00e1rea social do empreendimento contempla <em>hall <\/em>e sal\u00e3o de festas decorados, entrada arborizada e com chafariz, piscina aquecida, <em>fitness <\/em>(academia equipada, climatizada e com ampla vista da cidade para que os moradores possam cuidar da sa\u00fade com comodidade e praticidade) e brinquedoteca (espa\u00e7o infantil descontra\u00eddo e l\u00fadico para as crian\u00e7as darem asas \u00e0 imagina\u00e7\u00e3o).<\/p>\n<p><strong>Apartamento decorado: visite e encante-se<\/strong><\/p>\n<p>Pesquisas aliadas \u00e0 sensibilidade, ao bom gosto e \u00e0 sofistica\u00e7\u00e3o \u2013 para encantar \u00e9 fundamental conhecer, experimentar e ousar. Nas m\u00e3os da arquiteta Caroline Obenaus o apartamento decorado do Lumina Residence impressiona. Surpreende.<\/p>\n<p>As inspira\u00e7\u00f5es \u2013 colocadas em pr\u00e1tica com intelig\u00eancia \u2013 seguem o que h\u00e1 de mais atual na arquitetura mundial, em especial as tend\u00eancias apresentadas no Sal\u00e3o do M\u00f3vel de Mil\u00e3o, que aconteceu entre os dias 12 a 17 de abril, na It\u00e1lia.<\/p>\n<p>Quer ver?<\/p>\n<p><strong>COZINHA COM CHURRASQUEIRA | SALA DE JANTAR<\/strong><\/p>\n<p><a href=\"http:\/\/www.proma.com.br\/blog\/wp-content\/uploads\/2017\/02\/WeArt-6805.jpg\"><img loading=\"lazy\" class=\"alignnone size-large wp-image-4395\" src=\"http:\/\/www.proma.com.br\/blog\/wp-content\/uploads\/2017\/02\/WeArt-6805-1024x683.jpg\" alt=\"weart-6805\" width=\"584\" height=\"389\" srcset=\"http:\/\/www.proma.com.br\/blog\/wp-content\/uploads\/2017\/02\/WeArt-6805-1024x683.jpg 1024w, http:\/\/www.proma.com.br\/blog\/wp-content\/uploads\/2017\/02\/WeArt-6805-960x640.jpg 960w, http:\/\/www.proma.com.br\/blog\/wp-content\/uploads\/2017\/02\/WeArt-6805-449x300.jpg 449w, http:\/\/www.proma.com.br\/blog\/wp-content\/uploads\/2017\/02\/WeArt-6805.jpg 2000w\" sizes=\"(max-width: 584px) 100vw, 584px\" \/><\/a><\/p>\n<p>O porcelanato <em>Marble Ferrara<\/em> branco com rajados cinza<em>, <\/em>por ter um acabamento marmorizado, pede tons mais discretos nos m\u00f3veis \u2013 por essa raz\u00e3o, todo o projeto de m\u00f3veis da sala ficou nesses tons, criando, assim, uma harmonia. Alguns detalhes que casam bem com esse tipo de acabamento foram adotados, como as mesas de centro da sala de estar no dourado e a bancada da ilha com o volume em cinza e a mesa, bem como as banquetas, no tom de madeira clara.<\/p>\n<p>Para dar \u00e0 churrasqueira, que integra o ambiente social, um toque mais requintado, Caroline optou por revesti-la com pastilhas metalizadas na cor prata.<\/p>\n<p><a href=\"http:\/\/www.proma.com.br\/blog\/wp-content\/uploads\/2017\/02\/WeArt-6810.jpg\"><img loading=\"lazy\" class=\"alignnone size-large wp-image-4396\" src=\"http:\/\/www.proma.com.br\/blog\/wp-content\/uploads\/2017\/02\/WeArt-6810-1024x683.jpg\" alt=\"weart-6810\" width=\"584\" height=\"389\" srcset=\"http:\/\/www.proma.com.br\/blog\/wp-content\/uploads\/2017\/02\/WeArt-6810-1024x683.jpg 1024w, http:\/\/www.proma.com.br\/blog\/wp-content\/uploads\/2017\/02\/WeArt-6810-960x640.jpg 960w, http:\/\/www.proma.com.br\/blog\/wp-content\/uploads\/2017\/02\/WeArt-6810-449x300.jpg 449w, http:\/\/www.proma.com.br\/blog\/wp-content\/uploads\/2017\/02\/WeArt-6810.jpg 2000w\" sizes=\"(max-width: 584px) 100vw, 584px\" \/><\/a><\/p>\n<p>A arquiteta enfatiza que, na cozinha, os m\u00f3veis foram elaborados com o sistema pist\u00e3o da H\u00e4fele, em que duas portas se abrem em formato sanfona. Para deixar o espa\u00e7o ainda mais sofisticado e leve, todos os eletrodom\u00e9sticos est\u00e3o embutidos e a coifa utilizada \u00e9 em formato tubular. \u201c\u00c9 importante destacar que no Lumina Residence existe sa\u00edda externa para as coifas, aumentando, assim, a efici\u00eancia do equipamento\u201d.<\/p>\n<p>A mesa de jantar com oito lugares, desenhada pela arquiteta, \u00e9 toda em laca cinza, harmonizando muito bem com as cadeiras em madeira \u201ccarvalho claro\u201d e estofados tamb\u00e9m na cor cinza. Acima, dois pendentes iguais com a estrutura met\u00e1lica e cristais trazem leveza ao ambiente. \u201cEsses pendentes, que s\u00e3o da marca italiana Mantra, t\u00eam 60 cm de di\u00e2metro \u2013 esse formato, que apareceu como tend\u00eancia no <em>Salone del Mobile Milano<\/em> desse ano, n\u00e3o \u00e9 comum, mas deixa o espa\u00e7o muito mais sofisticado\u201d, destaca.<\/p>\n<p>A bancada em ilha, planejada em silestone cor \u201calum\u00ednio nube\u201d e com as banquetas em madeira tamb\u00e9m na cor \u201ccarvalho claro\u201d, fica ainda mais charmosa com os pendentes com l\u00e2mpadas de filamento e bocal dourado. Outros detalhes que merecem aten\u00e7\u00e3o s\u00e3o: torre de tomada com o mecanismo de poder escond\u00ea-la quando n\u00e3o \u00e9 usada, lixeira de embutir, cuba dupla e <em>dispenser<\/em> de detergente. \u201cUm ambiente delicado, pr\u00e1tico e moderno para quem prioriza o bom gosto, a agilidade e a funcionalidade\u201d, salienta Caroline.<\/p>\n<p><strong><em>HOME THEATER<\/em><\/strong><\/p>\n<p><a href=\"http:\/\/www.proma.com.br\/blog\/wp-content\/uploads\/2017\/02\/WeArt-6824.jpg\"><img loading=\"lazy\" class=\"alignnone size-large wp-image-4397\" src=\"http:\/\/www.proma.com.br\/blog\/wp-content\/uploads\/2017\/02\/WeArt-6824-1024x683.jpg\" alt=\"weart-6824\" width=\"584\" height=\"389\" srcset=\"http:\/\/www.proma.com.br\/blog\/wp-content\/uploads\/2017\/02\/WeArt-6824-1024x683.jpg 1024w, http:\/\/www.proma.com.br\/blog\/wp-content\/uploads\/2017\/02\/WeArt-6824-960x640.jpg 960w, http:\/\/www.proma.com.br\/blog\/wp-content\/uploads\/2017\/02\/WeArt-6824-449x300.jpg 449w, http:\/\/www.proma.com.br\/blog\/wp-content\/uploads\/2017\/02\/WeArt-6824.jpg 2000w\" sizes=\"(max-width: 584px) 100vw, 584px\" \/><\/a><\/p>\n<p>O destaque do <em>home theater<\/em> est\u00e1 no revestimento cer\u00e2mico da parede, que trouxe eleg\u00e2ncia e sofistica\u00e7\u00e3o. \u201cEu n\u00e3o optei pelo papel de parede porque queria dar textura ao ambiente\u201d, explica. O painel e o m\u00f3vel em laca branca conciliam esteticamente com o sof\u00e1 e os dois puffs cinzas, criando uma atmosfera aconchegante. As duas mesas de centro douradas, desenhadas pela arquiteta, completam o espa\u00e7o.<\/p>\n<p><a href=\"http:\/\/www.proma.com.br\/blog\/wp-content\/uploads\/2017\/02\/WeArt-6863.jpg\"><img loading=\"lazy\" class=\"alignnone size-large wp-image-4408\" src=\"http:\/\/www.proma.com.br\/blog\/wp-content\/uploads\/2017\/02\/WeArt-6863-1024x683.jpg\" alt=\"weart-6863\" width=\"584\" height=\"389\" srcset=\"http:\/\/www.proma.com.br\/blog\/wp-content\/uploads\/2017\/02\/WeArt-6863-1024x683.jpg 1024w, http:\/\/www.proma.com.br\/blog\/wp-content\/uploads\/2017\/02\/WeArt-6863-960x640.jpg 960w, http:\/\/www.proma.com.br\/blog\/wp-content\/uploads\/2017\/02\/WeArt-6863-449x300.jpg 449w, http:\/\/www.proma.com.br\/blog\/wp-content\/uploads\/2017\/02\/WeArt-6863.jpg 2000w\" sizes=\"(max-width: 584px) 100vw, 584px\" \/><\/a><\/p>\n<p><strong>LAVABO<\/strong><\/p>\n<p><a href=\"http:\/\/www.proma.com.br\/blog\/wp-content\/uploads\/2017\/02\/WeArt-6833.jpg\"><img loading=\"lazy\" class=\"alignnone size-large wp-image-4398\" src=\"http:\/\/www.proma.com.br\/blog\/wp-content\/uploads\/2017\/02\/WeArt-6833-1024x1635.jpg\" alt=\"weart-6833\" width=\"584\" height=\"932\" srcset=\"http:\/\/www.proma.com.br\/blog\/wp-content\/uploads\/2017\/02\/WeArt-6833-1024x1635.jpg 1024w, http:\/\/www.proma.com.br\/blog\/wp-content\/uploads\/2017\/02\/WeArt-6833-960x1533.jpg 960w, http:\/\/www.proma.com.br\/blog\/wp-content\/uploads\/2017\/02\/WeArt-6833.jpg 1252w\" sizes=\"(max-width: 584px) 100vw, 584px\" \/><\/a><\/p>\n<p>O porcelanato <em>Marble Ferrara <\/em>revestiu o piso e as paredes do lavabo. \u201cEsse \u00e9 um diferencial do apartamento decorado\u201d, conta Caroline. A bancada em silestone cor \u201calum\u00ednio nube\u201d recebeu um espelho acima e uma cuba moldada na pr\u00f3pria pedra. Destaque para a torneira com sensor de aproxima\u00e7\u00e3o e para os pendentes dourados com l\u00e2mpada de filamento, que d\u00e3o um charme a mais ao espa\u00e7o.<\/p>\n<p><strong>SACADA<\/strong><\/p>\n<p><a href=\"http:\/\/www.proma.com.br\/blog\/wp-content\/uploads\/2017\/02\/WeArt-6866.jpg\"><img loading=\"lazy\" class=\"alignnone size-large wp-image-4409\" src=\"http:\/\/www.proma.com.br\/blog\/wp-content\/uploads\/2017\/02\/WeArt-6866-1024x683.jpg\" alt=\"weart-6866\" width=\"584\" height=\"389\" srcset=\"http:\/\/www.proma.com.br\/blog\/wp-content\/uploads\/2017\/02\/WeArt-6866-1024x683.jpg 1024w, http:\/\/www.proma.com.br\/blog\/wp-content\/uploads\/2017\/02\/WeArt-6866-960x640.jpg 960w, http:\/\/www.proma.com.br\/blog\/wp-content\/uploads\/2017\/02\/WeArt-6866-449x300.jpg 449w, http:\/\/www.proma.com.br\/blog\/wp-content\/uploads\/2017\/02\/WeArt-6866.jpg 2000w\" sizes=\"(max-width: 584px) 100vw, 584px\" \/><\/a><\/p>\n<p>A sacada com a laje em balan\u00e7o, que transpassa a leveza ao volume do edif\u00edcio, foi projetada com o revestimento cer\u00e2mico cinza \u2013 a mesma cor do teto \u2013, criando, assim, uma marca\u00e7\u00e3o nas linhas do edif\u00edcio.<\/p>\n<p>O charme da sacada continua no guarda-corpo escolhido para o Lumina Residence, uma novidade com muita tecnologia envolvida. O perfil de design alem\u00e3o da marca Q-Railing foi desenvolvido para ser fixado na parte externa da laje, sendo que o vidro est\u00e1 embutido nesse perfil. Esse sistema j\u00e1 foi usado em est\u00e1dios brasileiros de futebol, justamente para se ter uma vis\u00e3o limpa e sem barreiras. \u201cA Proma ser\u00e1 uma das primeiras empresas no Brasil a us\u00e1-lo em um edif\u00edcio residencial\u201d, esclarece.<\/p>\n<p>Caroline explica, ainda, que grande parte da ousadia do empreendimento estava na busca por esses vidros que revestem a fachada e na execu\u00e7\u00e3o da sacada com a laje <em>slim. <\/em>\u201cNosso objetivo principal era dar movimento ao pr\u00e9dio e, por essa raz\u00e3o, foi necess\u00e1rio o envolvimento permanente do setor de engenharia na busca por solu\u00e7\u00f5es\u201d.<\/p>\n<p>A arquiteta salienta que a espessura da laje e a forma de execut\u00e1-la tamb\u00e9m envolveu muita pesquisa. \u201cN\u00f3s precis\u00e1vamos de ralos lineares embutidos na pr\u00f3pria laje, que est\u00e1 em balan\u00e7o, ou seja, as vigas de contorno ficaram no corpo do edif\u00edcio. Toda a equipe se envolveu muito para que o Lumina deixasse de ser somente um projeto e virasse realidade\u201d, afirma.<\/p>\n<p><strong>\u00c1REA DE SERVI\u00c7O<\/strong><\/p>\n<p><a href=\"http:\/\/www.proma.com.br\/blog\/wp-content\/uploads\/2017\/02\/WeArt-6830.jpg\"><img loading=\"lazy\" class=\"alignnone size-large wp-image-4399\" src=\"http:\/\/www.proma.com.br\/blog\/wp-content\/uploads\/2017\/02\/WeArt-6830-1024x1535.jpg\" alt=\"weart-6830\" width=\"584\" height=\"875\" srcset=\"http:\/\/www.proma.com.br\/blog\/wp-content\/uploads\/2017\/02\/WeArt-6830-1024x1535.jpg 1024w, http:\/\/www.proma.com.br\/blog\/wp-content\/uploads\/2017\/02\/WeArt-6830-960x1439.jpg 960w, http:\/\/www.proma.com.br\/blog\/wp-content\/uploads\/2017\/02\/WeArt-6830-200x300.jpg 200w, http:\/\/www.proma.com.br\/blog\/wp-content\/uploads\/2017\/02\/WeArt-6830.jpg 1334w\" sizes=\"(max-width: 584px) 100vw, 584px\" \/><\/a><\/p>\n<p>Espa\u00e7osa e bem pensada, a \u00e1rea de servi\u00e7o do apartamento decorado tem arm\u00e1rios que garantem a organiza\u00e7\u00e3o e a funcionalidade. \u201cPlanejei um arm\u00e1rio suspenso com l\u00e2mpadas embaixo para garantir a luminosidade da bancada de trabalho\u201d, declara.<\/p>\n<p>Num espa\u00e7o \u00e0 parte da \u00e1rea de servi\u00e7o concentra-se a laje t\u00e9cnica \u2013 um local destinado para a m\u00e1quina externa do ar condicionado. \u201cN\u00f3s planejamos um gradil para escond\u00ea-la, mas que \u00e9 muito bem ventilado para garantir a efici\u00eancia do equipamento\u201d, enfatiza Caroline<\/p>\n<p><strong>DEMI-SU\u00cdTE MASCULINA<\/strong><\/p>\n<p><a href=\"http:\/\/www.proma.com.br\/blog\/wp-content\/uploads\/2017\/02\/WeArt-6834.jpg\"><img loading=\"lazy\" class=\"alignnone size-large wp-image-4400\" src=\"http:\/\/www.proma.com.br\/blog\/wp-content\/uploads\/2017\/02\/WeArt-6834-1024x683.jpg\" alt=\"weart-6834\" width=\"584\" height=\"389\" srcset=\"http:\/\/www.proma.com.br\/blog\/wp-content\/uploads\/2017\/02\/WeArt-6834-1024x683.jpg 1024w, http:\/\/www.proma.com.br\/blog\/wp-content\/uploads\/2017\/02\/WeArt-6834-960x640.jpg 960w, http:\/\/www.proma.com.br\/blog\/wp-content\/uploads\/2017\/02\/WeArt-6834-449x300.jpg 449w, http:\/\/www.proma.com.br\/blog\/wp-content\/uploads\/2017\/02\/WeArt-6834.jpg 2000w\" sizes=\"(max-width: 584px) 100vw, 584px\" \/><\/a><\/p>\n<p>Caroline optou pelo laminado em todos os quartos, tornando os ambientes ainda mais aconchegantes.<\/p>\n<p>Na demi-su\u00edte masculina, a ideia foi criar um quarto moderno. O papel de parede branco, neutro, contrasta muito bem com o tom grafite das demais paredes, com o arm\u00e1rio em laca branca e vidro <em>milk<\/em>, com a cortina em cetim branco e, principalmente, com o painel de madeira, que foi planejado com escrivaninha e televis\u00e3o.<\/p>\n<p>O destaque fica para a cadeira com o tecido azul <em>serenity<\/em>, tend\u00eancia tamb\u00e9m apresentada no Sal\u00e3o do M\u00f3vel de Mil\u00e3o 2016. \u201cOutro item que merece aten\u00e7\u00e3o \u00e9 a cama \u2013 dessa vez, optamos por um colch\u00e3o de 1,28 metros (meio termo entre uma cama de solteiro e de casal) com base em laca cinza para que pud\u00e9ssemos agregar mais gavetas como forma de criar mais espa\u00e7os de organiza\u00e7\u00e3o\u201d, comenta Caroline.<\/p>\n<p><strong>DEMI-SU\u00cdTE FEMININA<\/strong><\/p>\n<p><a href=\"http:\/\/www.proma.com.br\/blog\/wp-content\/uploads\/2017\/02\/WeArt-6841.jpg\"><img loading=\"lazy\" class=\"alignnone size-large wp-image-4402\" src=\"http:\/\/www.proma.com.br\/blog\/wp-content\/uploads\/2017\/02\/WeArt-6841-1024x683.jpg\" alt=\"weart-6841\" width=\"584\" height=\"389\" srcset=\"http:\/\/www.proma.com.br\/blog\/wp-content\/uploads\/2017\/02\/WeArt-6841-1024x683.jpg 1024w, http:\/\/www.proma.com.br\/blog\/wp-content\/uploads\/2017\/02\/WeArt-6841-960x640.jpg 960w, http:\/\/www.proma.com.br\/blog\/wp-content\/uploads\/2017\/02\/WeArt-6841-449x300.jpg 449w, http:\/\/www.proma.com.br\/blog\/wp-content\/uploads\/2017\/02\/WeArt-6841.jpg 2000w\" sizes=\"(max-width: 584px) 100vw, 584px\" \/><\/a> <a href=\"http:\/\/www.proma.com.br\/blog\/wp-content\/uploads\/2017\/02\/WeArt-6842.jpg\"><img loading=\"lazy\" class=\"alignnone size-large wp-image-4403\" src=\"http:\/\/www.proma.com.br\/blog\/wp-content\/uploads\/2017\/02\/WeArt-6842-1024x683.jpg\" alt=\"weart-6842\" width=\"584\" height=\"389\" srcset=\"http:\/\/www.proma.com.br\/blog\/wp-content\/uploads\/2017\/02\/WeArt-6842-1024x683.jpg 1024w, http:\/\/www.proma.com.br\/blog\/wp-content\/uploads\/2017\/02\/WeArt-6842-960x640.jpg 960w, http:\/\/www.proma.com.br\/blog\/wp-content\/uploads\/2017\/02\/WeArt-6842-449x300.jpg 449w, http:\/\/www.proma.com.br\/blog\/wp-content\/uploads\/2017\/02\/WeArt-6842.jpg 2000w\" sizes=\"(max-width: 584px) 100vw, 584px\" \/><\/a><\/p>\n<p>A arquiteta descreve esse espa\u00e7o como o \u201cquarto dos sonhos de uma menina\u201d. Meigo e acolhedor, o espa\u00e7o apresenta as tend\u00eancias de <em>design<\/em> e decora\u00e7\u00e3o do momento.<\/p>\n<p>O arm\u00e1rio branco, com portas de vidro transparentes, ficou ainda mais encantador com os puxadores dourados. As paredes na cor cinza claro harmonizam com o rodameio em laca branca que circunda todo o quarto e com a cortina em cetim branco. Acima da escrivaninha, tamb\u00e9m branca, o nicho todo revestido em espelho traz ainda mais leveza ao ambiente, bem como a cadeira no tom rosa <em>quartzo<\/em> e o abajur com a base dourada. \u201cA cama tamb\u00e9m foi pensada diferente: somente as gavetas s\u00e3o em laca cinza, porque todo o restante foi revestido em tecido tamb\u00e9m cinza\u201d.<\/p>\n<p><strong>BANHEIRO DA DEMI-SU\u00cdTE<\/strong><\/p>\n<p><a href=\"http:\/\/www.proma.com.br\/blog\/wp-content\/uploads\/2017\/02\/WeArt-6839.jpg\"><img loading=\"lazy\" class=\"alignnone size-large wp-image-4401\" src=\"http:\/\/www.proma.com.br\/blog\/wp-content\/uploads\/2017\/02\/WeArt-6839-1024x683.jpg\" alt=\"weart-6839\" width=\"584\" height=\"389\" srcset=\"http:\/\/www.proma.com.br\/blog\/wp-content\/uploads\/2017\/02\/WeArt-6839-1024x683.jpg 1024w, http:\/\/www.proma.com.br\/blog\/wp-content\/uploads\/2017\/02\/WeArt-6839-960x640.jpg 960w, http:\/\/www.proma.com.br\/blog\/wp-content\/uploads\/2017\/02\/WeArt-6839-449x300.jpg 449w, http:\/\/www.proma.com.br\/blog\/wp-content\/uploads\/2017\/02\/WeArt-6839.jpg 2000w\" sizes=\"(max-width: 584px) 100vw, 584px\" \/><\/a><\/p>\n<p>O revestimento cinza casa muito bem com o m\u00f3vel branco e o espelho com nichos tamb\u00e9m em espelho e com ilumina\u00e7\u00e3o. O destaque fica para os espelhos anexos \u00e0s portas de correr de cada um dos quartos (masculino e feminino).<\/p>\n<p><strong>SU\u00cdTE M\u00c1STER<\/strong><\/p>\n<p><a href=\"http:\/\/www.proma.com.br\/blog\/wp-content\/uploads\/2017\/02\/WeArt-6846.jpg\"><img loading=\"lazy\" class=\"alignnone size-large wp-image-4404\" src=\"http:\/\/www.proma.com.br\/blog\/wp-content\/uploads\/2017\/02\/WeArt-6846-1024x683.jpg\" alt=\"weart-6846\" width=\"584\" height=\"389\" srcset=\"http:\/\/www.proma.com.br\/blog\/wp-content\/uploads\/2017\/02\/WeArt-6846-1024x683.jpg 1024w, http:\/\/www.proma.com.br\/blog\/wp-content\/uploads\/2017\/02\/WeArt-6846-960x640.jpg 960w, http:\/\/www.proma.com.br\/blog\/wp-content\/uploads\/2017\/02\/WeArt-6846-449x300.jpg 449w, http:\/\/www.proma.com.br\/blog\/wp-content\/uploads\/2017\/02\/WeArt-6846.jpg 2000w\" sizes=\"(max-width: 584px) 100vw, 584px\" \/><\/a><\/p>\n<p>O <em>closet<\/em> separado do quarto \u00e9 o primeiro sinal de um ambiente projetado com requinte e muita sofistica\u00e7\u00e3o. Os arm\u00e1rios na cor madeira contam com portas com perfil grafite e vidro reflecta prata. \u201cA ideia \u00e9 dar transpar\u00eancia, mas sem precisar mostrar o conte\u00fado interno dos arm\u00e1rios\u201d, explana Caroline. As prateleiras de vidro receberam fita de LED e as gavetas tamb\u00e9m foram agraciadas com detalhes em vidro.<\/p>\n<p><a href=\"http:\/\/www.proma.com.br\/blog\/wp-content\/uploads\/2017\/02\/WeArt-6845.jpg\"><img loading=\"lazy\" class=\"alignnone size-large wp-image-4406\" src=\"http:\/\/www.proma.com.br\/blog\/wp-content\/uploads\/2017\/02\/WeArt-6845-1024x683.jpg\" alt=\"weart-6845\" width=\"584\" height=\"389\" srcset=\"http:\/\/www.proma.com.br\/blog\/wp-content\/uploads\/2017\/02\/WeArt-6845-1024x683.jpg 1024w, http:\/\/www.proma.com.br\/blog\/wp-content\/uploads\/2017\/02\/WeArt-6845-960x640.jpg 960w, http:\/\/www.proma.com.br\/blog\/wp-content\/uploads\/2017\/02\/WeArt-6845-449x300.jpg 449w, http:\/\/www.proma.com.br\/blog\/wp-content\/uploads\/2017\/02\/WeArt-6845.jpg 2000w\" sizes=\"(max-width: 584px) 100vw, 584px\" \/><\/a><\/p>\n<p>A penteadeira com luzes de camarim tamb\u00e9m merece destaque. \u201cAs l\u00e2mpadas bulbo de LED oferecem bastante luminosidade, n\u00e3o esquentam tanto e s\u00e3o as mais apropriadas para a maquiagem\u201d, enfatiza a arquiteta.<\/p>\n<p><a href=\"http:\/\/www.proma.com.br\/blog\/wp-content\/uploads\/2017\/02\/WeArt-6852.jpg\"><img loading=\"lazy\" class=\"alignnone size-large wp-image-4405\" src=\"http:\/\/www.proma.com.br\/blog\/wp-content\/uploads\/2017\/02\/WeArt-6852-1024x1535.jpg\" alt=\"weart-6852\" width=\"584\" height=\"875\" srcset=\"http:\/\/www.proma.com.br\/blog\/wp-content\/uploads\/2017\/02\/WeArt-6852-1024x1535.jpg 1024w, http:\/\/www.proma.com.br\/blog\/wp-content\/uploads\/2017\/02\/WeArt-6852-960x1439.jpg 960w, http:\/\/www.proma.com.br\/blog\/wp-content\/uploads\/2017\/02\/WeArt-6852-200x300.jpg 200w, http:\/\/www.proma.com.br\/blog\/wp-content\/uploads\/2017\/02\/WeArt-6852.jpg 1334w\" sizes=\"(max-width: 584px) 100vw, 584px\" \/><\/a><\/p>\n<p>O banheiro contempla um painel todo em espelho, com portinhas que visam \u00e0 organiza\u00e7\u00e3o. Caroline projetou uma arandela linear (lumin\u00e1ria de parede) com l\u00e2mpadas de LED e a bancada com granito ganhou uma torneira com misturadores de \u00e1gua que possibilitam fugir do padr\u00e3o das posi\u00e7\u00f5es dos comandos. O box com roldana inox e puxador deixou o ambiente ainda mais bonito.<\/p>\n<p><a href=\"http:\/\/www.proma.com.br\/blog\/wp-content\/uploads\/2017\/02\/WeArt-6856.jpg\"><img loading=\"lazy\" class=\"alignnone size-large wp-image-4410\" src=\"http:\/\/www.proma.com.br\/blog\/wp-content\/uploads\/2017\/02\/WeArt-6856-1024x683.jpg\" alt=\"weart-6856\" width=\"584\" height=\"389\" srcset=\"http:\/\/www.proma.com.br\/blog\/wp-content\/uploads\/2017\/02\/WeArt-6856-1024x683.jpg 1024w, http:\/\/www.proma.com.br\/blog\/wp-content\/uploads\/2017\/02\/WeArt-6856-960x640.jpg 960w, http:\/\/www.proma.com.br\/blog\/wp-content\/uploads\/2017\/02\/WeArt-6856-449x300.jpg 449w, http:\/\/www.proma.com.br\/blog\/wp-content\/uploads\/2017\/02\/WeArt-6856.jpg 2000w\" sizes=\"(max-width: 584px) 100vw, 584px\" \/><\/a><\/p>\n<p>No quarto, o piso e o painel da televis\u00e3o receberam o mesmo revestimento para deixar o ambiente mais sofisticado. As paredes cinzas contrastam com os espelhos que revestem o <em>closet<\/em> \u2013 proporcionando leveza \u2013 e com a cabeceira da cama em tecido capiton\u00ea cinza. A base da cama, pintada em laca cinza, tamb\u00e9m possui gavetas para contribuir com a organiza\u00e7\u00e3o\u201d, finaliza Caroline.<\/p>\n<p><strong>\u00a0<\/strong><strong>Fotos:<\/strong> Chan<\/p>\n","protected":false},"excerpt":{"rendered":"<p>Na sacada do d\u00e9cimo andar a vista impressiona. A cidade \u00e9 ainda mais bela quando se est\u00e1 no alto. Paisagens sem barreiras \u2013 as montanhas se aproximam, a cor verde das \u00e1rvores se acentua e parece que \u00e9 quase poss\u00edvel&hellip;<\/p>\n","protected":false},"author":2,"featured_media":4393,"comment_status":"open","ping_status":"closed","sticky":false,"template":"","format":"standard","meta":[],"categories":[1,5,3],"tags":[69,2626,2325,2217],"_links":{"self":[{"href":"http:\/\/www.proma.com.br\/blog\/wp-json\/wp\/v2\/posts\/4390"}],"collection":[{"href":"http:\/\/www.proma.com.br\/blog\/wp-json\/wp\/v2\/posts"}],"about":[{"href":"http:\/\/www.proma.com.br\/blog\/wp-json\/wp\/v2\/types\/post"}],"author":[{"embeddable":true,"href":"http:\/\/www.proma.com.br\/blog\/wp-json\/wp\/v2\/users\/2"}],"replies":[{"embeddable":true,"href":"http:\/\/www.proma.com.br\/blog\/wp-json\/wp\/v2\/comments?post=4390"}],"version-history":[{"count":4,"href":"http:\/\/www.proma.com.br\/blog\/wp-json\/wp\/v2\/posts\/4390\/revisions"}],"predecessor-version":[{"id":4392,"href":"http:\/\/www.proma.com.br\/blog\/wp-json\/wp\/v2\/posts\/4390\/revisions\/4392"}],"wp:featuredmedia":[{"embeddable":true,"href":"http:\/\/www.proma.com.br\/blog\/wp-json\/wp\/v2\/media\/4393"}],"wp:attachment":[{"href":"http:\/\/www.proma.com.br\/blog\/wp-json\/wp\/v2\/media?parent=4390"}],"wp:term":[{"taxonomy":"category","embeddable":true,"href":"http:\/\/www.proma.com.br\/blog\/wp-json\/wp\/v2\/categories?post=4390"},{"taxonomy":"post_tag","embeddable":true,"href":"http:\/\/www.proma.com.br\/blog\/wp-json\/wp\/v2\/tags?post=4390"}],"curies":[{"name":"wp","href":"https:\/\/api.w.org\/{rel}","templated":true}]}}