{"id":4492,"date":"2017-04-04T15:08:34","date_gmt":"2017-04-04T18:08:34","guid":{"rendered":"http:\/\/www.proma.com.br\/blog\/?p=4492"},"modified":"2017-07-10T23:18:57","modified_gmt":"2017-07-11T02:18:57","slug":"lumina-residence-empreendimento-de-alto-padrao-da-proma-foi-feito-sem-limites-para-sonhar","status":"publish","type":"post","link":"http:\/\/www.proma.com.br\/blog\/lumina-residence-empreendimento-de-alto-padrao-da-proma-foi-feito-sem-limites-para-sonhar\/","title":{"rendered":"LUMINA RESIDENCE: EMPREENDIMENTO DE ALTO PADR\u00c3O DA PROMA FOI FEITO SEM LIMITES PARA SONHAR"},"content":{"rendered":"<p>O Lumina Residence, que est\u00e1 em fase de constru\u00e7\u00e3o na rua Arthur Gumz, no bairro Vila Nova \u2013 uma regi\u00e3o privilegiada por estar a poucos minutos do centro \u2013, contemplar\u00e1 30 apartamentos. S\u00e3o duas coberturas <em>duplex <\/em>(\u00e1rea privativa de 202,87 m\u00b2), dois apartamentos <em>garden <\/em>(\u00e1rea privativa de 123,80 m\u00b2), al\u00e9m dos apartamentos convencionais (ou padr\u00e3o) com plantas de 127 m\u00b2 a 131 m\u00b2 de \u00e1rea privativa, cujos detalhes foram pensados para tornar cada ambiente ainda mais requintado e acolhedor: forro de gesso, massa corrida, piso laminado nos quartos, portas em laca branca, porcelanato no ambiente social e esquadrias de alum\u00ednio.<\/p>\n<p><a href=\"http:\/\/www.proma.com.br\/blog\/wp-content\/uploads\/2017\/02\/WeArt-6804.jpg\"><img loading=\"lazy\" class=\"alignnone size-large wp-image-4393\" src=\"http:\/\/www.proma.com.br\/blog\/wp-content\/uploads\/2017\/02\/WeArt-6804-1024x704.jpg\" alt=\"weart-6804\" width=\"584\" height=\"401\" srcset=\"http:\/\/www.proma.com.br\/blog\/wp-content\/uploads\/2017\/02\/WeArt-6804-1024x704.jpg 1024w, http:\/\/www.proma.com.br\/blog\/wp-content\/uploads\/2017\/02\/WeArt-6804-960x660.jpg 960w, http:\/\/www.proma.com.br\/blog\/wp-content\/uploads\/2017\/02\/WeArt-6804-436x300.jpg 436w, http:\/\/www.proma.com.br\/blog\/wp-content\/uploads\/2017\/02\/WeArt-6804.jpg 2000w\" sizes=\"(max-width: 584px) 100vw, 584px\" \/><\/a><\/p>\n<p>Todos os apartamentos contar\u00e3o com sacada, lavanderia, lavabo, cozinha com churrasqueira, sala de jantar e <em>home theater<\/em>. A diferen\u00e7a entre as unidades est\u00e1 no n\u00famero de vagas de garagem (duas ou tr\u00eas) e de quartos, que podem ser tr\u00eas su\u00edtes ou duas demi-su\u00edtes e uma su\u00edte. Outros diferenciais s\u00e3o encontrados nas coberturas <em>duplex<\/em>, que oferecer\u00e3o terra\u00e7o com spa, e nos apartamentos <em>garden<\/em>, que contar\u00e3o com terra\u00e7o (<em>garden<\/em>).<\/p>\n<p><a href=\"http:\/\/www.proma.com.br\/blog\/wp-content\/uploads\/2017\/02\/WeArt-6810.jpg\"><img loading=\"lazy\" class=\"alignnone size-large wp-image-4396\" src=\"http:\/\/www.proma.com.br\/blog\/wp-content\/uploads\/2017\/02\/WeArt-6810-1024x683.jpg\" alt=\"weart-6810\" width=\"584\" height=\"389\" srcset=\"http:\/\/www.proma.com.br\/blog\/wp-content\/uploads\/2017\/02\/WeArt-6810-1024x683.jpg 1024w, http:\/\/www.proma.com.br\/blog\/wp-content\/uploads\/2017\/02\/WeArt-6810-960x640.jpg 960w, http:\/\/www.proma.com.br\/blog\/wp-content\/uploads\/2017\/02\/WeArt-6810-449x300.jpg 449w, http:\/\/www.proma.com.br\/blog\/wp-content\/uploads\/2017\/02\/WeArt-6810.jpg 2000w\" sizes=\"(max-width: 584px) 100vw, 584px\" \/><\/a><\/p>\n<p>A \u00e1rea social do empreendimento contempla <em>hall <\/em>e sal\u00e3o de festas decorados, entrada arborizada e com chafariz, piscina aquecida, <em>fitness <\/em>(academia equipada, climatizada e com ampla vista da cidade para que os moradores possam cuidar da sa\u00fade com comodidade e praticidade) e brinquedoteca (espa\u00e7o infantil descontra\u00eddo e l\u00fadico para as crian\u00e7as darem asas \u00e0 imagina\u00e7\u00e3o).<\/p>\n<p><strong>Um lar <em>high-tech<\/em><\/strong><\/p>\n<p>Conforto e economia, seguran\u00e7a e praticidade, requinte e tranquilidade, entretenimento e interatividade, comodidade e confiabilidade \u2013 s\u00e3o nesses atributos que a automa\u00e7\u00e3o residencial ganha configura\u00e7\u00e3o personalizada e encontra espa\u00e7o para racionalizar o consumo de energia, oferecer mais qualidade de vida, reduzir o trabalho dom\u00e9stico, al\u00e9m de aumentar o bem-estar e a produtividade por meio de uma interface intuitiva.<\/p>\n<p><a href=\"http:\/\/www.proma.com.br\/blog\/wp-content\/uploads\/2017\/02\/WeArt-6863.jpg\"><img loading=\"lazy\" class=\"alignnone size-large wp-image-4408\" src=\"http:\/\/www.proma.com.br\/blog\/wp-content\/uploads\/2017\/02\/WeArt-6863-1024x683.jpg\" alt=\"weart-6863\" width=\"584\" height=\"389\" srcset=\"http:\/\/www.proma.com.br\/blog\/wp-content\/uploads\/2017\/02\/WeArt-6863-1024x683.jpg 1024w, http:\/\/www.proma.com.br\/blog\/wp-content\/uploads\/2017\/02\/WeArt-6863-960x640.jpg 960w, http:\/\/www.proma.com.br\/blog\/wp-content\/uploads\/2017\/02\/WeArt-6863-449x300.jpg 449w, http:\/\/www.proma.com.br\/blog\/wp-content\/uploads\/2017\/02\/WeArt-6863.jpg 2000w\" sizes=\"(max-width: 584px) 100vw, 584px\" \/><\/a><\/p>\n<p>No Lumina Residence a tecnologia \u00e9 aliada do morador. Os apartamentos <em>high tech <\/em>ser\u00e3o entregues com fechaduras biom\u00e9tricas na porta de entrada, com tomadas preparadas para instala\u00e7\u00e3o de m\u00e1quina de aspira\u00e7\u00e3o central, com espera para ar condicionado em todos os ambientes e com vidros de alta performance. Os ambientes da \u00e1rea social dos apartamentos tamb\u00e9m s\u00e3o preparados para a automa\u00e7\u00e3o residencial, a qual possibilita acionar persianas, controlar a ilumina\u00e7\u00e3o e o som ambiente por meio de <em>tablets <\/em>e <em>smartphones.<\/em><\/p>\n<p>Para o engenheiro Paulo Obenaus, diretor da Proma, a constru\u00e7\u00e3o civil n\u00e3o pode ficar alheia aos avan\u00e7os tecnol\u00f3gicos. \u201cQueremos que o Lumina Residence seja um novo lugar para que sonhos sejam concretizados e a felicidade seja uma constante. A ideia de oferecer apartamentos <em>high tech <\/em>mostra o diferencial de um projeto que agrega valor. A proposta \u00e9 inovadora e ousada porque faz parte da nossa miss\u00e3o surpreender os nossos clientes\u201d, esclarece.<\/p>\n<p><a href=\"http:\/\/www.proma.com.br\/blog\/wp-content\/uploads\/2017\/02\/WeArt-6852.jpg\"><img loading=\"lazy\" class=\"alignnone size-large wp-image-4405\" src=\"http:\/\/www.proma.com.br\/blog\/wp-content\/uploads\/2017\/02\/WeArt-6852-1024x1535.jpg\" alt=\"weart-6852\" width=\"584\" height=\"875\" srcset=\"http:\/\/www.proma.com.br\/blog\/wp-content\/uploads\/2017\/02\/WeArt-6852-1024x1535.jpg 1024w, http:\/\/www.proma.com.br\/blog\/wp-content\/uploads\/2017\/02\/WeArt-6852-960x1439.jpg 960w, http:\/\/www.proma.com.br\/blog\/wp-content\/uploads\/2017\/02\/WeArt-6852-200x300.jpg 200w, http:\/\/www.proma.com.br\/blog\/wp-content\/uploads\/2017\/02\/WeArt-6852.jpg 1334w\" sizes=\"(max-width: 584px) 100vw, 584px\" \/><\/a><\/p>\n<p><strong>Controle de ilumina\u00e7\u00e3o: um show tecnol\u00f3gico \u00e0 parte<\/strong><\/p>\n<p>O projeto arquitet\u00f4nico do Lumina Residence \u00e9 arrojado e perfeito para a aplica\u00e7\u00e3o do conceito de controle de ilumina\u00e7\u00e3o porque foi planejado com grandes aberturas para proporcionar a entrada da luz natural da fachada e a vis\u00e3o sem barreiras da cidade.<\/p>\n<p>O sistema \u00e9 composto por uma central de controle, com bot\u00f5es que ajustam a intensidade dos circuitos de ilumina\u00e7\u00e3o dos ambientes \u2013 sala de jantar, cozinha com churrasqueira e sala de jantar \u2013 de forma individual ou por meio de teclas com legendas dos cen\u00e1rios escolhidos pelo morador. Tamb\u00e9m \u00e9 poss\u00edvel acionar as persianas motorizadas no mesmo equipamento, centralizando os comandos para facilitar a opera\u00e7\u00e3o.<\/p>\n<p><a href=\"http:\/\/www.proma.com.br\/blog\/wp-content\/uploads\/2017\/02\/WeArt-6811.jpg\"><img loading=\"lazy\" class=\"alignnone size-large wp-image-4394\" src=\"http:\/\/www.proma.com.br\/blog\/wp-content\/uploads\/2017\/02\/WeArt-6811-1024x683.jpg\" alt=\"weart-6811\" width=\"584\" height=\"389\" srcset=\"http:\/\/www.proma.com.br\/blog\/wp-content\/uploads\/2017\/02\/WeArt-6811-1024x683.jpg 1024w, http:\/\/www.proma.com.br\/blog\/wp-content\/uploads\/2017\/02\/WeArt-6811-960x640.jpg 960w, http:\/\/www.proma.com.br\/blog\/wp-content\/uploads\/2017\/02\/WeArt-6811-449x300.jpg 449w, http:\/\/www.proma.com.br\/blog\/wp-content\/uploads\/2017\/02\/WeArt-6811.jpg 2000w\" sizes=\"(max-width: 584px) 100vw, 584px\" \/><\/a><\/p>\n<p><strong>Moradia mais confort\u00e1vel e eficiente<\/strong><\/p>\n<p>Apartamentos 52% mais confort\u00e1veis e 31% mais eficientes \u2013 representando uma economia m\u00e9dia de R$ 163,00 na conta mensal de energia por unidade. Redu\u00e7\u00e3o de 40% (em dinheiro, pode chegar a R$ 10 mil) do valor da instala\u00e7\u00e3o do sistema de ar condicionado e de 58% do consumo energ\u00e9tico do condom\u00ednio em rela\u00e7\u00e3o aos edif\u00edcios convencionais. Os n\u00fameros surpreendem. O Lumina Residence encanta.<\/p>\n<p>De acordo com Bruno Cerqueira Martinez, diretor t\u00e9cnico da Petinelli (empresa de engenharia e consultoria t\u00e9cnica em constru\u00e7\u00e3o sustent\u00e1vel), de Curitiba, esses resultados s\u00e3o poss\u00edveis porque a Proma avaliou, ainda na fase do projeto, as medidas de efici\u00eancia energ\u00e9tica e decidiu pelos itens que trar\u00e3o mais benef\u00edcios e conforto aos moradores. S\u00e3o eles: vidros de alta performance, sombreamento racional, cores claras nos acabamentos externos, al\u00e9m de ilumina\u00e7\u00e3o em LED e sistema de ar condicionado com tecnologia inverter nas \u00e1reas comuns.<\/p>\n<p><a href=\"http:\/\/www.proma.com.br\/blog\/wp-content\/uploads\/2017\/02\/WeArt-6805.jpg\"><img loading=\"lazy\" class=\"alignnone size-large wp-image-4395\" src=\"http:\/\/www.proma.com.br\/blog\/wp-content\/uploads\/2017\/02\/WeArt-6805-1024x683.jpg\" alt=\"weart-6805\" width=\"584\" height=\"389\" srcset=\"http:\/\/www.proma.com.br\/blog\/wp-content\/uploads\/2017\/02\/WeArt-6805-1024x683.jpg 1024w, http:\/\/www.proma.com.br\/blog\/wp-content\/uploads\/2017\/02\/WeArt-6805-960x640.jpg 960w, http:\/\/www.proma.com.br\/blog\/wp-content\/uploads\/2017\/02\/WeArt-6805-449x300.jpg 449w, http:\/\/www.proma.com.br\/blog\/wp-content\/uploads\/2017\/02\/WeArt-6805.jpg 2000w\" sizes=\"(max-width: 584px) 100vw, 584px\" \/><\/a><\/p>\n<p>Martinez explica que a Proma solicitou um completo estudo de viabilidade t\u00e9cnico-financeira para a escolha dos vidros, do sistema construtivo, do isolamento t\u00e9rmico e da envolt\u00f3ria do empreendimento. \u201cHoje, existem <em>softwares<\/em> que s\u00e3o capazes de simular o comportamento t\u00e9rmico e energ\u00e9tico de um edif\u00edcio. Dinamicamente, \u00e9 poss\u00edvel avaliar as alternativas e propor a melhor solu\u00e7\u00e3o na fase de projeto de uma constru\u00e7\u00e3o\u201d, destaca.<\/p>\n<p>No que diz respeito aos vidros, \u00e9 importante enfatizar que para cada tipologia de edif\u00edcio, orienta\u00e7\u00e3o, \u00e1rea, sombreamento e clima existe uma rela\u00e7\u00e3o ideal de bloqueio de calor e entrada de ilumina\u00e7\u00e3o natural. \u201cOs vidros do Lumina Residence foram cuidadosamente selecionados para otimizar essa rela\u00e7\u00e3o \u2013 nos locais em que temos maior \u00e1rea de vidro haver\u00e1 um bloqueio de at\u00e9 60% da radia\u00e7\u00e3o solar. Essa escolha foi embasada nos resultados da simula\u00e7\u00e3o\u201d, salienta.<\/p>\n<p>Desempenho, beleza, inova\u00e7\u00e3o, tecnologia, qualidade e pre\u00e7o \u2013 na opini\u00e3o de Martinez, o Lumina Residence \u00e9 um <em>case <\/em>de sucesso em Santa Catarina. \u201cA Proma \u00e9 uma construtora inovadora e que sempre busca novidades no mercado para oferecer o que h\u00e1 de melhor para o seu cliente. O Lumina Residence \u00e9 resultado dessa vis\u00e3o. Em um mercado que est\u00e1 acostumado a fornecer e receber produtos de qualidade duvidosa, a Proma estabelece um novo patamar de qualidade ao construir esse empreendimento\u201d, ressalta.<\/p>\n<p>Conhe\u00e7a o apartamento decorado e encante-se! Nosso setor comercial est\u00e1 \u00e0 sua disposi\u00e7\u00e3o.<\/p>\n<p><strong><a href=\"http:\/\/www.proma.com.br\/blog\/wp-content\/uploads\/2017\/02\/WeArt-6846.jpg\"><img loading=\"lazy\" class=\"alignnone size-large wp-image-4404\" src=\"http:\/\/www.proma.com.br\/blog\/wp-content\/uploads\/2017\/02\/WeArt-6846-1024x683.jpg\" alt=\"weart-6846\" width=\"584\" height=\"389\" srcset=\"http:\/\/www.proma.com.br\/blog\/wp-content\/uploads\/2017\/02\/WeArt-6846-1024x683.jpg 1024w, http:\/\/www.proma.com.br\/blog\/wp-content\/uploads\/2017\/02\/WeArt-6846-960x640.jpg 960w, http:\/\/www.proma.com.br\/blog\/wp-content\/uploads\/2017\/02\/WeArt-6846-449x300.jpg 449w, http:\/\/www.proma.com.br\/blog\/wp-content\/uploads\/2017\/02\/WeArt-6846.jpg 2000w\" sizes=\"(max-width: 584px) 100vw, 584px\" \/><\/a><a href=\"http:\/\/www.proma.com.br\/blog\/wp-content\/uploads\/2017\/02\/WeArt-6842.jpg\"><img loading=\"lazy\" class=\"alignnone size-large wp-image-4403\" src=\"http:\/\/www.proma.com.br\/blog\/wp-content\/uploads\/2017\/02\/WeArt-6842-1024x683.jpg\" alt=\"weart-6842\" width=\"584\" height=\"389\" srcset=\"http:\/\/www.proma.com.br\/blog\/wp-content\/uploads\/2017\/02\/WeArt-6842-1024x683.jpg 1024w, http:\/\/www.proma.com.br\/blog\/wp-content\/uploads\/2017\/02\/WeArt-6842-960x640.jpg 960w, http:\/\/www.proma.com.br\/blog\/wp-content\/uploads\/2017\/02\/WeArt-6842-449x300.jpg 449w, http:\/\/www.proma.com.br\/blog\/wp-content\/uploads\/2017\/02\/WeArt-6842.jpg 2000w\" sizes=\"(max-width: 584px) 100vw, 584px\" \/><\/a><a href=\"http:\/\/www.proma.com.br\/blog\/wp-content\/uploads\/2017\/02\/WeArt-6841.jpg\"><img loading=\"lazy\" class=\"alignnone size-large wp-image-4402\" src=\"http:\/\/www.proma.com.br\/blog\/wp-content\/uploads\/2017\/02\/WeArt-6841-1024x683.jpg\" alt=\"weart-6841\" width=\"584\" height=\"389\" srcset=\"http:\/\/www.proma.com.br\/blog\/wp-content\/uploads\/2017\/02\/WeArt-6841-1024x683.jpg 1024w, http:\/\/www.proma.com.br\/blog\/wp-content\/uploads\/2017\/02\/WeArt-6841-960x640.jpg 960w, http:\/\/www.proma.com.br\/blog\/wp-content\/uploads\/2017\/02\/WeArt-6841-449x300.jpg 449w, http:\/\/www.proma.com.br\/blog\/wp-content\/uploads\/2017\/02\/WeArt-6841.jpg 2000w\" sizes=\"(max-width: 584px) 100vw, 584px\" \/><\/a><a href=\"http:\/\/www.proma.com.br\/blog\/wp-content\/uploads\/2017\/02\/WeArt-6845.jpg\"><img loading=\"lazy\" class=\"alignnone size-large wp-image-4406\" src=\"http:\/\/www.proma.com.br\/blog\/wp-content\/uploads\/2017\/02\/WeArt-6845-1024x683.jpg\" alt=\"weart-6845\" width=\"584\" height=\"389\" srcset=\"http:\/\/www.proma.com.br\/blog\/wp-content\/uploads\/2017\/02\/WeArt-6845-1024x683.jpg 1024w, http:\/\/www.proma.com.br\/blog\/wp-content\/uploads\/2017\/02\/WeArt-6845-960x640.jpg 960w, http:\/\/www.proma.com.br\/blog\/wp-content\/uploads\/2017\/02\/WeArt-6845-449x300.jpg 449w, http:\/\/www.proma.com.br\/blog\/wp-content\/uploads\/2017\/02\/WeArt-6845.jpg 2000w\" sizes=\"(max-width: 584px) 100vw, 584px\" \/><\/a><\/strong><\/p>\n<p><a href=\"http:\/\/www.proma.com.br\/blog\/wp-content\/uploads\/2017\/02\/WeArt-6839.jpg\"><img loading=\"lazy\" class=\"alignnone size-large wp-image-4401\" src=\"http:\/\/www.proma.com.br\/blog\/wp-content\/uploads\/2017\/02\/WeArt-6839-1024x683.jpg\" alt=\"weart-6839\" width=\"584\" height=\"389\" srcset=\"http:\/\/www.proma.com.br\/blog\/wp-content\/uploads\/2017\/02\/WeArt-6839-1024x683.jpg 1024w, http:\/\/www.proma.com.br\/blog\/wp-content\/uploads\/2017\/02\/WeArt-6839-960x640.jpg 960w, http:\/\/www.proma.com.br\/blog\/wp-content\/uploads\/2017\/02\/WeArt-6839-449x300.jpg 449w, http:\/\/www.proma.com.br\/blog\/wp-content\/uploads\/2017\/02\/WeArt-6839.jpg 2000w\" sizes=\"(max-width: 584px) 100vw, 584px\" \/><\/a> <a href=\"http:\/\/www.proma.com.br\/blog\/wp-content\/uploads\/2017\/02\/WeArt-6834.jpg\"><img loading=\"lazy\" class=\"alignnone size-large wp-image-4400\" src=\"http:\/\/www.proma.com.br\/blog\/wp-content\/uploads\/2017\/02\/WeArt-6834-1024x683.jpg\" alt=\"weart-6834\" width=\"584\" height=\"389\" srcset=\"http:\/\/www.proma.com.br\/blog\/wp-content\/uploads\/2017\/02\/WeArt-6834-1024x683.jpg 1024w, http:\/\/www.proma.com.br\/blog\/wp-content\/uploads\/2017\/02\/WeArt-6834-960x640.jpg 960w, http:\/\/www.proma.com.br\/blog\/wp-content\/uploads\/2017\/02\/WeArt-6834-449x300.jpg 449w, http:\/\/www.proma.com.br\/blog\/wp-content\/uploads\/2017\/02\/WeArt-6834.jpg 2000w\" sizes=\"(max-width: 584px) 100vw, 584px\" \/><\/a> <a href=\"http:\/\/www.proma.com.br\/blog\/wp-content\/uploads\/2017\/02\/WeArt-6830.jpg\"><img loading=\"lazy\" class=\"alignnone size-large wp-image-4399\" src=\"http:\/\/www.proma.com.br\/blog\/wp-content\/uploads\/2017\/02\/WeArt-6830-1024x1535.jpg\" alt=\"weart-6830\" width=\"584\" height=\"875\" srcset=\"http:\/\/www.proma.com.br\/blog\/wp-content\/uploads\/2017\/02\/WeArt-6830-1024x1535.jpg 1024w, http:\/\/www.proma.com.br\/blog\/wp-content\/uploads\/2017\/02\/WeArt-6830-960x1439.jpg 960w, http:\/\/www.proma.com.br\/blog\/wp-content\/uploads\/2017\/02\/WeArt-6830-200x300.jpg 200w, http:\/\/www.proma.com.br\/blog\/wp-content\/uploads\/2017\/02\/WeArt-6830.jpg 1334w\" sizes=\"(max-width: 584px) 100vw, 584px\" \/><\/a> <a href=\"http:\/\/www.proma.com.br\/blog\/wp-content\/uploads\/2017\/02\/WeArt-6833.jpg\"><img loading=\"lazy\" class=\"alignnone size-large wp-image-4398\" src=\"http:\/\/www.proma.com.br\/blog\/wp-content\/uploads\/2017\/02\/WeArt-6833-1024x1635.jpg\" alt=\"weart-6833\" width=\"584\" height=\"932\" srcset=\"http:\/\/www.proma.com.br\/blog\/wp-content\/uploads\/2017\/02\/WeArt-6833-1024x1635.jpg 1024w, http:\/\/www.proma.com.br\/blog\/wp-content\/uploads\/2017\/02\/WeArt-6833-960x1533.jpg 960w, http:\/\/www.proma.com.br\/blog\/wp-content\/uploads\/2017\/02\/WeArt-6833.jpg 1252w\" sizes=\"(max-width: 584px) 100vw, 584px\" \/><\/a> <a href=\"http:\/\/www.proma.com.br\/blog\/wp-content\/uploads\/2017\/02\/WeArt-6824.jpg\"><img loading=\"lazy\" class=\"alignnone size-large wp-image-4397\" src=\"http:\/\/www.proma.com.br\/blog\/wp-content\/uploads\/2017\/02\/WeArt-6824-1024x683.jpg\" alt=\"weart-6824\" width=\"584\" height=\"389\" srcset=\"http:\/\/www.proma.com.br\/blog\/wp-content\/uploads\/2017\/02\/WeArt-6824-1024x683.jpg 1024w, http:\/\/www.proma.com.br\/blog\/wp-content\/uploads\/2017\/02\/WeArt-6824-960x640.jpg 960w, http:\/\/www.proma.com.br\/blog\/wp-content\/uploads\/2017\/02\/WeArt-6824-449x300.jpg 449w, http:\/\/www.proma.com.br\/blog\/wp-content\/uploads\/2017\/02\/WeArt-6824.jpg 2000w\" sizes=\"(max-width: 584px) 100vw, 584px\" \/><\/a><\/p>\n<p><strong>Fotos:<\/strong> Chan<\/p>\n","protected":false},"excerpt":{"rendered":"<p>O Lumina Residence, que est\u00e1 em fase de constru\u00e7\u00e3o na rua Arthur Gumz, no bairro Vila Nova \u2013 uma regi\u00e3o privilegiada por estar a poucos minutos do centro \u2013, contemplar\u00e1 30 apartamentos. S\u00e3o duas coberturas duplex (\u00e1rea privativa de 202,87&hellip;<\/p>\n","protected":false},"author":2,"featured_media":4393,"comment_status":"open","ping_status":"closed","sticky":false,"template":"","format":"standard","meta":[],"categories":[1,5,3],"tags":[69,2758,2759,2325,2217,2760],"_links":{"self":[{"href":"http:\/\/www.proma.com.br\/blog\/wp-json\/wp\/v2\/posts\/4492"}],"collection":[{"href":"http:\/\/www.proma.com.br\/blog\/wp-json\/wp\/v2\/posts"}],"about":[{"href":"http:\/\/www.proma.com.br\/blog\/wp-json\/wp\/v2\/types\/post"}],"author":[{"embeddable":true,"href":"http:\/\/www.proma.com.br\/blog\/wp-json\/wp\/v2\/users\/2"}],"replies":[{"embeddable":true,"href":"http:\/\/www.proma.com.br\/blog\/wp-json\/wp\/v2\/comments?post=4492"}],"version-history":[{"count":2,"href":"http:\/\/www.proma.com.br\/blog\/wp-json\/wp\/v2\/posts\/4492\/revisions"}],"predecessor-version":[{"id":4494,"href":"http:\/\/www.proma.com.br\/blog\/wp-json\/wp\/v2\/posts\/4492\/revisions\/4494"}],"wp:featuredmedia":[{"embeddable":true,"href":"http:\/\/www.proma.com.br\/blog\/wp-json\/wp\/v2\/media\/4393"}],"wp:attachment":[{"href":"http:\/\/www.proma.com.br\/blog\/wp-json\/wp\/v2\/media?parent=4492"}],"wp:term":[{"taxonomy":"category","embeddable":true,"href":"http:\/\/www.proma.com.br\/blog\/wp-json\/wp\/v2\/categories?post=4492"},{"taxonomy":"post_tag","embeddable":true,"href":"http:\/\/www.proma.com.br\/blog\/wp-json\/wp\/v2\/tags?post=4492"}],"curies":[{"name":"wp","href":"https:\/\/api.w.org\/{rel}","templated":true}]}}