{"id":4625,"date":"2017-06-06T09:53:47","date_gmt":"2017-06-06T12:53:47","guid":{"rendered":"http:\/\/www.proma.com.br\/blog\/?p=4625"},"modified":"2017-03-13T23:57:54","modified_gmt":"2017-03-14T02:57:54","slug":"mimos-para-o-cafe-da-manha-no-dia-dos-namorados","status":"publish","type":"post","link":"http:\/\/www.proma.com.br\/blog\/mimos-para-o-cafe-da-manha-no-dia-dos-namorados\/","title":{"rendered":"MIMOS PARA O CAF\u00c9 DA MANH\u00c3 NO DIA DOS NAMORADOS"},"content":{"rendered":"<p>O Dia dos Namorados, comemorado em 12 de junho, est\u00e1 se aproximando. Voc\u00ea \u00e9 casado, est\u00e1 noivo, namorando ou apenas conhecendo algu\u00e9m? Ent\u00e3o n\u00e3o deixe essa data cheia de carinho passar em branco.<\/p>\n<p>N\u00e3o arrume desculpas e nem coloque a culpa no tempo para n\u00e3o fazer nada para agradar ou surpreender quem voc\u00ea ama.<\/p>\n<p>Para ajudar, n\u00f3s separamos quatro dicas bem simples de serem colocadas em pr\u00e1tica.<\/p>\n<p>Vamos l\u00e1!<\/p>\n<p>* Uma forma met\u00e1lica ajuda a dar o contorno de um cora\u00e7\u00e3o ao ovo frito. Sirva em cima de torradas e salpique sal trufado.<\/p>\n<p><a href=\"http:\/\/www.proma.com.br\/blog\/wp-content\/uploads\/2017\/03\/01.jpg\"><img loading=\"lazy\" class=\"alignnone size-full wp-image-4626\" src=\"http:\/\/www.proma.com.br\/blog\/wp-content\/uploads\/2017\/03\/01.jpg\" alt=\"01\" width=\"620\" height=\"566\" srcset=\"http:\/\/www.proma.com.br\/blog\/wp-content\/uploads\/2017\/03\/01.jpg 620w, http:\/\/www.proma.com.br\/blog\/wp-content\/uploads\/2017\/03\/01-328x300.jpg 328w\" sizes=\"(max-width: 620px) 100vw, 620px\" \/><\/a><\/p>\n<p>* O tradicional romeu e julieta ganha a forma de cora\u00e7\u00f5ezinhos.<\/p>\n<p><a href=\"http:\/\/www.proma.com.br\/blog\/wp-content\/uploads\/2017\/03\/02.jpg\"><img loading=\"lazy\" class=\"alignnone size-full wp-image-4627\" src=\"http:\/\/www.proma.com.br\/blog\/wp-content\/uploads\/2017\/03\/02.jpg\" alt=\"02\" width=\"620\" height=\"641\" srcset=\"http:\/\/www.proma.com.br\/blog\/wp-content\/uploads\/2017\/03\/02.jpg 620w, http:\/\/www.proma.com.br\/blog\/wp-content\/uploads\/2017\/03\/02-290x300.jpg 290w\" sizes=\"(max-width: 620px) 100vw, 620px\" \/><\/a><\/p>\n<p>* Na mesa de cabeceira, deixe peda\u00e7os de papel para cada um escrever seus desejos secretos.<\/p>\n<p><a href=\"http:\/\/www.proma.com.br\/blog\/wp-content\/uploads\/2017\/03\/03.jpg\"><img loading=\"lazy\" class=\"alignnone size-full wp-image-4628\" src=\"http:\/\/www.proma.com.br\/blog\/wp-content\/uploads\/2017\/03\/03.jpg\" alt=\"03\" width=\"620\" height=\"867\" srcset=\"http:\/\/www.proma.com.br\/blog\/wp-content\/uploads\/2017\/03\/03.jpg 620w, http:\/\/www.proma.com.br\/blog\/wp-content\/uploads\/2017\/03\/03-214x300.jpg 214w\" sizes=\"(max-width: 620px) 100vw, 620px\" \/><\/a><\/p>\n<p>* Mais um mimo: um kit relaxante de banho.<\/p>\n<p><a href=\"http:\/\/www.proma.com.br\/blog\/wp-content\/uploads\/2017\/03\/04.jpg\"><img loading=\"lazy\" class=\"alignnone size-full wp-image-4629\" src=\"http:\/\/www.proma.com.br\/blog\/wp-content\/uploads\/2017\/03\/04.jpg\" alt=\"04\" width=\"620\" height=\"711\" srcset=\"http:\/\/www.proma.com.br\/blog\/wp-content\/uploads\/2017\/03\/04.jpg 620w, http:\/\/www.proma.com.br\/blog\/wp-content\/uploads\/2017\/03\/04-261x300.jpg 261w\" sizes=\"(max-width: 620px) 100vw, 620px\" \/><\/a><\/p>\n<p>Deixe a imagina\u00e7\u00e3o tomar conta da sua mente e cora\u00e7\u00e3o para ter um feliz dia dos namorados.<\/p>\n<p><strong>Fonte: <\/strong><a href=\"http:\/\/revistacasaejardim.globo.com\/Casa-e-Jardim\/Dicas\/noticia\/2015\/06\/4-supresas-e-mimos-para-o-cafe-da-manha-no-dia-dos-namorados.html\" target=\"_blank\">Casa e Jardim<\/a><\/p>\n","protected":false},"excerpt":{"rendered":"<p>O Dia dos Namorados, comemorado em 12 de junho, est\u00e1 se aproximando. Voc\u00ea \u00e9 casado, est\u00e1 noivo, namorando ou apenas conhecendo algu\u00e9m? Ent\u00e3o n\u00e3o deixe essa data cheia de carinho passar em branco. N\u00e3o arrume desculpas e nem coloque a&hellip;<\/p>\n","protected":false},"author":2,"featured_media":4627,"comment_status":"open","ping_status":"closed","sticky":false,"template":"","format":"standard","meta":[],"categories":[2,1143],"tags":[1338,2674,2696,2698,2697],"_links":{"self":[{"href":"http:\/\/www.proma.com.br\/blog\/wp-json\/wp\/v2\/posts\/4625"}],"collection":[{"href":"http:\/\/www.proma.com.br\/blog\/wp-json\/wp\/v2\/posts"}],"about":[{"href":"http:\/\/www.proma.com.br\/blog\/wp-json\/wp\/v2\/types\/post"}],"author":[{"embeddable":true,"href":"http:\/\/www.proma.com.br\/blog\/wp-json\/wp\/v2\/users\/2"}],"replies":[{"embeddable":true,"href":"http:\/\/www.proma.com.br\/blog\/wp-json\/wp\/v2\/comments?post=4625"}],"version-history":[{"count":1,"href":"http:\/\/www.proma.com.br\/blog\/wp-json\/wp\/v2\/posts\/4625\/revisions"}],"predecessor-version":[{"id":4630,"href":"http:\/\/www.proma.com.br\/blog\/wp-json\/wp\/v2\/posts\/4625\/revisions\/4630"}],"wp:featuredmedia":[{"embeddable":true,"href":"http:\/\/www.proma.com.br\/blog\/wp-json\/wp\/v2\/media\/4627"}],"wp:attachment":[{"href":"http:\/\/www.proma.com.br\/blog\/wp-json\/wp\/v2\/media?parent=4625"}],"wp:term":[{"taxonomy":"category","embeddable":true,"href":"http:\/\/www.proma.com.br\/blog\/wp-json\/wp\/v2\/categories?post=4625"},{"taxonomy":"post_tag","embeddable":true,"href":"http:\/\/www.proma.com.br\/blog\/wp-json\/wp\/v2\/tags?post=4625"}],"curies":[{"name":"wp","href":"https:\/\/api.w.org\/{rel}","templated":true}]}}