{"id":4734,"date":"2017-08-08T14:52:51","date_gmt":"2017-08-08T17:52:51","guid":{"rendered":"http:\/\/www.proma.com.br\/blog\/?p=4734"},"modified":"2017-07-13T21:29:08","modified_gmt":"2017-07-14T00:29:08","slug":"o-papel-de-parede-como-destaque-em-10-ambientes","status":"publish","type":"post","link":"http:\/\/www.proma.com.br\/blog\/o-papel-de-parede-como-destaque-em-10-ambientes\/","title":{"rendered":"O PAPEL DE PAREDE COMO DESTAQUE EM 10 AMBIENTES"},"content":{"rendered":"<p>J\u00e1 faz tempo que o papel de parede se tonou protagonista em um projeto de decora\u00e7\u00e3o. A escolha, quando acertada, \u00e9 capaz de transformar completamente um ambiente, deixando-o mais elegante, mais charmoso, mais intimista, mais extravagante ou com mais personalidade. Voc\u00ea decide!<\/p>\n<p>N\u00f3s buscamos dez inspira\u00e7\u00f5es que, com certeza, v\u00e3o auxiliar \u2013 e muito \u2013 na hora da escolha do papel de parede para cada espa\u00e7o do seu lar.<\/p>\n<p>Confira!<\/p>\n<p><strong>Degrad\u00ea<\/strong><\/p>\n<p><a href=\"http:\/\/www.proma.com.br\/blog\/wp-content\/uploads\/2017\/07\/18.jpg\"><img loading=\"lazy\" class=\"alignnone size-full wp-image-4735\" src=\"http:\/\/www.proma.com.br\/blog\/wp-content\/uploads\/2017\/07\/18.jpg\" alt=\"18\" width=\"620\" height=\"827\" srcset=\"http:\/\/www.proma.com.br\/blog\/wp-content\/uploads\/2017\/07\/18.jpg 620w, http:\/\/www.proma.com.br\/blog\/wp-content\/uploads\/2017\/07\/18-224x300.jpg 224w\" sizes=\"(max-width: 620px) 100vw, 620px\" \/><\/a><\/p>\n<p>Dos mais queridos do Pinterest, a presen\u00e7a do papel de parede com efeito de p\u00f4r do sol faz parte da tend\u00eancia sereismo, que invade os moodboards mais l\u00fadicos. Busque complementar os espa\u00e7os com objetos de design escandinavo ou tonalidades presentes no revestimento para ganhar profundidade e destaque. Combine com plantas e texturas naturais para garantir o efeito praia-chique e relaxante.<\/p>\n<p><strong>Espacial<\/strong><\/p>\n<p><a href=\"http:\/\/www.proma.com.br\/blog\/wp-content\/uploads\/2017\/07\/19.jpg\"><img loading=\"lazy\" class=\"alignnone size-full wp-image-4736\" src=\"http:\/\/www.proma.com.br\/blog\/wp-content\/uploads\/2017\/07\/19.jpg\" alt=\"19\" width=\"620\" height=\"886\" srcset=\"http:\/\/www.proma.com.br\/blog\/wp-content\/uploads\/2017\/07\/19.jpg 620w, http:\/\/www.proma.com.br\/blog\/wp-content\/uploads\/2017\/07\/19-209x300.jpg 209w\" sizes=\"(max-width: 620px) 100vw, 620px\" \/><\/a><\/p>\n<p>Este quarto infanto-juvenil poderia muito bem ter um papel de parede mais adocicado. Contudo, as refer\u00eancias c\u00f3smicas s\u00e3o mais interessantes e nada convencionais. Aliado \u00e0s argolas penduradas e \u00e0s cores neutras, ele se torna o grande protagonista do projeto e faz o estilo do ambiente ser atemporal, sem necessidade de reformas a cada ano da adolesc\u00eancia.<\/p>\n<p><strong>Industrial<\/strong><\/p>\n<p><a href=\"http:\/\/www.proma.com.br\/blog\/wp-content\/uploads\/2017\/07\/20.jpg\"><img loading=\"lazy\" class=\"alignnone size-full wp-image-4737\" src=\"http:\/\/www.proma.com.br\/blog\/wp-content\/uploads\/2017\/07\/20.jpg\" alt=\"20\" width=\"620\" height=\"797\" srcset=\"http:\/\/www.proma.com.br\/blog\/wp-content\/uploads\/2017\/07\/20.jpg 620w, http:\/\/www.proma.com.br\/blog\/wp-content\/uploads\/2017\/07\/20-233x300.jpg 233w\" sizes=\"(max-width: 620px) 100vw, 620px\" \/><\/a><\/p>\n<p>O estilo industrial \u00e9 um dos mais replicados nas redes sociais e ponto de partida para os projetos mais jovens. O jogo de texturas r\u00fasticas aparentes \u00e9 foco e este papel de parede incr\u00edvel remete a uma parede de a\u00e7o desgastada com o tempo. O tom azulado segue para a sala de estar, com sof\u00e1, almofadas e at\u00e9 tapete dentro da mesma paleta. Lumin\u00e1rias e lustre de cobre refor\u00e7am a tend\u00eancia.<\/p>\n<p><strong>Glamoroso<\/strong><\/p>\n<p><a href=\"http:\/\/www.proma.com.br\/blog\/wp-content\/uploads\/2017\/07\/21.jpg\"><img loading=\"lazy\" class=\"alignnone size-full wp-image-4738\" src=\"http:\/\/www.proma.com.br\/blog\/wp-content\/uploads\/2017\/07\/21.jpg\" alt=\"21\" width=\"620\" height=\"413\" srcset=\"http:\/\/www.proma.com.br\/blog\/wp-content\/uploads\/2017\/07\/21.jpg 620w, http:\/\/www.proma.com.br\/blog\/wp-content\/uploads\/2017\/07\/21-450x300.jpg 450w\" sizes=\"(max-width: 620px) 100vw, 620px\" \/><\/a><\/p>\n<p>Dourado \u00e9 uma cor que reflete uma atmosfera mais exuberante e cheia de glamour. Para este quarto, as folhagens tropicais aparecem descaracterizadas em fundo preto com sobreposi\u00e7\u00e3o de formas. O poder do revestimento \u00e9 tamanho que tiram qualquer obviedade da inspira\u00e7\u00e3o campestre do resto dos objetos.<\/p>\n<p><strong>Floral<\/strong><\/p>\n<p><a href=\"http:\/\/www.proma.com.br\/blog\/wp-content\/uploads\/2017\/07\/22.jpg\"><img loading=\"lazy\" class=\"alignnone size-full wp-image-4739\" src=\"http:\/\/www.proma.com.br\/blog\/wp-content\/uploads\/2017\/07\/22.jpg\" alt=\"22\" width=\"620\" height=\"930\" srcset=\"http:\/\/www.proma.com.br\/blog\/wp-content\/uploads\/2017\/07\/22.jpg 620w, http:\/\/www.proma.com.br\/blog\/wp-content\/uploads\/2017\/07\/22-200x300.jpg 200w\" sizes=\"(max-width: 620px) 100vw, 620px\" \/><\/a><\/p>\n<p>Direto da casa de sua av\u00f3, provavelmente, a estampa floral voltou com tudo para este inverno. De maneira renovada, ela ganha espa\u00e7o com todos os tipos de cor e tamanho. Este modelo destaca o desenho exuberante com o verde escuro quase preto de fundo. A eleg\u00e2ncia permanece com a banheira vintage branca e piso de madeira.<\/p>\n<p><strong>Animal print<\/strong><\/p>\n<p><a href=\"http:\/\/www.proma.com.br\/blog\/wp-content\/uploads\/2017\/07\/23.jpg\"><img loading=\"lazy\" class=\"alignnone size-full wp-image-4740\" src=\"http:\/\/www.proma.com.br\/blog\/wp-content\/uploads\/2017\/07\/23.jpg\" alt=\"23\" width=\"620\" height=\"930\" srcset=\"http:\/\/www.proma.com.br\/blog\/wp-content\/uploads\/2017\/07\/23.jpg 620w, http:\/\/www.proma.com.br\/blog\/wp-content\/uploads\/2017\/07\/23-200x300.jpg 200w\" sizes=\"(max-width: 620px) 100vw, 620px\" \/><\/a><\/p>\n<p>Este papel de parede da Cole&amp;Son faz parte de uma cole\u00e7\u00e3o inspirada na \u00c1frica. O animal print \u00e9 uma estampa que nunca sai de moda, mas pode ser usada de forma mais criativa e nada convencional. Para os que temem usar cores mais fortes, o exemplo \u00e9 excelente como forma de inspira\u00e7\u00e3o. O papel de parede tamb\u00e9m \u00e9 um investimento e um risco que pode e deve ser tomado. Aqui, ele aparece mais clean, combinado com elementos de madeira e folhagens. O tapete geom\u00e9trico brinca com o formato dos leopardos.<\/p>\n<p><strong>Folhagem<\/strong><\/p>\n<p><a href=\"http:\/\/www.proma.com.br\/blog\/wp-content\/uploads\/2017\/07\/24.jpg\"><img loading=\"lazy\" class=\"alignnone size-full wp-image-4741\" src=\"http:\/\/www.proma.com.br\/blog\/wp-content\/uploads\/2017\/07\/24.jpg\" alt=\"24\" width=\"620\" height=\"930\" srcset=\"http:\/\/www.proma.com.br\/blog\/wp-content\/uploads\/2017\/07\/24.jpg 620w, http:\/\/www.proma.com.br\/blog\/wp-content\/uploads\/2017\/07\/24-200x300.jpg 200w\" sizes=\"(max-width: 620px) 100vw, 620px\" \/><\/a><\/p>\n<p>Partindo do mesmo princ\u00edpio de trazer a natureza para dentro de casa, o papel de parede com folhagens tropicais \u00e9 uma excelente ideia para refor\u00e7ar a atmosfera naturalista. A sala de jantar com piso de madeira, elementos org\u00e2nicos e formas flu\u00eddas se faz um ambiente perfeito para receber tal estampa. Aconchegante e cheio de personalidade, sem muito esfor\u00e7o.<\/p>\n<p><strong>Nip\u00f4nico<\/strong><\/p>\n<p><a href=\"http:\/\/www.proma.com.br\/blog\/wp-content\/uploads\/2017\/07\/25.jpg\"><img loading=\"lazy\" class=\"alignnone size-full wp-image-4742\" src=\"http:\/\/www.proma.com.br\/blog\/wp-content\/uploads\/2017\/07\/25.jpg\" alt=\"25\" width=\"620\" height=\"462\" srcset=\"http:\/\/www.proma.com.br\/blog\/wp-content\/uploads\/2017\/07\/25.jpg 620w, http:\/\/www.proma.com.br\/blog\/wp-content\/uploads\/2017\/07\/25-402x300.jpg 402w\" sizes=\"(max-width: 620px) 100vw, 620px\" \/><\/a><\/p>\n<p>O Jap\u00e3o est\u00e1 na moda e disso j\u00e1 sabemos h\u00e1 tempos. Para investir em uma decora\u00e7\u00e3o chique e ao mesmo tempo atual, procure por refer\u00eancias nas plantas e flores locais. Este quarto, por exemplo, possui um papel que reveste duas paredes para um jogo maior de profundidade com a famosa cerejeira. Os tons de rosa com detalhe dourado ditam a eleg\u00e2ncia do resto do ambiente, com madeira mais escura e jogo de estampas bem pensado.<\/p>\n<p><strong>Escandinavo<\/strong><\/p>\n<p><a href=\"http:\/\/www.proma.com.br\/blog\/wp-content\/uploads\/2017\/07\/26.jpg\"><img loading=\"lazy\" class=\"alignnone size-full wp-image-4743\" src=\"http:\/\/www.proma.com.br\/blog\/wp-content\/uploads\/2017\/07\/26.jpg\" alt=\"26\" width=\"620\" height=\"930\" srcset=\"http:\/\/www.proma.com.br\/blog\/wp-content\/uploads\/2017\/07\/26.jpg 620w, http:\/\/www.proma.com.br\/blog\/wp-content\/uploads\/2017\/07\/26-200x300.jpg 200w\" sizes=\"(max-width: 620px) 100vw, 620px\" \/><\/a><\/p>\n<p>Apesar de o estilo escandinavo ser associado a ambientes predominantemente brancos ou cinza, um papel de parede minimalista pode quebrar essa expectativa. Aqui, os tri\u00e2ngulos dourados garantem a presen\u00e7a forte da geometria, presente tamb\u00e9m na roupa de cama. P\u00eandulos pretos com interior dourado atualizam o quarto.<\/p>\n<p><strong>Marmorite<\/strong><\/p>\n<p><a href=\"http:\/\/www.proma.com.br\/blog\/wp-content\/uploads\/2017\/07\/27.png\"><img loading=\"lazy\" class=\"alignnone size-full wp-image-4744\" src=\"http:\/\/www.proma.com.br\/blog\/wp-content\/uploads\/2017\/07\/27.png\" alt=\"27\" width=\"620\" height=\"757\" srcset=\"http:\/\/www.proma.com.br\/blog\/wp-content\/uploads\/2017\/07\/27.png 620w, http:\/\/www.proma.com.br\/blog\/wp-content\/uploads\/2017\/07\/27-245x300.png 245w\" sizes=\"(max-width: 620px) 100vw, 620px\" \/><\/a><\/p>\n<p>Mais um elemento visto na casa da av\u00f3 que virou tend\u00eancia em 2017. O marmorite volta em novas cores para refrescar a decora\u00e7\u00e3o. Busque m\u00f3veis e objetos decorativos nas mesmas tonalidades da estampa para um cantinho inspirador.<\/p>\n<p>Lindas inspira\u00e7\u00f5es, n\u00e3o \u00e9 mesmo? Qual desses ambientes voc\u00ea mais gostou?<\/p>\n<p><strong>Fonte: <\/strong><a href=\"https:\/\/goo.gl\/Y6SpFe\" target=\"_blank\">Casa Vogue<\/a><\/p>\n","protected":false},"excerpt":{"rendered":"<p>J\u00e1 faz tempo que o papel de parede se tonou protagonista em um projeto de decora\u00e7\u00e3o. A escolha, quando acertada, \u00e9 capaz de transformar completamente um ambiente, deixando-o mais elegante, mais charmoso, mais intimista, mais extravagante ou com mais personalidade.&hellip;<\/p>\n","protected":false},"author":2,"featured_media":4738,"comment_status":"open","ping_status":"closed","sticky":false,"template":"","format":"standard","meta":[],"categories":[2,5],"tags":[2283,777],"_links":{"self":[{"href":"http:\/\/www.proma.com.br\/blog\/wp-json\/wp\/v2\/posts\/4734"}],"collection":[{"href":"http:\/\/www.proma.com.br\/blog\/wp-json\/wp\/v2\/posts"}],"about":[{"href":"http:\/\/www.proma.com.br\/blog\/wp-json\/wp\/v2\/types\/post"}],"author":[{"embeddable":true,"href":"http:\/\/www.proma.com.br\/blog\/wp-json\/wp\/v2\/users\/2"}],"replies":[{"embeddable":true,"href":"http:\/\/www.proma.com.br\/blog\/wp-json\/wp\/v2\/comments?post=4734"}],"version-history":[{"count":1,"href":"http:\/\/www.proma.com.br\/blog\/wp-json\/wp\/v2\/posts\/4734\/revisions"}],"predecessor-version":[{"id":4745,"href":"http:\/\/www.proma.com.br\/blog\/wp-json\/wp\/v2\/posts\/4734\/revisions\/4745"}],"wp:featuredmedia":[{"embeddable":true,"href":"http:\/\/www.proma.com.br\/blog\/wp-json\/wp\/v2\/media\/4738"}],"wp:attachment":[{"href":"http:\/\/www.proma.com.br\/blog\/wp-json\/wp\/v2\/media?parent=4734"}],"wp:term":[{"taxonomy":"category","embeddable":true,"href":"http:\/\/www.proma.com.br\/blog\/wp-json\/wp\/v2\/categories?post=4734"},{"taxonomy":"post_tag","embeddable":true,"href":"http:\/\/www.proma.com.br\/blog\/wp-json\/wp\/v2\/tags?post=4734"}],"curies":[{"name":"wp","href":"https:\/\/api.w.org\/{rel}","templated":true}]}}