{"id":4769,"date":"2017-08-24T15:01:53","date_gmt":"2017-08-24T18:01:53","guid":{"rendered":"http:\/\/www.proma.com.br\/blog\/?p=4769"},"modified":"2017-07-24T21:09:54","modified_gmt":"2017-07-25T00:09:54","slug":"inspiracao-10-ambientes-decorados-com-a-espada-de-sao-jorge","status":"publish","type":"post","link":"http:\/\/www.proma.com.br\/blog\/inspiracao-10-ambientes-decorados-com-a-espada-de-sao-jorge\/","title":{"rendered":"INSPIRA\u00c7\u00c3O: 10 AMBIENTES DECORADOS COM A ESPADA-DE-S\u00c3O-JORGE"},"content":{"rendered":"<p>Se tem uma planta que merece o t\u00edtulo de vers\u00e1til \u00e9 a espada-de-s\u00e3o-jorge. E sabe por que? Porque al\u00e9m de exigir poucos cuidados, ela fica bem em diferentes ambientes (tanto internos, quanto externos) e ainda pode trazer prote\u00e7\u00e3o para a sua casa.<\/p>\n<p>Al\u00e9m do mais, a espada-de-s\u00e3o-jorge, que tem origem africana, se adapta bem \u00e0 sombra e ao sol, pede pouca ventila\u00e7\u00e3o e necessita de rega entre uma e duas vezes por semana. Misturadas com outras esp\u00e9cies, como em jardins de vasos (uma tend\u00eancia na decora\u00e7\u00e3o), ela forma um arranjo original e cheio de personalidade.<\/p>\n<p>Veja a seguir, 10 ambientes decorados com a espada-de-s\u00e3o-jorge e inspire-se!<\/p>\n<p><a href=\"http:\/\/www.proma.com.br\/blog\/wp-content\/uploads\/2017\/07\/28.jpg\"><img loading=\"lazy\" class=\"alignnone size-full wp-image-4770\" src=\"http:\/\/www.proma.com.br\/blog\/wp-content\/uploads\/2017\/07\/28.jpg\" alt=\"28\" width=\"510\" height=\"535\" srcset=\"http:\/\/www.proma.com.br\/blog\/wp-content\/uploads\/2017\/07\/28.jpg 510w, http:\/\/www.proma.com.br\/blog\/wp-content\/uploads\/2017\/07\/28-285x300.jpg 285w\" sizes=\"(max-width: 510px) 100vw, 510px\" \/><\/a> <a href=\"http:\/\/www.proma.com.br\/blog\/wp-content\/uploads\/2017\/07\/29.jpg\"><img loading=\"lazy\" class=\"alignnone size-large wp-image-4771\" src=\"http:\/\/www.proma.com.br\/blog\/wp-content\/uploads\/2017\/07\/29.jpg\" alt=\"29\" width=\"424\" height=\"613\" srcset=\"http:\/\/www.proma.com.br\/blog\/wp-content\/uploads\/2017\/07\/29.jpg 424w, http:\/\/www.proma.com.br\/blog\/wp-content\/uploads\/2017\/07\/29-207x300.jpg 207w\" sizes=\"(max-width: 424px) 100vw, 424px\" \/><\/a> <a href=\"http:\/\/www.proma.com.br\/blog\/wp-content\/uploads\/2017\/07\/30.jpg\"><img loading=\"lazy\" class=\"alignnone size-large wp-image-4772\" src=\"http:\/\/www.proma.com.br\/blog\/wp-content\/uploads\/2017\/07\/30.jpg\" alt=\"30\" width=\"545\" height=\"613\" srcset=\"http:\/\/www.proma.com.br\/blog\/wp-content\/uploads\/2017\/07\/30.jpg 545w, http:\/\/www.proma.com.br\/blog\/wp-content\/uploads\/2017\/07\/30-266x300.jpg 266w\" sizes=\"(max-width: 545px) 100vw, 545px\" \/><\/a> <a href=\"http:\/\/www.proma.com.br\/blog\/wp-content\/uploads\/2017\/07\/31.jpg\"><img loading=\"lazy\" class=\"alignnone size-large wp-image-4773\" src=\"http:\/\/www.proma.com.br\/blog\/wp-content\/uploads\/2017\/07\/31.jpg\" alt=\"31\" width=\"564\" height=\"552\" srcset=\"http:\/\/www.proma.com.br\/blog\/wp-content\/uploads\/2017\/07\/31.jpg 564w, http:\/\/www.proma.com.br\/blog\/wp-content\/uploads\/2017\/07\/31-306x300.jpg 306w\" sizes=\"(max-width: 564px) 100vw, 564px\" \/><\/a> <a href=\"http:\/\/www.proma.com.br\/blog\/wp-content\/uploads\/2017\/07\/32.jpg\"><img loading=\"lazy\" class=\"alignnone size-large wp-image-4774\" src=\"http:\/\/www.proma.com.br\/blog\/wp-content\/uploads\/2017\/07\/32.jpg\" alt=\"32\" width=\"409\" height=\"614\" srcset=\"http:\/\/www.proma.com.br\/blog\/wp-content\/uploads\/2017\/07\/32.jpg 409w, http:\/\/www.proma.com.br\/blog\/wp-content\/uploads\/2017\/07\/32-199x300.jpg 199w\" sizes=\"(max-width: 409px) 100vw, 409px\" \/><\/a> <a href=\"http:\/\/www.proma.com.br\/blog\/wp-content\/uploads\/2017\/07\/33.jpg\"><img loading=\"lazy\" class=\"alignnone size-large wp-image-4775\" src=\"http:\/\/www.proma.com.br\/blog\/wp-content\/uploads\/2017\/07\/33.jpg\" alt=\"33\" width=\"448\" height=\"613\" srcset=\"http:\/\/www.proma.com.br\/blog\/wp-content\/uploads\/2017\/07\/33.jpg 448w, http:\/\/www.proma.com.br\/blog\/wp-content\/uploads\/2017\/07\/33-219x300.jpg 219w\" sizes=\"(max-width: 448px) 100vw, 448px\" \/><\/a> <a href=\"http:\/\/www.proma.com.br\/blog\/wp-content\/uploads\/2017\/07\/34.jpg\"><img loading=\"lazy\" class=\"alignnone size-large wp-image-4776\" src=\"http:\/\/www.proma.com.br\/blog\/wp-content\/uploads\/2017\/07\/34.jpg\" alt=\"34\" width=\"449\" height=\"613\" srcset=\"http:\/\/www.proma.com.br\/blog\/wp-content\/uploads\/2017\/07\/34.jpg 449w, http:\/\/www.proma.com.br\/blog\/wp-content\/uploads\/2017\/07\/34-219x300.jpg 219w\" sizes=\"(max-width: 449px) 100vw, 449px\" \/><\/a> <a href=\"http:\/\/www.proma.com.br\/blog\/wp-content\/uploads\/2017\/07\/35.jpg\"><img loading=\"lazy\" class=\"alignnone size-large wp-image-4777\" src=\"http:\/\/www.proma.com.br\/blog\/wp-content\/uploads\/2017\/07\/35.jpg\" alt=\"35\" width=\"584\" height=\"385\" srcset=\"http:\/\/www.proma.com.br\/blog\/wp-content\/uploads\/2017\/07\/35.jpg 928w, http:\/\/www.proma.com.br\/blog\/wp-content\/uploads\/2017\/07\/35-454x300.jpg 454w\" sizes=\"(max-width: 584px) 100vw, 584px\" \/><\/a> <a href=\"http:\/\/www.proma.com.br\/blog\/wp-content\/uploads\/2017\/07\/36.jpg\"><img loading=\"lazy\" class=\"alignnone size-large wp-image-4778\" src=\"http:\/\/www.proma.com.br\/blog\/wp-content\/uploads\/2017\/07\/36.jpg\" alt=\"36\" width=\"409\" height=\"614\" srcset=\"http:\/\/www.proma.com.br\/blog\/wp-content\/uploads\/2017\/07\/36.jpg 409w, http:\/\/www.proma.com.br\/blog\/wp-content\/uploads\/2017\/07\/36-199x300.jpg 199w\" sizes=\"(max-width: 409px) 100vw, 409px\" \/><\/a> <a href=\"http:\/\/www.proma.com.br\/blog\/wp-content\/uploads\/2017\/07\/37.jpg\"><img loading=\"lazy\" class=\"alignnone size-large wp-image-4779\" src=\"http:\/\/www.proma.com.br\/blog\/wp-content\/uploads\/2017\/07\/37.jpg\" alt=\"37\" width=\"409\" height=\"614\" srcset=\"http:\/\/www.proma.com.br\/blog\/wp-content\/uploads\/2017\/07\/37.jpg 409w, http:\/\/www.proma.com.br\/blog\/wp-content\/uploads\/2017\/07\/37-199x300.jpg 199w\" sizes=\"(max-width: 409px) 100vw, 409px\" \/><\/a><\/p>\n<p>Qual desses ambientes voc\u00ea mais gostou?<br \/>\nSaiba que o cultivo de plantas \u00e9 uma atividade que acalma e relaxa. Dedique um tempo do seu dia para algo que lhe d\u00ea prazer, alegria e satisfa\u00e7\u00e3o, pois a vida n\u00e3o se resume somente ao trabalho ou \u00e0s atividades dom\u00e9sticas. Para saber mais sobre a gest\u00e3o do tempo, baixe o nosso e-book gratuito. \u00c9 s\u00f3 <a href=\"https:\/\/goo.gl\/C4S3Eq\" target=\"_blank\">clicar aqui<\/a>.<\/p>\n<p><strong>Fonte:<\/strong> <a href=\"https:\/\/goo.gl\/dRvycw\" target=\"_blank\">Casa Claudia<\/a><\/p>\n","protected":false},"excerpt":{"rendered":"<p>Se tem uma planta que merece o t\u00edtulo de vers\u00e1til \u00e9 a espada-de-s\u00e3o-jorge. E sabe por que? Porque al\u00e9m de exigir poucos cuidados, ela fica bem em diferentes ambientes (tanto internos, quanto externos) e ainda pode trazer prote\u00e7\u00e3o para a&hellip;<\/p>\n","protected":false},"author":2,"featured_media":4773,"comment_status":"open","ping_status":"closed","sticky":false,"template":"","format":"standard","meta":[],"categories":[2,1143,1144],"tags":[2783,2786,2784,2785],"_links":{"self":[{"href":"http:\/\/www.proma.com.br\/blog\/wp-json\/wp\/v2\/posts\/4769"}],"collection":[{"href":"http:\/\/www.proma.com.br\/blog\/wp-json\/wp\/v2\/posts"}],"about":[{"href":"http:\/\/www.proma.com.br\/blog\/wp-json\/wp\/v2\/types\/post"}],"author":[{"embeddable":true,"href":"http:\/\/www.proma.com.br\/blog\/wp-json\/wp\/v2\/users\/2"}],"replies":[{"embeddable":true,"href":"http:\/\/www.proma.com.br\/blog\/wp-json\/wp\/v2\/comments?post=4769"}],"version-history":[{"count":3,"href":"http:\/\/www.proma.com.br\/blog\/wp-json\/wp\/v2\/posts\/4769\/revisions"}],"predecessor-version":[{"id":4817,"href":"http:\/\/www.proma.com.br\/blog\/wp-json\/wp\/v2\/posts\/4769\/revisions\/4817"}],"wp:featuredmedia":[{"embeddable":true,"href":"http:\/\/www.proma.com.br\/blog\/wp-json\/wp\/v2\/media\/4773"}],"wp:attachment":[{"href":"http:\/\/www.proma.com.br\/blog\/wp-json\/wp\/v2\/media?parent=4769"}],"wp:term":[{"taxonomy":"category","embeddable":true,"href":"http:\/\/www.proma.com.br\/blog\/wp-json\/wp\/v2\/categories?post=4769"},{"taxonomy":"post_tag","embeddable":true,"href":"http:\/\/www.proma.com.br\/blog\/wp-json\/wp\/v2\/tags?post=4769"}],"curies":[{"name":"wp","href":"https:\/\/api.w.org\/{rel}","templated":true}]}}