{"id":4854,"date":"2017-10-03T15:08:06","date_gmt":"2017-10-03T18:08:06","guid":{"rendered":"http:\/\/www.proma.com.br\/blog\/?p=4854"},"modified":"2017-09-25T19:55:30","modified_gmt":"2017-09-25T22:55:30","slug":"cafe-da-manha-e-brunch-voce-sabe-qual-e-a-diferenca","status":"publish","type":"post","link":"http:\/\/www.proma.com.br\/blog\/cafe-da-manha-e-brunch-voce-sabe-qual-e-a-diferenca\/","title":{"rendered":"CAF\u00c9 DA MANH\u00c3 E BRUNCH: VOC\u00ca SABE QUAL \u00c9 A DIFEREN\u00c7A?"},"content":{"rendered":"<p><a href=\"http:\/\/www.proma.com.br\/blog\/wp-content\/uploads\/2017\/07\/15.jpg\"><img loading=\"lazy\" class=\"alignnone size-full wp-image-4855\" src=\"http:\/\/www.proma.com.br\/blog\/wp-content\/uploads\/2017\/07\/15.jpg\" alt=\"15\" width=\"620\" height=\"620\" srcset=\"http:\/\/www.proma.com.br\/blog\/wp-content\/uploads\/2017\/07\/15.jpg 620w, http:\/\/www.proma.com.br\/blog\/wp-content\/uploads\/2017\/07\/15-300x300.jpg 300w\" sizes=\"(max-width: 620px) 100vw, 620px\" \/><\/a><\/p>\n<p>Imagine e tente sentir agora o aroma do caf\u00e9, o cheiro do p\u00e3o quentinho ou do bolo saindo do forno\u2026<\/p>\n<p>Conseguiu?<\/p>\n<p>Ent\u00e3o seja bem-vindo aos apreciadores de um bom caf\u00e9 da manh\u00e3 ou ao clube dos que preferem um brunch. N\u00e3o sabe a diferen\u00e7a? N\u00f3s explicamos para voc\u00ea!<\/p>\n<p><a href=\"http:\/\/www.proma.com.br\/blog\/wp-content\/uploads\/2017\/07\/16.jpg\"><img loading=\"lazy\" class=\"alignnone size-full wp-image-4856\" src=\"http:\/\/www.proma.com.br\/blog\/wp-content\/uploads\/2017\/07\/16.jpg\" alt=\"16\" width=\"620\" height=\"413\" srcset=\"http:\/\/www.proma.com.br\/blog\/wp-content\/uploads\/2017\/07\/16.jpg 620w, http:\/\/www.proma.com.br\/blog\/wp-content\/uploads\/2017\/07\/16-450x300.jpg 450w\" sizes=\"(max-width: 620px) 100vw, 620px\" \/><\/a><\/p>\n<p>Quando se fala em caf\u00e9 da manh\u00e3, presume-se uma refei\u00e7\u00e3o feita logo ap\u00f3s acordar e que ser\u00e1 seguida de um almo\u00e7o. Quando se fala em brunch, presume-se uma refei\u00e7\u00e3o \u2013 n\u00e3o necessariamente a primeira do dia para aqueles que acordam bem cedo \u2013 entre o meio e o final da manh\u00e3 e que far\u00e1 as vezes de caf\u00e9 da manh\u00e3 e almo\u00e7o \u2013 da\u00ed a palavra, origin\u00e1ria da jun\u00e7\u00e3o, em ingl\u00eas, de breakfast e lunch.<\/p>\n<p>O <strong>caf\u00e9 da manh\u00e3<\/strong> come\u00e7a mais cedo do que o brunch. O hor\u00e1rio para come\u00e7ar depende do dia da semana e dos h\u00e1bitos dos convidados, mas, em nossa opini\u00e3o, o caf\u00e9 da manh\u00e3 n\u00e3o se estende por muito tempo \u2013 duas horas s\u00e3o mais que suficientes. O card\u00e1pio \u2013 principalmente em nossa cultura \u2013 tamb\u00e9m \u00e9 mais leve, incluindo, por exemplo, frutas, cereais, iogurtes, bolos secos, p\u00e3es, frios, queijos, manteiga, requeij\u00e3o e outros similares, geleias, leite, caf\u00e9 (claro!), achocolatados e sucos. Outra coisa que adoramos incluir no card\u00e1pio? Tapioca! Ovos tamb\u00e9m podem ser servidos e caem muito bem.<\/p>\n<p>Como o caf\u00e9 da manh\u00e3 deve ser r\u00e1pido e informal, as comidas podem ser dispostas tanto no centro da mesa \u2013 como fazemos no dia a dia e quando recebemos poucas pessoas da fam\u00edlia \u2013 ou em um aparador, que sempre d\u00e1 mais liberdade para todos se servirem sem interferir na conversa.<\/p>\n<p><a href=\"http:\/\/www.proma.com.br\/blog\/wp-content\/uploads\/2017\/07\/171.jpg\"><img loading=\"lazy\" class=\"alignnone size-full wp-image-4857\" src=\"http:\/\/www.proma.com.br\/blog\/wp-content\/uploads\/2017\/07\/171.jpg\" alt=\"17\" width=\"620\" height=\"413\" srcset=\"http:\/\/www.proma.com.br\/blog\/wp-content\/uploads\/2017\/07\/171.jpg 620w, http:\/\/www.proma.com.br\/blog\/wp-content\/uploads\/2017\/07\/171-450x300.jpg 450w\" sizes=\"(max-width: 620px) 100vw, 620px\" \/><\/a><\/p>\n<p>O <strong>brunch<\/strong> come\u00e7a do meio para o final da manh\u00e3 e se estende enquanto durar a anima\u00e7\u00e3o dos convidados. O legal \u00e9 justamente n\u00e3o ter hora para terminar. Diz-se que ele foi criado na Inglaterra, no final do s\u00e9culo 19, para atender \u00e0 festeiros que passavam a noite se divertindo e s\u00f3 conseguiam acordar muito tarde no dia seguinte, e, por isso, ele \u00e9 tradicionalmente servido aos domingos e feriados.<\/p>\n<p>Como quem toma brunch n\u00e3o almo\u00e7a, o card\u00e1pio aqui precisa ter uma variedade maior de comidas capazes de aplacar o apetite e manter todos bem at\u00e9 o final do dia.<\/p>\n<p><a href=\"http:\/\/www.proma.com.br\/blog\/wp-content\/uploads\/2017\/07\/191.jpg\"><img loading=\"lazy\" class=\"alignnone size-full wp-image-4859\" src=\"http:\/\/www.proma.com.br\/blog\/wp-content\/uploads\/2017\/07\/191.jpg\" alt=\"19\" width=\"620\" height=\"413\" srcset=\"http:\/\/www.proma.com.br\/blog\/wp-content\/uploads\/2017\/07\/191.jpg 620w, http:\/\/www.proma.com.br\/blog\/wp-content\/uploads\/2017\/07\/191-450x300.jpg 450w\" sizes=\"(max-width: 620px) 100vw, 620px\" \/><\/a><\/p>\n<p>Al\u00e9m dos mesmos pratos servidos no caf\u00e9 da manh\u00e3, no brunch tamb\u00e9m s\u00e3o inclu\u00eddos, por exemplo, queijos e carnes mais gordurosos \u2013 brie e presunto cru s\u00e3o boas alternativas \u2013 tortas, salgadas e doces, quiches, p\u00e3es e omeletes bem recheados, saladas, batatas, bruschettas, peixes defumados e at\u00e9 ostras, camar\u00f5es e outros frutos do mar. Quer sofisticar? Inclua blinis com creme azedo e ovas no card\u00e1pio do brunch.<\/p>\n<p>Como o brunch se estende indefinidamente, avan\u00e7ando muitas vezes longe na tardinha, as comidas precisam estar sempre \u00e0 disposi\u00e7\u00e3o dos convidados \u2013 salvo uma coisa ou outra que precisa ser feita imediatamente antes de se servir. Assim, dispor as comidas sobre um aparador ou servir o brunch em estilo buffet \u00e9 essencial. Desta forma, al\u00e9m da mesa permanecer arrumada \u2013 se o caso for de mesa posta \u2013 todos ficam livres para circular, conversar e se servir quando e quantas vezes quiserem.<\/p>\n<p><a href=\"http:\/\/www.proma.com.br\/blog\/wp-content\/uploads\/2017\/07\/181.jpg\"><img loading=\"lazy\" class=\"alignnone size-full wp-image-4858\" src=\"http:\/\/www.proma.com.br\/blog\/wp-content\/uploads\/2017\/07\/181.jpg\" alt=\"18\" width=\"620\" height=\"413\" srcset=\"http:\/\/www.proma.com.br\/blog\/wp-content\/uploads\/2017\/07\/181.jpg 620w, http:\/\/www.proma.com.br\/blog\/wp-content\/uploads\/2017\/07\/181-450x300.jpg 450w\" sizes=\"(max-width: 620px) 100vw, 620px\" \/><\/a><\/p>\n<p>Uma outra diferen\u00e7a importante entre o <strong>caf\u00e9 da manh\u00e3 e o brunch<\/strong> \u00e9 a de que, ao contr\u00e1rio do primeiro, no brunch s\u00e3o servidas bebidas mais fortes, inclusive alco\u00f3licas. Suco de tomate \u00e9 muito tradicional quando se fala em brunch, assim como o Bloody Mary. Espumante e drinks preparados a partir dele tamb\u00e9m caem muito bem.<\/p>\n<p><strong>Fonte:<\/strong> <a href=\"https:\/\/goo.gl\/iDiCMn\" target=\"_blank\">Casa Vogue<\/a><\/p>\n<p>Quer dicas para deixar a mesa do caf\u00e9 da manh\u00e3 ainda mais charmosa? Basta\u00a0<a href=\"https:\/\/goo.gl\/2zCn8n\" target=\"_blank\">clicar aqui<\/a>.<\/p>\n<p>___<\/p>\n<p>E ent\u00e3o, que tal colocar essas ideias em pr\u00e1tica? Dedique \u2013 sempre! \u2013 um tempo do seu dia, da sua semana e do seu m\u00eas para algo que lhe d\u00ea prazer, alegria e satisfa\u00e7\u00e3o, pois a vida n\u00e3o se resume somente ao trabalho.<\/p>\n<p>Para saber mais sobre a gest\u00e3o do tempo, baixe o nosso e-book gratuito. \u00c9 s\u00f3 <a href=\"https:\/\/goo.gl\/C4S3Eq\" target=\"_blank\">clicar aqui<\/a>.<\/p>\n","protected":false},"excerpt":{"rendered":"<p>Imagine e tente sentir agora o aroma do caf\u00e9, o cheiro do p\u00e3o quentinho ou do bolo saindo do forno\u2026 Conseguiu? Ent\u00e3o seja bem-vindo aos apreciadores de um bom caf\u00e9 da manh\u00e3 ou ao clube dos que preferem um brunch.&hellip;<\/p>\n","protected":false},"author":2,"featured_media":4856,"comment_status":"open","ping_status":"closed","sticky":false,"template":"","format":"standard","meta":[],"categories":[1142,1144,3],"tags":[2807,1338,2674,2791,2130],"_links":{"self":[{"href":"http:\/\/www.proma.com.br\/blog\/wp-json\/wp\/v2\/posts\/4854"}],"collection":[{"href":"http:\/\/www.proma.com.br\/blog\/wp-json\/wp\/v2\/posts"}],"about":[{"href":"http:\/\/www.proma.com.br\/blog\/wp-json\/wp\/v2\/types\/post"}],"author":[{"embeddable":true,"href":"http:\/\/www.proma.com.br\/blog\/wp-json\/wp\/v2\/users\/2"}],"replies":[{"embeddable":true,"href":"http:\/\/www.proma.com.br\/blog\/wp-json\/wp\/v2\/comments?post=4854"}],"version-history":[{"count":3,"href":"http:\/\/www.proma.com.br\/blog\/wp-json\/wp\/v2\/posts\/4854\/revisions"}],"predecessor-version":[{"id":5032,"href":"http:\/\/www.proma.com.br\/blog\/wp-json\/wp\/v2\/posts\/4854\/revisions\/5032"}],"wp:featuredmedia":[{"embeddable":true,"href":"http:\/\/www.proma.com.br\/blog\/wp-json\/wp\/v2\/media\/4856"}],"wp:attachment":[{"href":"http:\/\/www.proma.com.br\/blog\/wp-json\/wp\/v2\/media?parent=4854"}],"wp:term":[{"taxonomy":"category","embeddable":true,"href":"http:\/\/www.proma.com.br\/blog\/wp-json\/wp\/v2\/categories?post=4854"},{"taxonomy":"post_tag","embeddable":true,"href":"http:\/\/www.proma.com.br\/blog\/wp-json\/wp\/v2\/tags?post=4854"}],"curies":[{"name":"wp","href":"https:\/\/api.w.org\/{rel}","templated":true}]}}