{"id":4898,"date":"2017-10-17T14:47:00","date_gmt":"2017-10-17T17:47:00","guid":{"rendered":"http:\/\/www.proma.com.br\/blog\/?p=4898"},"modified":"2017-10-19T12:28:16","modified_gmt":"2017-10-19T15:28:16","slug":"sustentabilidade-dicas-para-economizar-energia-eletrica","status":"publish","type":"post","link":"http:\/\/www.proma.com.br\/blog\/sustentabilidade-dicas-para-economizar-energia-eletrica\/","title":{"rendered":"SUSTENTABILIDADE: DICAS PARA ECONOMIZAR ENERGIA EL\u00c9TRICA"},"content":{"rendered":"<p>O nosso dia a dia \u00e9 t\u00e3o corrido que, muitas vezes, nem nos damos conta do valor da nossa conta de energia el\u00e9trica. Dessa forma, n\u00e3o paramos para analisar o quanto estamos consumindo e quais s\u00e3o as atitudes que devemos tomar para gastar menos (se for o caso) e, assim, contribuir \u2013 tamb\u00e9m \u2013 com a sustentabilidade.<\/p>\n<p>________<\/p>\n<p>Arquitetura sustent\u00e1vel: o que \u00e9 e como fazer? <a href=\"https:\/\/goo.gl\/RYVsTz\" target=\"_blank\">Clique aqui<\/a> e fique bem informado.<\/p>\n<p>________<\/p>\n<p>Saiba que pequenas mudan\u00e7as de atitude ajudam a economizar energia el\u00e9trica e a poupar o nosso bolso no final do m\u00eas.<\/p>\n<p><a href=\"http:\/\/www.proma.com.br\/blog\/wp-content\/uploads\/2017\/08\/231.jpg\"><img loading=\"lazy\" class=\"alignnone size-full wp-image-4899\" src=\"http:\/\/www.proma.com.br\/blog\/wp-content\/uploads\/2017\/08\/231.jpg\" alt=\"23\" width=\"620\" height=\"550\" srcset=\"http:\/\/www.proma.com.br\/blog\/wp-content\/uploads\/2017\/08\/231.jpg 620w, http:\/\/www.proma.com.br\/blog\/wp-content\/uploads\/2017\/08\/231-338x300.jpg 338w\" sizes=\"(max-width: 620px) 100vw, 620px\" \/><\/a><\/p>\n<p>Confira e compartilhe com os amigos!<\/p>\n<p><strong>Acerte nos eletrodom\u00e9sticos<\/strong><\/p>\n<p>Escolha sempre os produtos com o selo do Programa Nacional de Conserva\u00e7\u00e3o de Energia El\u00e9trica. Eles podem at\u00e9 custar um pouco mais na hora da compra, mas, dessa forma, voc\u00ea evita problemas e gastos futuros com a energia.<\/p>\n<p><strong>Escolha l\u00e2mpadas de LED<\/strong><\/p>\n<p>Elas iluminam como uma l\u00e2mpada convencional, s\u00f3 que gastam at\u00e9 80% menos de energia. Al\u00e9m disso, as l\u00e2mpadas de LED duram mais e n\u00e3o esquentam o ambiente.<\/p>\n<p>________<\/p>\n<p>Nova l\u00e2mpada com Led dura at\u00e9 40 anos. <a href=\"https:\/\/goo.gl\/UVjwZw\" target=\"_blank\">Clique aqui<\/a> e saiba mais.<\/p>\n<p>________<\/p>\n<p><strong>Aproveite a ilumina\u00e7\u00e3o natural<\/strong><\/p>\n<p>Se voc\u00ea est\u00e1 reformando a casa ou planeja essa mudan\u00e7a, considere instalar blocos de vidro ou telhas transparentes em pontos estrat\u00e9gicos do lar. Eles podem proporcionar at\u00e9 80% mais ilumina\u00e7\u00e3o natural para o ambiente, economizando luz.<\/p>\n<p>________<\/p>\n<p><a href=\"https:\/\/goo.gl\/rwKWRr\" target=\"_blank\">Clique aqui<\/a> e saiba mais sobre a ilumina\u00e7\u00e3o natural nos empreendimentos Proma.<\/p>\n<p>________<\/p>\n<p><strong>Na d\u00favida, v\u00e1 de branco<\/strong><\/p>\n<p>Outra dica para adiar a hora de acender as luzes de casa \u00e9 optar por cortinas brancas (tudo o que voc\u00ea precisa saber sobre cortinas est\u00e1 <a href=\"https:\/\/goo.gl\/psdeK7\" target=\"_blank\">aqui<\/a>) e paredes claras. Isso contribui com a passagem natural da luz. As cores claras a refletem e espalham por todo o ambiente.<\/p>\n<p><strong>Menos tempo no banho<\/strong><\/p>\n<p>N\u00e3o d\u00e1 para fugir dessa dica. Fa\u00e7a um esfor\u00e7o e tome banhos de, no m\u00e1ximo, 10 minutos. E se, por acaso, o chuveiro queimar, n\u00e3o fa\u00e7a remendos. Al\u00e9m de perigoso, essas gambiarras consomem mais energia. A melhor solu\u00e7\u00e3o \u00e9 comprar uma resist\u00eancia nova.<\/p>\n<p><strong>Mantenha a geladeira fechada&#8230;<\/strong><\/p>\n<p>&#8230; o m\u00e1ximo de tempo poss\u00edvel. Quanto mais tempo aberta, mais o ar frio sai e mais o motor tem que trabalhar para esfri\u00e1-la novamente.<\/p>\n<p><strong>Acumule roupa<\/strong><\/p>\n<p>N\u00e3o se incomode com a pilha que acumula na lavanderia. Pelo bem do planeta e do seu bolso, \u00e9 melhor acumular roupas \u2013 tanto para lavar, quanto para passar. A m\u00e1quina de lavar e o ferro de passar consomem muita energia. Por isso, procure us\u00e1-los quando tiver roupas suficientes para encher a m\u00e1quina. Uma boa ideia \u00e9 deixar as roupas mais leves, que precisam de menos calor do ferro de passar, por \u00faltimo, assim \u00e9 poss\u00edvel pass\u00e1-las com ele desligado, mas ainda quente.<\/p>\n<p><strong>Otimize o ar-condicionado<\/strong><\/p>\n<p>Quando ele estiver ligado, as portas devem estar fechadas, voc\u00ea j\u00e1 sabe. Outra dica \u00e9 desligar o aparelho antes de ir embora, pois o ambiente continuar\u00e1 refrigerado por mais alguns minutos.<\/p>\n<p>Essas dicas n\u00e3o s\u00e3o dif\u00edceis de serem colocadas em pr\u00e1tica, s\u00e3o? Vale a pena o esfor\u00e7o para o bem do meio ambiente e tamb\u00e9m para a sua economia dom\u00e9stica.<\/p>\n<p><strong>Fonte: <\/strong><a href=\"https:\/\/goo.gl\/rvRVVo\" target=\"_blank\">Casa e Jardim<\/a><\/p>\n<p>___<\/p>\n<p>Recicle, reutilize e conquiste um lar sustent\u00e1vel. Para saber mais \u00e9 s\u00f3 <a href=\"https:\/\/goo.gl\/TQBKzF\" target=\"_blank\">clicar aqui<\/a>.<\/p>\n","protected":false},"excerpt":{"rendered":"<p>O nosso dia a dia \u00e9 t\u00e3o corrido que, muitas vezes, nem nos damos conta do valor da nossa conta de energia el\u00e9trica. Dessa forma, n\u00e3o paramos para analisar o quanto estamos consumindo e quais s\u00e3o as atitudes que devemos&hellip;<\/p>\n","protected":false},"author":2,"featured_media":4899,"comment_status":"open","ping_status":"closed","sticky":false,"template":"","format":"standard","meta":[],"categories":[1149],"tags":[1275,2817,2818,1035],"_links":{"self":[{"href":"http:\/\/www.proma.com.br\/blog\/wp-json\/wp\/v2\/posts\/4898"}],"collection":[{"href":"http:\/\/www.proma.com.br\/blog\/wp-json\/wp\/v2\/posts"}],"about":[{"href":"http:\/\/www.proma.com.br\/blog\/wp-json\/wp\/v2\/types\/post"}],"author":[{"embeddable":true,"href":"http:\/\/www.proma.com.br\/blog\/wp-json\/wp\/v2\/users\/2"}],"replies":[{"embeddable":true,"href":"http:\/\/www.proma.com.br\/blog\/wp-json\/wp\/v2\/comments?post=4898"}],"version-history":[{"count":5,"href":"http:\/\/www.proma.com.br\/blog\/wp-json\/wp\/v2\/posts\/4898\/revisions"}],"predecessor-version":[{"id":5190,"href":"http:\/\/www.proma.com.br\/blog\/wp-json\/wp\/v2\/posts\/4898\/revisions\/5190"}],"wp:featuredmedia":[{"embeddable":true,"href":"http:\/\/www.proma.com.br\/blog\/wp-json\/wp\/v2\/media\/4899"}],"wp:attachment":[{"href":"http:\/\/www.proma.com.br\/blog\/wp-json\/wp\/v2\/media?parent=4898"}],"wp:term":[{"taxonomy":"category","embeddable":true,"href":"http:\/\/www.proma.com.br\/blog\/wp-json\/wp\/v2\/categories?post=4898"},{"taxonomy":"post_tag","embeddable":true,"href":"http:\/\/www.proma.com.br\/blog\/wp-json\/wp\/v2\/tags?post=4898"}],"curies":[{"name":"wp","href":"https:\/\/api.w.org\/{rel}","templated":true}]}}