{"id":4918,"date":"2017-10-31T15:01:33","date_gmt":"2017-10-31T18:01:33","guid":{"rendered":"http:\/\/www.proma.com.br\/blog\/?p=4918"},"modified":"2017-09-28T22:04:36","modified_gmt":"2017-09-29T01:04:36","slug":"ideias-de-decoracao-e-organizacao-para-a-lavanderia","status":"publish","type":"post","link":"http:\/\/www.proma.com.br\/blog\/ideias-de-decoracao-e-organizacao-para-a-lavanderia\/","title":{"rendered":"IDEIAS DE DECORA\u00c7\u00c3O (E ORGANIZA\u00c7\u00c3O!) PARA A LAVANDERIA"},"content":{"rendered":"<p>Mesmo nas menores \u00e1reas, as lavanderias n\u00e3o precisam ser o patinho feio da casa. Pense bem: al\u00e9m de funcional, o ambiente tamb\u00e9m deve ser bonito e atrativo para inspirar e fazer bem \u00e0 pessoa que vai lavar e passar (<a href=\"https:\/\/goo.gl\/xPGfuY\" target=\"_blank\">clique aqui<\/a> e confira cinco dicas para decorar a \u00e1rea de servi\u00e7o).<\/p>\n<p>As propostas a seguir s\u00e3o prova disso! Inspire-se com elas.<\/p>\n<p><strong>1. Formato de corredor e circula\u00e7\u00e3o livre<\/strong><\/p>\n<p>Tons de azul alegram esta \u00e1rea de servi\u00e7o de 7,15\u00a0m\u00b2, onde todas as fun\u00e7\u00f5es se concentram em uma das laterais. \u201cOs pontos hidr\u00e1ulicos ficam embutidos em nichos escavados na parede\u201d, comenta a arquiteta Juliana Pippi, autora do projeto.<\/p>\n<p>A solu\u00e7\u00e3o permite que as lavadoras caibam sob a bancada de granito branco ita\u00fanas escovado, com 65 cm de profundidade. A pedra arremata o gabinete suspenso, acabado com laminado azul e puxadores embutidos.<\/p>\n<p><a href=\"http:\/\/www.proma.com.br\/blog\/wp-content\/uploads\/2017\/08\/32.png\"><img loading=\"lazy\" class=\"alignnone size-full wp-image-4919\" src=\"http:\/\/www.proma.com.br\/blog\/wp-content\/uploads\/2017\/08\/32.png\" alt=\"32\" width=\"700\" height=\"1035\" srcset=\"http:\/\/www.proma.com.br\/blog\/wp-content\/uploads\/2017\/08\/32.png 700w, http:\/\/www.proma.com.br\/blog\/wp-content\/uploads\/2017\/08\/32-202x300.png 202w\" sizes=\"(max-width: 700px) 100vw, 700px\" \/><\/a><\/p>\n<p>Outro destaque \u00e9 o varal de varetas individuais, que se beneficia da ventila\u00e7\u00e3o da janela enquanto a parede oposta, livre, exibe um mix de azulejos estampados.<\/p>\n<p><strong>2. Setorizada na continua\u00e7\u00e3o da cozinha<\/strong><\/p>\n<p>Este apartamento de 137 m\u00b2\u00a0teve seus ambientes integrados para ganhar fluidez e ventila\u00e7\u00e3o cruzada, medida que favoreceu a lavanderia de 6 m\u00b2, localizada nos fundos da planta.<\/p>\n<p>Isolada da cozinha pelo port\u00e3o de chapa met\u00e1lica perfurada cinza, ela ocupa o espa\u00e7o deixado pelo antigo quartinho de servi\u00e7o.<\/p>\n<p><a href=\"http:\/\/www.proma.com.br\/blog\/wp-content\/uploads\/2017\/08\/33.png\"><img loading=\"lazy\" class=\"alignnone size-full wp-image-4920\" src=\"http:\/\/www.proma.com.br\/blog\/wp-content\/uploads\/2017\/08\/33.png\" alt=\"33\" width=\"700\" height=\"939\" srcset=\"http:\/\/www.proma.com.br\/blog\/wp-content\/uploads\/2017\/08\/33.png 700w, http:\/\/www.proma.com.br\/blog\/wp-content\/uploads\/2017\/08\/33-223x300.png 223w\" sizes=\"(max-width: 700px) 100vw, 700px\" \/><\/a><\/p>\n<p>A favor da uniformidade, o piso repete o granilite aplicado na sala, refer\u00eancia inspirada pelos corredores do pr\u00e9dio. O laminado verde anima os arm\u00e1rios de MDF. Na pequena bancada do tanque, o material \u00e9 o granito preto S\u00e3o Gabriel.<\/p>\n<p><strong>3. Integra\u00e7\u00e3o com solu\u00e7\u00f5es discretas<\/strong><\/p>\n<p>\u00c9 preciso olhar com aten\u00e7\u00e3o para perceber que ao fundo da cozinha existe uma \u00e1rea de 5 m\u00b2\u00a0dedicada \u00e0 lavanderia neste projeto das arquitetas Patricia de Palma e Fabiana Silveira.<\/p>\n<p><a href=\"http:\/\/www.proma.com.br\/blog\/wp-content\/uploads\/2017\/08\/34.png\"><img loading=\"lazy\" class=\"alignnone size-full wp-image-4921\" src=\"http:\/\/www.proma.com.br\/blog\/wp-content\/uploads\/2017\/08\/34.png\" alt=\"34\" width=\"700\" height=\"991\" srcset=\"http:\/\/www.proma.com.br\/blog\/wp-content\/uploads\/2017\/08\/34.png 700w, http:\/\/www.proma.com.br\/blog\/wp-content\/uploads\/2017\/08\/34-211x300.png 211w\" sizes=\"(max-width: 700px) 100vw, 700px\" \/><\/a><\/p>\n<p>\u201cDecidimos unir visualmente os ambientes para conquistar uma \u00e1rea funcional maior\u201d, explica Fabiana. A aposta resultou em uma longa bancada de granito cinza absoluto que se estende at\u00e9 a m\u00e1quina lava e seca, estrategicamente oculta por uma porta vazada.<\/p>\n<p><a href=\"http:\/\/www.proma.com.br\/blog\/wp-content\/uploads\/2017\/10\/04_cozinha-img_5701-1-copy.png\"><img loading=\"lazy\" class=\"alignnone size-full wp-image-5026\" src=\"http:\/\/www.proma.com.br\/blog\/wp-content\/uploads\/2017\/10\/04_cozinha-img_5701-1-copy.png\" alt=\"04_cozinha-img_5701-1-copy\" width=\"700\" height=\"1088\" srcset=\"http:\/\/www.proma.com.br\/blog\/wp-content\/uploads\/2017\/10\/04_cozinha-img_5701-1-copy.png 700w, http:\/\/www.proma.com.br\/blog\/wp-content\/uploads\/2017\/10\/04_cozinha-img_5701-1-copy-193x300.png 193w\" sizes=\"(max-width: 700px) 100vw, 700px\" \/><\/a><\/p>\n<p>Qual foi o projeto de lavanderia que voc\u00ea mais gostou para servir de inspira\u00e7\u00e3o no seu apartamento Proma?<\/p>\n<p><strong>Fonte:<\/strong> <a href=\"https:\/\/goo.gl\/kGyu9L\" target=\"_blank\">Arquitetura e Constru\u00e7\u00e3o<\/a><\/p>\n<p>___<\/p>\n<p>Voc\u00ea quer saber como otimizar ainda mais o espa\u00e7o da lavanderia? Ent\u00e3o <a href=\"https:\/\/goo.gl\/Zi43Hj\" target=\"_blank\">clique aqui<\/a>.<\/p>\n<p>Falando em lavanderia, voc\u00ea quer saber como lavar as roupas corretamente? Basta <a href=\"https:\/\/goo.gl\/WBkXim\" target=\"_blank\">clicar aqui<\/a>.<\/p>\n","protected":false},"excerpt":{"rendered":"<p>Mesmo nas menores \u00e1reas, as lavanderias n\u00e3o precisam ser o patinho feio da casa. Pense bem: al\u00e9m de funcional, o ambiente tamb\u00e9m deve ser bonito e atrativo para inspirar e fazer bem \u00e0 pessoa que vai lavar e passar (clique&hellip;<\/p>\n","protected":false},"author":2,"featured_media":4920,"comment_status":"open","ping_status":"closed","sticky":false,"template":"","format":"standard","meta":[],"categories":[2,5],"tags":[2821,2531,2820],"_links":{"self":[{"href":"http:\/\/www.proma.com.br\/blog\/wp-json\/wp\/v2\/posts\/4918"}],"collection":[{"href":"http:\/\/www.proma.com.br\/blog\/wp-json\/wp\/v2\/posts"}],"about":[{"href":"http:\/\/www.proma.com.br\/blog\/wp-json\/wp\/v2\/types\/post"}],"author":[{"embeddable":true,"href":"http:\/\/www.proma.com.br\/blog\/wp-json\/wp\/v2\/users\/2"}],"replies":[{"embeddable":true,"href":"http:\/\/www.proma.com.br\/blog\/wp-json\/wp\/v2\/comments?post=4918"}],"version-history":[{"count":5,"href":"http:\/\/www.proma.com.br\/blog\/wp-json\/wp\/v2\/posts\/4918\/revisions"}],"predecessor-version":[{"id":5025,"href":"http:\/\/www.proma.com.br\/blog\/wp-json\/wp\/v2\/posts\/4918\/revisions\/5025"}],"wp:featuredmedia":[{"embeddable":true,"href":"http:\/\/www.proma.com.br\/blog\/wp-json\/wp\/v2\/media\/4920"}],"wp:attachment":[{"href":"http:\/\/www.proma.com.br\/blog\/wp-json\/wp\/v2\/media?parent=4918"}],"wp:term":[{"taxonomy":"category","embeddable":true,"href":"http:\/\/www.proma.com.br\/blog\/wp-json\/wp\/v2\/categories?post=4918"},{"taxonomy":"post_tag","embeddable":true,"href":"http:\/\/www.proma.com.br\/blog\/wp-json\/wp\/v2\/tags?post=4918"}],"curies":[{"name":"wp","href":"https:\/\/api.w.org\/{rel}","templated":true}]}}