{"id":4924,"date":"2017-11-02T15:01:50","date_gmt":"2017-11-02T18:01:50","guid":{"rendered":"http:\/\/www.proma.com.br\/blog\/?p=4924"},"modified":"2017-09-28T22:10:36","modified_gmt":"2017-09-29T01:10:36","slug":"projetos-que-inspiram-a-iluminacao-como-destaque-em-um-apartamento","status":"publish","type":"post","link":"http:\/\/www.proma.com.br\/blog\/projetos-que-inspiram-a-iluminacao-como-destaque-em-um-apartamento\/","title":{"rendered":"PROJETOS QUE INSPIRAM: A ILUMINA\u00c7\u00c3O COMO DESTAQUE EM UM APARTAMENTO"},"content":{"rendered":"<p><a href=\"http:\/\/www.proma.com.br\/blog\/wp-content\/uploads\/2017\/08\/36.jpg\"><img loading=\"lazy\" class=\"alignnone size-large wp-image-4926\" src=\"http:\/\/www.proma.com.br\/blog\/wp-content\/uploads\/2017\/08\/36-1024x680.jpg\" alt=\"36\" width=\"584\" height=\"387\" srcset=\"http:\/\/www.proma.com.br\/blog\/wp-content\/uploads\/2017\/08\/36-1024x680.jpg 1024w, http:\/\/www.proma.com.br\/blog\/wp-content\/uploads\/2017\/08\/36-960x638.jpg 960w, http:\/\/www.proma.com.br\/blog\/wp-content\/uploads\/2017\/08\/36-451x300.jpg 451w, http:\/\/www.proma.com.br\/blog\/wp-content\/uploads\/2017\/08\/36.jpg 1200w\" sizes=\"(max-width: 584px) 100vw, 584px\" \/><\/a><\/p>\n<p>Quando o assunto \u00e9 arquitetura e decora\u00e7\u00e3o n\u00e3o faltam op\u00e7\u00f5es, muito menos novidades. Pare cinco minutos e fa\u00e7a uma pesquisa simples sobre algum item que voc\u00ea precisa para o seu lar, como por exemplo: tapete, cortina, m\u00f3veis para a sala etc.<\/p>\n<p>Fez?<\/p>\n<p>\u00c9 tanta coisa que n\u00e3o sabemos nem por onde come\u00e7ar, n\u00e3o \u00e9 mesmo? Por isso, nada melhor do que ter uma sele\u00e7\u00e3o pronta e ver alguns projetos que podem servir de modelo para o nosso pr\u00f3prio cantinho.<\/p>\n<p>Aqui est\u00e1 um apartamento lindo e convidativo. Se voc\u00ea mora sozinho, \u00e9 uma bela inspira\u00e7\u00e3o!<\/p>\n<p><a href=\"http:\/\/www.proma.com.br\/blog\/wp-content\/uploads\/2017\/08\/35.jpg\"><img loading=\"lazy\" class=\"alignnone size-large wp-image-4925\" src=\"http:\/\/www.proma.com.br\/blog\/wp-content\/uploads\/2017\/08\/35-1024x682.jpg\" alt=\"35\" width=\"584\" height=\"388\" srcset=\"http:\/\/www.proma.com.br\/blog\/wp-content\/uploads\/2017\/08\/35-1024x682.jpg 1024w, http:\/\/www.proma.com.br\/blog\/wp-content\/uploads\/2017\/08\/35-960x640.jpg 960w, http:\/\/www.proma.com.br\/blog\/wp-content\/uploads\/2017\/08\/35-450x300.jpg 450w, http:\/\/www.proma.com.br\/blog\/wp-content\/uploads\/2017\/08\/35.jpg 1080w\" sizes=\"(max-width: 584px) 100vw, 584px\" \/><\/a><\/p>\n<p style=\"text-align: left;\">O cliente do escrit\u00f3rio Box14, um homem solteiro, na faixa dos 30 anos de idade, buscava para o seu novo lar um ambiente aconchegante e convidativo, onde pudesse receber seus amigos.<\/p>\n<p style=\"text-align: left;\">_________<\/p>\n<p style=\"text-align: left;\">Casa mistura praia e campo em ambientes aconchegantes. <a href=\"https:\/\/goo.gl\/kFnBt5\" target=\"_blank\">Clique aqui<\/a> e saiba mais.<\/p>\n<p style=\"text-align: left;\">_________<\/p>\n<p>Para este projeto, precis\u00e1vamos fazer as interven\u00e7\u00f5es com o m\u00ednimo de obra e tempo poss\u00edveis. O cliente desejava que o apartamento refletisse seu estilo de vida e seus gostos e, para isso, usamos revestimentos naturais com uma pegada mais industrial, sem perder a contemporaneidade da proposta.<\/p>\n<p><a href=\"http:\/\/www.proma.com.br\/blog\/wp-content\/uploads\/2017\/08\/37.jpg\"><img loading=\"lazy\" class=\"alignnone size-large wp-image-4927\" src=\"http:\/\/www.proma.com.br\/blog\/wp-content\/uploads\/2017\/08\/37-1024x1536.jpg\" alt=\"37\" width=\"584\" height=\"876\" srcset=\"http:\/\/www.proma.com.br\/blog\/wp-content\/uploads\/2017\/08\/37-1024x1536.jpg 1024w, http:\/\/www.proma.com.br\/blog\/wp-content\/uploads\/2017\/08\/37-960x1440.jpg 960w, http:\/\/www.proma.com.br\/blog\/wp-content\/uploads\/2017\/08\/37-200x300.jpg 200w, http:\/\/www.proma.com.br\/blog\/wp-content\/uploads\/2017\/08\/37.jpg 1200w\" sizes=\"(max-width: 584px) 100vw, 584px\" \/><\/a><\/p>\n<p>O apartamento possu\u00eda uma boa ilumina\u00e7\u00e3o natural (<a href=\"https:\/\/goo.gl\/6igsHS\" target=\"_blank\">clique aqui<\/a>\u00a0e saiba mais), por\u00e9m \u00e0 noite os pontos de ilumina\u00e7\u00e3o existentes n\u00e3o eram suficientes. Para solucionar esse problema o escrit\u00f3rio usou as estruturas externas da parede (como eletrocalhas e eletrodutos), que, al\u00e9m de suprirem a necessidade funcional, tornaram-se itens de destaque da decora\u00e7\u00e3o. O projeto de ilumina\u00e7\u00e3o conta com pe\u00e7as projetadas pelo pr\u00f3prio escrit\u00f3rio em todos os ambientes.<\/p>\n<p>Uma das exig\u00eancias do cliente era que n\u00f3s utiliz\u00e1ssemos pe\u00e7as do acervo pessoal de objetos adquiridos em viagens. Por isso, a integra\u00e7\u00e3o de pe\u00e7as antigas e r\u00fasticas com as novas de design contempor\u00e2neo.<\/p>\n<p><a href=\"http:\/\/www.proma.com.br\/blog\/wp-content\/uploads\/2017\/08\/38.jpg\"><img loading=\"lazy\" class=\"alignnone size-large wp-image-4928\" src=\"http:\/\/www.proma.com.br\/blog\/wp-content\/uploads\/2017\/08\/38-1024x682.jpg\" alt=\"38\" width=\"584\" height=\"388\" srcset=\"http:\/\/www.proma.com.br\/blog\/wp-content\/uploads\/2017\/08\/38-1024x682.jpg 1024w, http:\/\/www.proma.com.br\/blog\/wp-content\/uploads\/2017\/08\/38-960x640.jpg 960w, http:\/\/www.proma.com.br\/blog\/wp-content\/uploads\/2017\/08\/38-450x300.jpg 450w, http:\/\/www.proma.com.br\/blog\/wp-content\/uploads\/2017\/08\/38.jpg 1200w\" sizes=\"(max-width: 584px) 100vw, 584px\" \/><\/a> <a href=\"http:\/\/www.proma.com.br\/blog\/wp-content\/uploads\/2017\/08\/39.jpg\"><img loading=\"lazy\" class=\"alignnone size-large wp-image-4929\" src=\"http:\/\/www.proma.com.br\/blog\/wp-content\/uploads\/2017\/08\/39-1024x682.jpg\" alt=\"39\" width=\"584\" height=\"388\" srcset=\"http:\/\/www.proma.com.br\/blog\/wp-content\/uploads\/2017\/08\/39-1024x682.jpg 1024w, http:\/\/www.proma.com.br\/blog\/wp-content\/uploads\/2017\/08\/39-960x640.jpg 960w, http:\/\/www.proma.com.br\/blog\/wp-content\/uploads\/2017\/08\/39-450x300.jpg 450w, http:\/\/www.proma.com.br\/blog\/wp-content\/uploads\/2017\/08\/39.jpg 1200w\" sizes=\"(max-width: 584px) 100vw, 584px\" \/><\/a> <a href=\"http:\/\/www.proma.com.br\/blog\/wp-content\/uploads\/2017\/08\/40.jpg\"><img loading=\"lazy\" class=\"alignnone size-large wp-image-4930\" src=\"http:\/\/www.proma.com.br\/blog\/wp-content\/uploads\/2017\/08\/40-1024x682.jpg\" alt=\"40\" width=\"584\" height=\"388\" srcset=\"http:\/\/www.proma.com.br\/blog\/wp-content\/uploads\/2017\/08\/40-1024x682.jpg 1024w, http:\/\/www.proma.com.br\/blog\/wp-content\/uploads\/2017\/08\/40-960x640.jpg 960w, http:\/\/www.proma.com.br\/blog\/wp-content\/uploads\/2017\/08\/40-450x300.jpg 450w, http:\/\/www.proma.com.br\/blog\/wp-content\/uploads\/2017\/08\/40.jpg 1200w\" sizes=\"(max-width: 584px) 100vw, 584px\" \/><\/a><\/p>\n<p>Gostou?<\/p>\n<p>Voc\u00ea quer mais dicas para servir de inspira\u00e7\u00e3o para o seu projeto? Ent\u00e3o <a href=\"https:\/\/goo.gl\/aQQXuW\" target=\"_blank\">clique aqui<\/a>.<\/p>\n<p><strong>Fonte:<\/strong> <a href=\"https:\/\/goo.gl\/Xd3gk9\" target=\"_blank\">Casa de Valentina<\/a><\/p>\n","protected":false},"excerpt":{"rendered":"<p>Quando o assunto \u00e9 arquitetura e decora\u00e7\u00e3o n\u00e3o faltam op\u00e7\u00f5es, muito menos novidades. Pare cinco minutos e fa\u00e7a uma pesquisa simples sobre algum item que voc\u00ea precisa para o seu lar, como por exemplo: tapete, cortina, m\u00f3veis para a sala&hellip;<\/p>\n","protected":false},"author":2,"featured_media":4926,"comment_status":"open","ping_status":"closed","sticky":false,"template":"","format":"standard","meta":[],"categories":[2,5],"tags":[69,73,2823,555,561,2822],"_links":{"self":[{"href":"http:\/\/www.proma.com.br\/blog\/wp-json\/wp\/v2\/posts\/4924"}],"collection":[{"href":"http:\/\/www.proma.com.br\/blog\/wp-json\/wp\/v2\/posts"}],"about":[{"href":"http:\/\/www.proma.com.br\/blog\/wp-json\/wp\/v2\/types\/post"}],"author":[{"embeddable":true,"href":"http:\/\/www.proma.com.br\/blog\/wp-json\/wp\/v2\/users\/2"}],"replies":[{"embeddable":true,"href":"http:\/\/www.proma.com.br\/blog\/wp-json\/wp\/v2\/comments?post=4924"}],"version-history":[{"count":4,"href":"http:\/\/www.proma.com.br\/blog\/wp-json\/wp\/v2\/posts\/4924\/revisions"}],"predecessor-version":[{"id":5048,"href":"http:\/\/www.proma.com.br\/blog\/wp-json\/wp\/v2\/posts\/4924\/revisions\/5048"}],"wp:featuredmedia":[{"embeddable":true,"href":"http:\/\/www.proma.com.br\/blog\/wp-json\/wp\/v2\/media\/4926"}],"wp:attachment":[{"href":"http:\/\/www.proma.com.br\/blog\/wp-json\/wp\/v2\/media?parent=4924"}],"wp:term":[{"taxonomy":"category","embeddable":true,"href":"http:\/\/www.proma.com.br\/blog\/wp-json\/wp\/v2\/categories?post=4924"},{"taxonomy":"post_tag","embeddable":true,"href":"http:\/\/www.proma.com.br\/blog\/wp-json\/wp\/v2\/tags?post=4924"}],"curies":[{"name":"wp","href":"https:\/\/api.w.org\/{rel}","templated":true}]}}