{"id":5476,"date":"2018-04-05T15:08:38","date_gmt":"2018-04-05T18:08:38","guid":{"rendered":"http:\/\/www.proma.com.br\/blog\/?p=5476"},"modified":"2017-12-04T23:14:03","modified_gmt":"2017-12-05T02:14:03","slug":"livros-de-arquitetura-4-novidades-para-servir-de-inspiracao","status":"publish","type":"post","link":"http:\/\/www.proma.com.br\/blog\/livros-de-arquitetura-4-novidades-para-servir-de-inspiracao\/","title":{"rendered":"LIVROS DE ARQUITETURA: 4 NOVIDADES PARA SERVIR DE INSPIRA\u00c7\u00c3O"},"content":{"rendered":"<p>Lan\u00e7amentos de livros relacionados ao universo da arquitetura e do d\u00e9cor s\u00e3o sempre bem-vindos, n\u00e3o \u00e9 mesmo?<\/p>\n<p>O nosso prop\u00f3sito \u00e9 manter voc\u00ea sempre informado e tamb\u00e9m proporcionar materiais que possam ajudar no projeto arquitet\u00f4nico e de interiores do seu lar. Por essa raz\u00e3o, listamos a seguir quatro publica\u00e7\u00f5es que podem oferecer ideias e inspira\u00e7\u00f5es.<\/p>\n<p><strong>Cole\u00e7\u00e3o Arquiteturas &#8211; Andr\u00e9 Vainer e Guilherme Paoliello<\/strong><\/p>\n<p><a href=\"http:\/\/www.proma.com.br\/blog\/wp-content\/uploads\/2017\/12\/08.jpg\"><img loading=\"lazy\" class=\"alignnone size-full wp-image-5477\" src=\"http:\/\/www.proma.com.br\/blog\/wp-content\/uploads\/2017\/12\/08.jpg\" alt=\"08\" width=\"620\" height=\"410\" srcset=\"http:\/\/www.proma.com.br\/blog\/wp-content\/uploads\/2017\/12\/08.jpg 620w, http:\/\/www.proma.com.br\/blog\/wp-content\/uploads\/2017\/12\/08-453x300.jpg 453w\" sizes=\"(max-width: 620px) 100vw, 620px\" \/><\/a><\/p>\n<p>A Editora da Cidade, da Escola da Cidade, lan\u00e7a mais um livro da s\u00e9rie \u201cCole\u00e7\u00e3o Arquiteturas\u201d. Desta vez, a obra organizada pelos professores Anderson Freitas e Cesar Shundi Iwamizu, em conjunto com alunos, apresenta os trabalhos mais significativos dos arquitetos Andr\u00e9 Vainer e Guilherme Paoliello. S\u00e3o projetos de 1980 e 2010, \u00e9poca em que atuavam juntos no escrit\u00f3rio AVGP, e contribu\u00edram para o desenvolvimento do cen\u00e1rio arquitet\u00f4nico paulista.<\/p>\n<p><a href=\"http:\/\/www.proma.com.br\/blog\/wp-content\/uploads\/2017\/12\/09.jpg\"><img loading=\"lazy\" class=\"alignnone size-full wp-image-5478\" src=\"http:\/\/www.proma.com.br\/blog\/wp-content\/uploads\/2017\/12\/09.jpg\" alt=\"09\" width=\"620\" height=\"487\" srcset=\"http:\/\/www.proma.com.br\/blog\/wp-content\/uploads\/2017\/12\/09.jpg 620w, http:\/\/www.proma.com.br\/blog\/wp-content\/uploads\/2017\/12\/09-381x300.jpg 381w\" sizes=\"(max-width: 620px) 100vw, 620px\" \/><\/a><\/p>\n<p><strong>Gisele Taranto &#8211; Arquitetura<\/strong><\/p>\n<p><a href=\"http:\/\/www.proma.com.br\/blog\/wp-content\/uploads\/2017\/12\/101.jpg\"><img loading=\"lazy\" class=\"alignnone size-full wp-image-5479\" src=\"http:\/\/www.proma.com.br\/blog\/wp-content\/uploads\/2017\/12\/101.jpg\" alt=\"10\" width=\"620\" height=\"620\" srcset=\"http:\/\/www.proma.com.br\/blog\/wp-content\/uploads\/2017\/12\/101.jpg 620w, http:\/\/www.proma.com.br\/blog\/wp-content\/uploads\/2017\/12\/101-300x300.jpg 300w\" sizes=\"(max-width: 620px) 100vw, 620px\" \/><\/a><\/p>\n<p>Formada em arquitetura e urbanismo na Universidade Santa \u00darsula no Rio de Janeiro, Gisele Taranto conta sua trajet\u00f3ria profissional neste livro que re\u00fane 17 projetos luxuosos, entre edif\u00edcios corporativos, casas, apartamentos e mostras de decora\u00e7\u00e3o, criados por ela nos \u00faltimos 10 anos. Publicado pela Zeta Editora.<\/p>\n<p><a href=\"http:\/\/www.proma.com.br\/blog\/wp-content\/uploads\/2017\/12\/11.jpg\"><img loading=\"lazy\" class=\"alignnone size-full wp-image-5480\" src=\"http:\/\/www.proma.com.br\/blog\/wp-content\/uploads\/2017\/12\/11.jpg\" alt=\"11\" width=\"620\" height=\"413\" srcset=\"http:\/\/www.proma.com.br\/blog\/wp-content\/uploads\/2017\/12\/11.jpg 620w, http:\/\/www.proma.com.br\/blog\/wp-content\/uploads\/2017\/12\/11-450x300.jpg 450w\" sizes=\"(max-width: 620px) 100vw, 620px\" \/><\/a><\/p>\n<p><strong>Studio Arthur Casas<\/strong><\/p>\n<p><a href=\"http:\/\/www.proma.com.br\/blog\/wp-content\/uploads\/2017\/12\/12.jpg\"><img loading=\"lazy\" class=\"alignnone size-full wp-image-5481\" src=\"http:\/\/www.proma.com.br\/blog\/wp-content\/uploads\/2017\/12\/12.jpg\" alt=\"12\" width=\"620\" height=\"564\" srcset=\"http:\/\/www.proma.com.br\/blog\/wp-content\/uploads\/2017\/12\/12.jpg 620w, http:\/\/www.proma.com.br\/blog\/wp-content\/uploads\/2017\/12\/12-329x300.jpg 329w\" sizes=\"(max-width: 620px) 100vw, 620px\" \/><\/a><\/p>\n<p>Nesta edi\u00e7\u00e3o revisada e ampliada pela Zeta Editora, 33 trabalhos desenvolvidos pelo arquiteto Arthur Casas entre 2008 e 2017 ganham destaque. S\u00e3o projetos recentes e in\u00e9ditos dos mais variados tipos, como o hotel Emiliano, no Rio de Janeiro, o restaurante Kosushi, em S\u00e3o Paulo, e at\u00e9 uma linha de rel\u00f3gios desenhada para a H.Stern. A obra conta ainda com textos assinados por grandes autores brasileiros e estrangeiros &#8211; Philip Jodidio, Maria Cecilia Loschiavo dos Santos e Fernando Serapi\u00e3o est\u00e3o entre eles.<\/p>\n<p><a href=\"http:\/\/www.proma.com.br\/blog\/wp-content\/uploads\/2017\/12\/13.jpg\"><img loading=\"lazy\" class=\"alignnone size-full wp-image-5482\" src=\"http:\/\/www.proma.com.br\/blog\/wp-content\/uploads\/2017\/12\/13.jpg\" alt=\"13\" width=\"620\" height=\"708\" srcset=\"http:\/\/www.proma.com.br\/blog\/wp-content\/uploads\/2017\/12\/13.jpg 620w, http:\/\/www.proma.com.br\/blog\/wp-content\/uploads\/2017\/12\/13-262x300.jpg 262w\" sizes=\"(max-width: 620px) 100vw, 620px\" \/><\/a><\/p>\n<p><strong>Cadas<\/strong><\/p>\n<p><a href=\"http:\/\/www.proma.com.br\/blog\/wp-content\/uploads\/2017\/12\/14.jpg\"><img loading=\"lazy\" class=\"alignnone size-full wp-image-5483\" src=\"http:\/\/www.proma.com.br\/blog\/wp-content\/uploads\/2017\/12\/14.jpg\" alt=\"14\" width=\"620\" height=\"620\" srcset=\"http:\/\/www.proma.com.br\/blog\/wp-content\/uploads\/2017\/12\/14.jpg 620w, http:\/\/www.proma.com.br\/blog\/wp-content\/uploads\/2017\/12\/14-300x300.jpg 300w\" sizes=\"(max-width: 620px) 100vw, 620px\" \/><\/a><\/p>\n<p>Com desenhos feitos \u00e0 m\u00e3o e uma percep\u00e7\u00e3o muito pessoal sobre cada elemento constru\u00eddo, o arquiteto Cadas Abranches comemora 38 anos de carreira com um livro especial. A edi\u00e7\u00e3o bil\u00edngue discorre sobre as lembran\u00e7as e inspira\u00e7\u00f5es do profissional a partir de 21 projetos in\u00e9ditos, a maioria residenciais, que passeiam pelo eixo Rio-S\u00e3o Paulo. Da Zeta Editora.<\/p>\n<p><a href=\"http:\/\/www.proma.com.br\/blog\/wp-content\/uploads\/2017\/12\/15.jpg\"><img loading=\"lazy\" class=\"alignnone size-full wp-image-5484\" src=\"http:\/\/www.proma.com.br\/blog\/wp-content\/uploads\/2017\/12\/15.jpg\" alt=\"15\" width=\"620\" height=\"411\" srcset=\"http:\/\/www.proma.com.br\/blog\/wp-content\/uploads\/2017\/12\/15.jpg 620w, http:\/\/www.proma.com.br\/blog\/wp-content\/uploads\/2017\/12\/15-452x300.jpg 452w\" sizes=\"(max-width: 620px) 100vw, 620px\" \/><\/a><\/p>\n<p>Qual deles voc\u00ea n\u00e3o vai deixar de ler?<\/p>\n<p><strong>Fonte:<\/strong> <a href=\"https:\/\/goo.gl\/kteurb\" target=\"_blank\">Casa Vogue<\/a><\/p>\n<p>________<\/p>\n<p><strong>Leia mais:<\/strong><\/p>\n<p><a href=\"https:\/\/goo.gl\/mHiK4F\" target=\"_blank\">Clique aqui<\/a> e saiba como incluir os livros na decora\u00e7\u00e3o.<\/p>\n<p>Incentivo \u00e0 leitura: <a href=\"https:\/\/goo.gl\/goUNKB\" target=\"_blank\">clique aqui<\/a> e veja algumas ideias para organizar os livros das crian\u00e7as.<\/p>\n","protected":false},"excerpt":{"rendered":"<p>Lan\u00e7amentos de livros relacionados ao universo da arquitetura e do d\u00e9cor s\u00e3o sempre bem-vindos, n\u00e3o \u00e9 mesmo? O nosso prop\u00f3sito \u00e9 manter voc\u00ea sempre informado e tamb\u00e9m proporcionar materiais que possam ajudar no projeto arquitet\u00f4nico e de interiores do seu&hellip;<\/p>\n","protected":false},"author":2,"featured_media":5479,"comment_status":"open","ping_status":"closed","sticky":false,"template":"","format":"standard","meta":[],"categories":[1,2],"tags":[2916,2917],"_links":{"self":[{"href":"http:\/\/www.proma.com.br\/blog\/wp-json\/wp\/v2\/posts\/5476"}],"collection":[{"href":"http:\/\/www.proma.com.br\/blog\/wp-json\/wp\/v2\/posts"}],"about":[{"href":"http:\/\/www.proma.com.br\/blog\/wp-json\/wp\/v2\/types\/post"}],"author":[{"embeddable":true,"href":"http:\/\/www.proma.com.br\/blog\/wp-json\/wp\/v2\/users\/2"}],"replies":[{"embeddable":true,"href":"http:\/\/www.proma.com.br\/blog\/wp-json\/wp\/v2\/comments?post=5476"}],"version-history":[{"count":3,"href":"http:\/\/www.proma.com.br\/blog\/wp-json\/wp\/v2\/posts\/5476\/revisions"}],"predecessor-version":[{"id":5486,"href":"http:\/\/www.proma.com.br\/blog\/wp-json\/wp\/v2\/posts\/5476\/revisions\/5486"}],"wp:featuredmedia":[{"embeddable":true,"href":"http:\/\/www.proma.com.br\/blog\/wp-json\/wp\/v2\/media\/5479"}],"wp:attachment":[{"href":"http:\/\/www.proma.com.br\/blog\/wp-json\/wp\/v2\/media?parent=5476"}],"wp:term":[{"taxonomy":"category","embeddable":true,"href":"http:\/\/www.proma.com.br\/blog\/wp-json\/wp\/v2\/categories?post=5476"},{"taxonomy":"post_tag","embeddable":true,"href":"http:\/\/www.proma.com.br\/blog\/wp-json\/wp\/v2\/tags?post=5476"}],"curies":[{"name":"wp","href":"https:\/\/api.w.org\/{rel}","templated":true}]}}