{"id":5775,"date":"2018-07-26T15:19:26","date_gmt":"2018-07-26T18:19:26","guid":{"rendered":"http:\/\/www.proma.com.br\/blog\/?p=5775"},"modified":"2018-03-06T21:25:55","modified_gmt":"2018-03-07T00:25:55","slug":"colecao-de-canecas-e-destaque-em-casa-de-concreto","status":"publish","type":"post","link":"http:\/\/www.proma.com.br\/blog\/colecao-de-canecas-e-destaque-em-casa-de-concreto\/","title":{"rendered":"COLE\u00c7\u00c3O DE CANECAS \u00c9 DESTAQUE EM CASA DE CONCRETO"},"content":{"rendered":"<p>&#8220;Casa das Canecas&#8221;.<\/p>\n<p>O nome desta resid\u00eancia n\u00e3o \u00e9 \u00e0 toa: a moradora possu\u00eda uma cole\u00e7\u00e3o de cerca de 250 canecas colorid\u00edssimas \u2013 ent\u00e3o, nada mais justo do que providenciar um lugar especial para elas!<\/p>\n<p><img loading=\"lazy\" class=\"alignnone size-full wp-image-5776\" src=\"http:\/\/www.proma.com.br\/blog\/wp-content\/uploads\/2018\/03\/07.jpg\" alt=\"\" width=\"620\" height=\"413\" srcset=\"http:\/\/www.proma.com.br\/blog\/wp-content\/uploads\/2018\/03\/07.jpg 620w, http:\/\/www.proma.com.br\/blog\/wp-content\/uploads\/2018\/03\/07-450x300.jpg 450w\" sizes=\"(max-width: 620px) 100vw, 620px\" \/> <img loading=\"lazy\" class=\"alignnone size-large wp-image-5777\" src=\"http:\/\/www.proma.com.br\/blog\/wp-content\/uploads\/2018\/03\/08.jpg\" alt=\"\" width=\"584\" height=\"389\" srcset=\"http:\/\/www.proma.com.br\/blog\/wp-content\/uploads\/2018\/03\/08.jpg 620w, http:\/\/www.proma.com.br\/blog\/wp-content\/uploads\/2018\/03\/08-450x300.jpg 450w\" sizes=\"(max-width: 584px) 100vw, 584px\" \/><\/p>\n<p>As pe\u00e7as foram dispostas em seis prateleiras da sala de estar, colorindo o acinzentado p\u00e9-direito de 3,5 metros. Mas, n\u00e3o s\u00e3o s\u00f3 elas que merecem um devido destaque e, sim, toda a constru\u00e7\u00e3o da casa de 255 m\u00b2 de \u00e1rea constru\u00edda, repleta de ideias econ\u00f4micas e conforto.<\/p>\n<p><img loading=\"lazy\" class=\"alignnone size-large wp-image-5778\" src=\"http:\/\/www.proma.com.br\/blog\/wp-content\/uploads\/2018\/03\/09.jpg\" alt=\"\" width=\"584\" height=\"389\" srcset=\"http:\/\/www.proma.com.br\/blog\/wp-content\/uploads\/2018\/03\/09.jpg 620w, http:\/\/www.proma.com.br\/blog\/wp-content\/uploads\/2018\/03\/09-450x300.jpg 450w\" sizes=\"(max-width: 584px) 100vw, 584px\" \/><\/p>\n<p>A come\u00e7ar pelos materiais escolhidos que, segundo os arquitetos, surgiram naturalmente a partir do processo construtivo. O concreto se manteve aparente, assim como a tubula\u00e7\u00e3o el\u00e9trica, e os tijolos solo-cimento, ecol\u00f3gicos, trouxeram uma textura alaranjada ao conjunto.<\/p>\n<p>O programa foi disposto da seguinte maneira: h\u00e1 dois blocos, um que comporta a \u00e1rea social e outro, mais rebaixado, onde est\u00e1 a su\u00edte principal e mais dois quartos, com banheiros e lavabos entre eles. A caixa de concreto do living n\u00e3o possui qualquer divis\u00f3ria: a cozinha e a sala de jantar ficam na mesma dire\u00e7\u00e3o, sem interfer\u00eancias visuais. Tal princ\u00edpio de fluidez se amplia ao adotar portas de vidro, que correm em duas dire\u00e7\u00f5es para manter o v\u00e3o aberto para o deck.<\/p>\n<p><img loading=\"lazy\" class=\"alignnone size-large wp-image-5779\" src=\"http:\/\/www.proma.com.br\/blog\/wp-content\/uploads\/2018\/03\/10.jpg\" alt=\"\" width=\"584\" height=\"389\" srcset=\"http:\/\/www.proma.com.br\/blog\/wp-content\/uploads\/2018\/03\/10.jpg 620w, http:\/\/www.proma.com.br\/blog\/wp-content\/uploads\/2018\/03\/10-450x300.jpg 450w\" sizes=\"(max-width: 584px) 100vw, 584px\" \/><\/p>\n<p><img loading=\"lazy\" class=\"alignnone size-large wp-image-5780\" src=\"http:\/\/www.proma.com.br\/blog\/wp-content\/uploads\/2018\/03\/11.jpg\" alt=\"\" width=\"584\" height=\"389\" srcset=\"http:\/\/www.proma.com.br\/blog\/wp-content\/uploads\/2018\/03\/11.jpg 620w, http:\/\/www.proma.com.br\/blog\/wp-content\/uploads\/2018\/03\/11-450x300.jpg 450w\" sizes=\"(max-width: 584px) 100vw, 584px\" \/><\/p>\n<p>Com esse recurso, o estar n\u00e3o s\u00f3 parece maior, como tamb\u00e9m ganhou em conforto t\u00e9rmico e luminosidade. Isso sem falar na vista encantadora que se tem do deck com piscina e um gramado, levemente sombreado por \u00e1rvores. Tamanha tranquilidade rendeu at\u00e9 uma rede de balan\u00e7o suspensa no teto.<\/p>\n<p><img loading=\"lazy\" class=\"alignnone size-large wp-image-5781\" src=\"http:\/\/www.proma.com.br\/blog\/wp-content\/uploads\/2018\/03\/12.jpg\" alt=\"\" width=\"584\" height=\"389\" srcset=\"http:\/\/www.proma.com.br\/blog\/wp-content\/uploads\/2018\/03\/12.jpg 620w, http:\/\/www.proma.com.br\/blog\/wp-content\/uploads\/2018\/03\/12-450x300.jpg 450w\" sizes=\"(max-width: 584px) 100vw, 584px\" \/><\/p>\n<p><img loading=\"lazy\" class=\"alignnone size-large wp-image-5782\" src=\"http:\/\/www.proma.com.br\/blog\/wp-content\/uploads\/2018\/03\/13.jpg\" alt=\"\" width=\"584\" height=\"389\" srcset=\"http:\/\/www.proma.com.br\/blog\/wp-content\/uploads\/2018\/03\/13.jpg 620w, http:\/\/www.proma.com.br\/blog\/wp-content\/uploads\/2018\/03\/13-450x300.jpg 450w\" sizes=\"(max-width: 584px) 100vw, 584px\" \/><\/p>\n<p>Inspira\u00e7\u00f5es s\u00e3o sempre bem-vindas, n\u00e3o \u00e9 mesmo?<\/p>\n<p>Voc\u00ea tamb\u00e9m \u00e9 colecionador? Se sim, j\u00e1 pensou em um espa\u00e7o especial no seu lar para acomodar esses itens?<\/p>\n<p><strong>Fonte:<\/strong> <a href=\"https:\/\/goo.gl\/knTj7y\" target=\"_blank\" rel=\"noopener\">Casa Vogue<\/a><\/p>\n<p>_______<\/p>\n<p><strong>Leia tamb\u00e9m:<\/strong><\/p>\n<ul>\n<li>Seja livre para decorara a sua casa! <a href=\"https:\/\/goo.gl\/ujvxrZ\" target=\"_blank\" rel=\"noopener\">Clique aqui<\/a> e saiba mais.<\/li>\n<li>Ambientes personalizados para adultos com brinquedos na decora\u00e7\u00e3o. <a href=\"https:\/\/goo.gl\/CE55a4\" target=\"_blank\" rel=\"noopener\">Clique aqui<\/a> e saiba mais.<\/li>\n<\/ul>\n","protected":false},"excerpt":{"rendered":"<p>&#8220;Casa das Canecas&#8221;. O nome desta resid\u00eancia n\u00e3o \u00e9 \u00e0 toa: a moradora possu\u00eda uma cole\u00e7\u00e3o de cerca de 250 canecas colorid\u00edssimas \u2013 ent\u00e3o, nada mais justo do que providenciar um lugar especial para elas! As pe\u00e7as foram dispostas em&hellip;<\/p>\n","protected":false},"author":2,"featured_media":5777,"comment_status":"open","ping_status":"closed","sticky":false,"template":"","format":"standard","meta":[],"categories":[1,2,5,1149],"tags":[2988,213,2989,2990],"_links":{"self":[{"href":"http:\/\/www.proma.com.br\/blog\/wp-json\/wp\/v2\/posts\/5775"}],"collection":[{"href":"http:\/\/www.proma.com.br\/blog\/wp-json\/wp\/v2\/posts"}],"about":[{"href":"http:\/\/www.proma.com.br\/blog\/wp-json\/wp\/v2\/types\/post"}],"author":[{"embeddable":true,"href":"http:\/\/www.proma.com.br\/blog\/wp-json\/wp\/v2\/users\/2"}],"replies":[{"embeddable":true,"href":"http:\/\/www.proma.com.br\/blog\/wp-json\/wp\/v2\/comments?post=5775"}],"version-history":[{"count":2,"href":"http:\/\/www.proma.com.br\/blog\/wp-json\/wp\/v2\/posts\/5775\/revisions"}],"predecessor-version":[{"id":5784,"href":"http:\/\/www.proma.com.br\/blog\/wp-json\/wp\/v2\/posts\/5775\/revisions\/5784"}],"wp:featuredmedia":[{"embeddable":true,"href":"http:\/\/www.proma.com.br\/blog\/wp-json\/wp\/v2\/media\/5777"}],"wp:attachment":[{"href":"http:\/\/www.proma.com.br\/blog\/wp-json\/wp\/v2\/media?parent=5775"}],"wp:term":[{"taxonomy":"category","embeddable":true,"href":"http:\/\/www.proma.com.br\/blog\/wp-json\/wp\/v2\/categories?post=5775"},{"taxonomy":"post_tag","embeddable":true,"href":"http:\/\/www.proma.com.br\/blog\/wp-json\/wp\/v2\/tags?post=5775"}],"curies":[{"name":"wp","href":"https:\/\/api.w.org\/{rel}","templated":true}]}}