{"id":5856,"date":"2018-03-27T08:23:44","date_gmt":"2018-03-27T11:23:44","guid":{"rendered":"http:\/\/www.proma.com.br\/blog\/?p=5856"},"modified":"2018-03-26T11:36:10","modified_gmt":"2018-03-26T14:36:10","slug":"residencial-dracena-proma-lanca-o-86o-empreendimento","status":"publish","type":"post","link":"http:\/\/www.proma.com.br\/blog\/residencial-dracena-proma-lanca-o-86o-empreendimento\/","title":{"rendered":"Residencial Dracena: Proma lan\u00e7a o 86\u00ba empreendimento"},"content":{"rendered":"<p><em>O evento para corretores, clientes, parceiros e amigos aconteceu na noite de 21 de mar\u00e7o, na Bodega do Richter<\/em><\/p>\n<p><img loading=\"lazy\" class=\"alignnone size-large wp-image-5886\" src=\"http:\/\/www.proma.com.br\/blog\/wp-content\/uploads\/2018\/03\/2018_PROMA_FotoTaisUrquizar_301-1-1024x683.jpg\" alt=\"\" width=\"584\" height=\"390\" srcset=\"http:\/\/www.proma.com.br\/blog\/wp-content\/uploads\/2018\/03\/2018_PROMA_FotoTaisUrquizar_301-1-1024x683.jpg 1024w, http:\/\/www.proma.com.br\/blog\/wp-content\/uploads\/2018\/03\/2018_PROMA_FotoTaisUrquizar_301-1-960x640.jpg 960w, http:\/\/www.proma.com.br\/blog\/wp-content\/uploads\/2018\/03\/2018_PROMA_FotoTaisUrquizar_301-1-768x512.jpg 768w, http:\/\/www.proma.com.br\/blog\/wp-content\/uploads\/2018\/03\/2018_PROMA_FotoTaisUrquizar_301-1-450x300.jpg 450w, http:\/\/www.proma.com.br\/blog\/wp-content\/uploads\/2018\/03\/2018_PROMA_FotoTaisUrquizar_301-1.jpg 1699w\" sizes=\"(max-width: 584px) 100vw, 584px\" \/><img loading=\"lazy\" class=\"alignnone size-large wp-image-5865\" src=\"http:\/\/www.proma.com.br\/blog\/wp-content\/uploads\/2018\/03\/2018_PROMA_FotoTaisUrquizar_013-1-1024x682.jpg\" alt=\"\" width=\"584\" height=\"389\" srcset=\"http:\/\/www.proma.com.br\/blog\/wp-content\/uploads\/2018\/03\/2018_PROMA_FotoTaisUrquizar_013-1-1024x682.jpg 1024w, http:\/\/www.proma.com.br\/blog\/wp-content\/uploads\/2018\/03\/2018_PROMA_FotoTaisUrquizar_013-1-960x640.jpg 960w, http:\/\/www.proma.com.br\/blog\/wp-content\/uploads\/2018\/03\/2018_PROMA_FotoTaisUrquizar_013-1-768x512.jpg 768w, http:\/\/www.proma.com.br\/blog\/wp-content\/uploads\/2018\/03\/2018_PROMA_FotoTaisUrquizar_013-1-450x300.jpg 450w, http:\/\/www.proma.com.br\/blog\/wp-content\/uploads\/2018\/03\/2018_PROMA_FotoTaisUrquizar_013-1.jpg 1616w\" sizes=\"(max-width: 584px) 100vw, 584px\" \/><\/p>\n<p>A Proma Constru\u00e7\u00f5es e Neg\u00f3cios lan\u00e7ou na noite de quarta-feira, 21, o Residencial Dracena. O evento aconteceu na Bodega do Richter e contou com a presen\u00e7a de corretores de im\u00f3veis, clientes, parceiros e amigos. O empreendimento est\u00e1 localizado na rua Jos\u00e9 Emmendoerfer, 260, no bairro Nova Bras\u00edlia (ao lado da antiga APAE) \u2013 uma regi\u00e3o privilegiada por estar a poucos minutos do centro e por oferecer uma vista incr\u00edvel de Jaragu\u00e1 do Sul no topo do morro.<\/p>\n<p>Idealizado pela arquiteta Caroline Obenaus, o 86<sup>o <\/sup>empreendimento da construtora proporcionar\u00e1 sete <em>layouts<\/em> diferentes de apartamentos com tamanhos que variam de 115,62 m\u00b2 a 161,98 m\u00b2 de \u00e1rea total.<\/p>\n<p><img loading=\"lazy\" class=\"alignnone size-large wp-image-5872\" src=\"http:\/\/www.proma.com.br\/blog\/wp-content\/uploads\/2018\/03\/2018_PROMA_FotoTaisUrquizar_044-1024x683.jpg\" alt=\"\" width=\"584\" height=\"390\" srcset=\"http:\/\/www.proma.com.br\/blog\/wp-content\/uploads\/2018\/03\/2018_PROMA_FotoTaisUrquizar_044-1024x683.jpg 1024w, http:\/\/www.proma.com.br\/blog\/wp-content\/uploads\/2018\/03\/2018_PROMA_FotoTaisUrquizar_044-960x640.jpg 960w, http:\/\/www.proma.com.br\/blog\/wp-content\/uploads\/2018\/03\/2018_PROMA_FotoTaisUrquizar_044-768x512.jpg 768w, http:\/\/www.proma.com.br\/blog\/wp-content\/uploads\/2018\/03\/2018_PROMA_FotoTaisUrquizar_044-450x300.jpg 450w, http:\/\/www.proma.com.br\/blog\/wp-content\/uploads\/2018\/03\/2018_PROMA_FotoTaisUrquizar_044.jpg 1597w\" sizes=\"(max-width: 584px) 100vw, 584px\" \/><img loading=\"lazy\" class=\"alignnone size-large wp-image-5885\" src=\"http:\/\/www.proma.com.br\/blog\/wp-content\/uploads\/2018\/03\/2018_PROMA_FotoTaisUrquizar_194-1024x683.jpg\" alt=\"\" width=\"584\" height=\"390\" srcset=\"http:\/\/www.proma.com.br\/blog\/wp-content\/uploads\/2018\/03\/2018_PROMA_FotoTaisUrquizar_194-1024x683.jpg 1024w, http:\/\/www.proma.com.br\/blog\/wp-content\/uploads\/2018\/03\/2018_PROMA_FotoTaisUrquizar_194-960x640.jpg 960w, http:\/\/www.proma.com.br\/blog\/wp-content\/uploads\/2018\/03\/2018_PROMA_FotoTaisUrquizar_194-768x512.jpg 768w, http:\/\/www.proma.com.br\/blog\/wp-content\/uploads\/2018\/03\/2018_PROMA_FotoTaisUrquizar_194-450x300.jpg 450w, http:\/\/www.proma.com.br\/blog\/wp-content\/uploads\/2018\/03\/2018_PROMA_FotoTaisUrquizar_194.jpg 1728w\" sizes=\"(max-width: 584px) 100vw, 584px\" \/><\/p>\n<p>Com um projeto inspirado em uma releitura da arquitetura neocl\u00e1ssica, em que os destaques principais ficam para as sacadas com gradil rebuscado, janelas emolduradas e para o acesso frontal com detalhes em tijolos \u00e0 vista, o Residencial Dracena oferecer\u00e1 duas vagas de garagem e apartamentos com op\u00e7\u00f5es de dois ou tr\u00eas quartos, al\u00e9m de sacada com churrasqueira.<\/p>\n<p><img loading=\"lazy\" class=\"alignnone size-large wp-image-5890\" src=\"http:\/\/www.proma.com.br\/blog\/wp-content\/uploads\/2018\/03\/2018_PROMA_FotoTaisUrquizar_071-1-1024x683.jpg\" alt=\"\" width=\"584\" height=\"390\" srcset=\"http:\/\/www.proma.com.br\/blog\/wp-content\/uploads\/2018\/03\/2018_PROMA_FotoTaisUrquizar_071-1-1024x683.jpg 1024w, http:\/\/www.proma.com.br\/blog\/wp-content\/uploads\/2018\/03\/2018_PROMA_FotoTaisUrquizar_071-1-960x640.jpg 960w, http:\/\/www.proma.com.br\/blog\/wp-content\/uploads\/2018\/03\/2018_PROMA_FotoTaisUrquizar_071-1-768x512.jpg 768w, http:\/\/www.proma.com.br\/blog\/wp-content\/uploads\/2018\/03\/2018_PROMA_FotoTaisUrquizar_071-1-450x300.jpg 450w, http:\/\/www.proma.com.br\/blog\/wp-content\/uploads\/2018\/03\/2018_PROMA_FotoTaisUrquizar_071-1.jpg 1728w\" sizes=\"(max-width: 584px) 100vw, 584px\" \/><\/p>\n<p>Os ambientes sociais do empreendimento, que ser\u00e3o entregues mobiliados e decorados, s\u00e3o compostos por sal\u00e3o de festas, brinquedoteca, <em>playground<\/em>, piscina e academia. As obras do Residencial Dracena est\u00e3o previstas para iniciar no segundo semestre de 2018, com entrega em 42 meses.<\/p>\n<p><img loading=\"lazy\" class=\"alignnone size-large wp-image-5864\" src=\"http:\/\/www.proma.com.br\/blog\/wp-content\/uploads\/2018\/03\/2018_PROMA_FotoTaisUrquizar_006-2-1024x683.jpg\" alt=\"\" width=\"584\" height=\"390\" srcset=\"http:\/\/www.proma.com.br\/blog\/wp-content\/uploads\/2018\/03\/2018_PROMA_FotoTaisUrquizar_006-2-1024x683.jpg 1024w, http:\/\/www.proma.com.br\/blog\/wp-content\/uploads\/2018\/03\/2018_PROMA_FotoTaisUrquizar_006-2-960x640.jpg 960w, http:\/\/www.proma.com.br\/blog\/wp-content\/uploads\/2018\/03\/2018_PROMA_FotoTaisUrquizar_006-2-768x512.jpg 768w, http:\/\/www.proma.com.br\/blog\/wp-content\/uploads\/2018\/03\/2018_PROMA_FotoTaisUrquizar_006-2-450x300.jpg 450w, http:\/\/www.proma.com.br\/blog\/wp-content\/uploads\/2018\/03\/2018_PROMA_FotoTaisUrquizar_006-2.jpg 1684w\" sizes=\"(max-width: 584px) 100vw, 584px\" \/><img loading=\"lazy\" class=\"alignnone size-large wp-image-5867\" src=\"http:\/\/www.proma.com.br\/blog\/wp-content\/uploads\/2018\/03\/2018_PROMA_FotoTaisUrquizar_024-1-1024x683.jpg\" alt=\"\" width=\"584\" height=\"390\" srcset=\"http:\/\/www.proma.com.br\/blog\/wp-content\/uploads\/2018\/03\/2018_PROMA_FotoTaisUrquizar_024-1-1024x683.jpg 1024w, http:\/\/www.proma.com.br\/blog\/wp-content\/uploads\/2018\/03\/2018_PROMA_FotoTaisUrquizar_024-1-960x640.jpg 960w, http:\/\/www.proma.com.br\/blog\/wp-content\/uploads\/2018\/03\/2018_PROMA_FotoTaisUrquizar_024-1-768x512.jpg 768w, http:\/\/www.proma.com.br\/blog\/wp-content\/uploads\/2018\/03\/2018_PROMA_FotoTaisUrquizar_024-1-450x300.jpg 450w, http:\/\/www.proma.com.br\/blog\/wp-content\/uploads\/2018\/03\/2018_PROMA_FotoTaisUrquizar_024-1.jpg 1728w\" sizes=\"(max-width: 584px) 100vw, 584px\" \/><img loading=\"lazy\" class=\"alignnone size-large wp-image-5866\" src=\"http:\/\/www.proma.com.br\/blog\/wp-content\/uploads\/2018\/03\/2018_PROMA_FotoTaisUrquizar_022-1-1024x683.jpg\" alt=\"\" width=\"584\" height=\"390\" srcset=\"http:\/\/www.proma.com.br\/blog\/wp-content\/uploads\/2018\/03\/2018_PROMA_FotoTaisUrquizar_022-1-1024x683.jpg 1024w, http:\/\/www.proma.com.br\/blog\/wp-content\/uploads\/2018\/03\/2018_PROMA_FotoTaisUrquizar_022-1-960x640.jpg 960w, http:\/\/www.proma.com.br\/blog\/wp-content\/uploads\/2018\/03\/2018_PROMA_FotoTaisUrquizar_022-1-768x512.jpg 768w, http:\/\/www.proma.com.br\/blog\/wp-content\/uploads\/2018\/03\/2018_PROMA_FotoTaisUrquizar_022-1-450x300.jpg 450w, http:\/\/www.proma.com.br\/blog\/wp-content\/uploads\/2018\/03\/2018_PROMA_FotoTaisUrquizar_022-1.jpg 1686w\" sizes=\"(max-width: 584px) 100vw, 584px\" \/><\/p>\n<p><strong>Depoimentos<\/strong><\/p>\n<p><strong>Marcio e Marli Millnitz |<\/strong> clientes do Residencial Dracena<\/p>\n<p><img loading=\"lazy\" class=\"alignnone size-large wp-image-5891\" src=\"http:\/\/www.proma.com.br\/blog\/wp-content\/uploads\/2018\/03\/2018_PROMA_FotoTaisUrquizar_048-1-1024x682.jpg\" alt=\"\" width=\"584\" height=\"389\" srcset=\"http:\/\/www.proma.com.br\/blog\/wp-content\/uploads\/2018\/03\/2018_PROMA_FotoTaisUrquizar_048-1-1024x682.jpg 1024w, http:\/\/www.proma.com.br\/blog\/wp-content\/uploads\/2018\/03\/2018_PROMA_FotoTaisUrquizar_048-1-960x640.jpg 960w, http:\/\/www.proma.com.br\/blog\/wp-content\/uploads\/2018\/03\/2018_PROMA_FotoTaisUrquizar_048-1-768x512.jpg 768w, http:\/\/www.proma.com.br\/blog\/wp-content\/uploads\/2018\/03\/2018_PROMA_FotoTaisUrquizar_048-1-450x300.jpg 450w, http:\/\/www.proma.com.br\/blog\/wp-content\/uploads\/2018\/03\/2018_PROMA_FotoTaisUrquizar_048-1.jpg 1643w\" sizes=\"(max-width: 584px) 100vw, 584px\" \/><\/p>\n<p>\u201cN\u00f3s adquirimos um apartamento no Residencial Dracena para moradia \u2013 um empreendimento inovador, com uma infraestrutura de lazer completa e duas vagas de garagem. Era esse o tipo de im\u00f3vel que est\u00e1vamos buscando, pois, al\u00e9m de um apartamento aconchegante, n\u00f3s teremos v\u00e1rias comodidades dentro do condom\u00ednio. Recebemos um atendimento personalizado e sentimos muita seguran\u00e7a em comprar um im\u00f3vel Proma\u201d.<\/p>\n<p><strong>Gelson e Ingelore Emmend\u00f6rfer |<\/strong> clientes da Proma<\/p>\n<p><img loading=\"lazy\" class=\"alignnone size-large wp-image-5892\" src=\"http:\/\/www.proma.com.br\/blog\/wp-content\/uploads\/2018\/03\/2018_PROMA_FotoTaisUrquizar_043-1-1024x683.jpg\" alt=\"\" width=\"584\" height=\"390\" srcset=\"http:\/\/www.proma.com.br\/blog\/wp-content\/uploads\/2018\/03\/2018_PROMA_FotoTaisUrquizar_043-1-1024x683.jpg 1024w, http:\/\/www.proma.com.br\/blog\/wp-content\/uploads\/2018\/03\/2018_PROMA_FotoTaisUrquizar_043-1-960x640.jpg 960w, http:\/\/www.proma.com.br\/blog\/wp-content\/uploads\/2018\/03\/2018_PROMA_FotoTaisUrquizar_043-1-768x512.jpg 768w, http:\/\/www.proma.com.br\/blog\/wp-content\/uploads\/2018\/03\/2018_PROMA_FotoTaisUrquizar_043-1-450x300.jpg 450w, http:\/\/www.proma.com.br\/blog\/wp-content\/uploads\/2018\/03\/2018_PROMA_FotoTaisUrquizar_043-1.jpg 1671w\" sizes=\"(max-width: 584px) 100vw, 584px\" \/><\/p>\n<p>\u201cN\u00f3s somos clientes da Proma com muito orgulho e satisfa\u00e7\u00e3o. A Proma \u00e9 reconhecida pela qualidade dos im\u00f3veis, pela estrutura dos empreendimentos, pelos <em>layouts<\/em> dos apartamentos, pelas localiza\u00e7\u00f5es estrat\u00e9gicas, pelos acabamentos internos, por valorizar a entrada de luz natural nos ambientes e pelas garagens amplas. O Residencial Dracena \u00e9 mais uma \u00f3tima op\u00e7\u00e3o de investimento porque se destaca pela fachada maravilhosa, pelas \u00e1reas comuns (que inclui piscina), pela distribui\u00e7\u00e3o das plantas baixas dos apartamentos e pela localiza\u00e7\u00e3o nobre em Jaragu\u00e1 do Sul. N\u00f3s s\u00f3 temos elogios a fazer: a Proma sabe vender e ainda oferece um excelente p\u00f3s-venda, pois os corretores est\u00e3o sempre dispon\u00edveis para esclarecer as nossas d\u00favidas e nos transmitir seguran\u00e7a\u201d.<\/p>\n<p><strong>Francisco Ricardo Taranto |<\/strong> cliente da Proma<\/p>\n<p><img loading=\"lazy\" class=\"alignnone size-large wp-image-5882\" src=\"http:\/\/www.proma.com.br\/blog\/wp-content\/uploads\/2018\/03\/2018_PROMA_FotoTaisUrquizar_149-1024x683.jpg\" alt=\"\" width=\"584\" height=\"390\" srcset=\"http:\/\/www.proma.com.br\/blog\/wp-content\/uploads\/2018\/03\/2018_PROMA_FotoTaisUrquizar_149-1024x683.jpg 1024w, http:\/\/www.proma.com.br\/blog\/wp-content\/uploads\/2018\/03\/2018_PROMA_FotoTaisUrquizar_149-960x640.jpg 960w, http:\/\/www.proma.com.br\/blog\/wp-content\/uploads\/2018\/03\/2018_PROMA_FotoTaisUrquizar_149-768x512.jpg 768w, http:\/\/www.proma.com.br\/blog\/wp-content\/uploads\/2018\/03\/2018_PROMA_FotoTaisUrquizar_149-450x300.jpg 450w, http:\/\/www.proma.com.br\/blog\/wp-content\/uploads\/2018\/03\/2018_PROMA_FotoTaisUrquizar_149.jpg 1728w\" sizes=\"(max-width: 584px) 100vw, 584px\" \/><\/p>\n<p>\u201cAssim como muitos jaraguaenses, eu tenho mais facilidade em fechar um neg\u00f3cio com quem eu conhe\u00e7o. Eu sei quem \u00e9 a Proma, eu conhe\u00e7o o Paulo [diretor da Proma] h\u00e1 muitos anos e todas as pessoas que trabalham na construtora s\u00e3o igualmente honestas e passam a mesma seguran\u00e7a. O Dracena \u00e9 maravilhoso e, com certeza, o empreendimento \u00e9 uma bel\u00edssima novidade para Jaragu\u00e1 do Sul\u201d.<\/p>\n<p><strong>Ot\u00e1vio Janecke |<\/strong> Corretor de Im\u00f3veis<\/p>\n<p><img loading=\"lazy\" class=\"alignnone size-large wp-image-5873\" src=\"http:\/\/www.proma.com.br\/blog\/wp-content\/uploads\/2018\/03\/2018_PROMA_FotoTaisUrquizar_046-1024x683.jpg\" alt=\"\" width=\"584\" height=\"390\" srcset=\"http:\/\/www.proma.com.br\/blog\/wp-content\/uploads\/2018\/03\/2018_PROMA_FotoTaisUrquizar_046-1024x683.jpg 1024w, http:\/\/www.proma.com.br\/blog\/wp-content\/uploads\/2018\/03\/2018_PROMA_FotoTaisUrquizar_046-960x640.jpg 960w, http:\/\/www.proma.com.br\/blog\/wp-content\/uploads\/2018\/03\/2018_PROMA_FotoTaisUrquizar_046-768x512.jpg 768w, http:\/\/www.proma.com.br\/blog\/wp-content\/uploads\/2018\/03\/2018_PROMA_FotoTaisUrquizar_046-450x300.jpg 450w, http:\/\/www.proma.com.br\/blog\/wp-content\/uploads\/2018\/03\/2018_PROMA_FotoTaisUrquizar_046.jpg 1702w\" sizes=\"(max-width: 584px) 100vw, 584px\" \/><\/p>\n<p>\u201cA Proma est\u00e1 lan\u00e7ando o Residencial Dracena em um momento muito oportuno da nossa economia. A construtora tem tradi\u00e7\u00e3o e solidez na cidade e, nesse sentido, o Dracena aparece como um produto superinteressante, principalmente pela quest\u00e3o da flexibilidade com sete op\u00e7\u00f5es de plantas para os apartamentos. O p\u00fablico jaraguaense \u00e9 muito criterioso e seleciona muito bem os im\u00f3veis que compra. Como corretor de im\u00f3veis, \u00e9 maravilhoso ter a Proma como parceira de neg\u00f3cios com um empreendimento como o Dracena\u201d.<\/p>\n<p><strong>J\u00falio C\u00e9sar Boico |<\/strong> Gerente Geral da Caixa Econ\u00f4mica Federal &#8211; Ag\u00eancia de Jaragu\u00e1 do Sul<\/p>\n<p><img loading=\"lazy\" class=\"alignnone size-large wp-image-5883\" src=\"http:\/\/www.proma.com.br\/blog\/wp-content\/uploads\/2018\/03\/2018_PROMA_FotoTaisUrquizar_167-1024x683.jpg\" alt=\"\" width=\"584\" height=\"390\" srcset=\"http:\/\/www.proma.com.br\/blog\/wp-content\/uploads\/2018\/03\/2018_PROMA_FotoTaisUrquizar_167-1024x683.jpg 1024w, http:\/\/www.proma.com.br\/blog\/wp-content\/uploads\/2018\/03\/2018_PROMA_FotoTaisUrquizar_167-960x640.jpg 960w, http:\/\/www.proma.com.br\/blog\/wp-content\/uploads\/2018\/03\/2018_PROMA_FotoTaisUrquizar_167-768x512.jpg 768w, http:\/\/www.proma.com.br\/blog\/wp-content\/uploads\/2018\/03\/2018_PROMA_FotoTaisUrquizar_167-450x300.jpg 450w, http:\/\/www.proma.com.br\/blog\/wp-content\/uploads\/2018\/03\/2018_PROMA_FotoTaisUrquizar_167.jpg 1728w\" sizes=\"(max-width: 584px) 100vw, 584px\" \/><\/p>\n<p>\u201cA Proma, uma construtora de credibilidade e tradi\u00e7\u00e3o, \u00e9 parceira de longa data da Caixa Econ\u00f4mica Federal. Nos sentimos muito honrados por podermos participar da concretiza\u00e7\u00e3o de projetos de vida junto com a Proma. Para n\u00f3s, \u00e9 muito importante associar a marca Caixa \u00e0 uma construtora que \u00e9 reconhecida pela qualidade e pelo cumprimento dos prazos de entrega. O Residencial Dracena \u00e9 um empreendimento de sucesso\u201d.<\/p>\n<p><strong>______________<\/strong><\/p>\n<p><strong>Dracena: tudo o que se pode desejar em um lar<\/strong><\/p>\n<p>Os apartamentos do Residencial Dracena ser\u00e3o comercializados por meio da Imobili\u00e1ria Coralli, que est\u00e1 localizada na sala 108 na alameda de servi\u00e7os do Supermercado Giassi, em Jaragu\u00e1 do Sul. Entre em contato: (47) 3307-4744 | 98406-4447.<\/p>\n<p><img loading=\"lazy\" class=\"alignnone size-large wp-image-5876\" src=\"http:\/\/www.proma.com.br\/blog\/wp-content\/uploads\/2018\/03\/2018_PROMA_FotoTaisUrquizar_054-1024x683.jpg\" alt=\"\" width=\"584\" height=\"390\" srcset=\"http:\/\/www.proma.com.br\/blog\/wp-content\/uploads\/2018\/03\/2018_PROMA_FotoTaisUrquizar_054-1024x683.jpg 1024w, http:\/\/www.proma.com.br\/blog\/wp-content\/uploads\/2018\/03\/2018_PROMA_FotoTaisUrquizar_054-960x640.jpg 960w, http:\/\/www.proma.com.br\/blog\/wp-content\/uploads\/2018\/03\/2018_PROMA_FotoTaisUrquizar_054-768x512.jpg 768w, http:\/\/www.proma.com.br\/blog\/wp-content\/uploads\/2018\/03\/2018_PROMA_FotoTaisUrquizar_054-450x300.jpg 450w, http:\/\/www.proma.com.br\/blog\/wp-content\/uploads\/2018\/03\/2018_PROMA_FotoTaisUrquizar_054.jpg 1698w\" sizes=\"(max-width: 584px) 100vw, 584px\" \/><\/p>\n<p><strong>Registros do evento<\/strong><\/p>\n<p><img loading=\"lazy\" class=\"alignnone size-large wp-image-5889\" src=\"http:\/\/www.proma.com.br\/blog\/wp-content\/uploads\/2018\/03\/2018_PROMA_FotoTaisUrquizar_116-1-1024x683.jpg\" alt=\"\" width=\"584\" height=\"390\" srcset=\"http:\/\/www.proma.com.br\/blog\/wp-content\/uploads\/2018\/03\/2018_PROMA_FotoTaisUrquizar_116-1-1024x683.jpg 1024w, http:\/\/www.proma.com.br\/blog\/wp-content\/uploads\/2018\/03\/2018_PROMA_FotoTaisUrquizar_116-1-960x640.jpg 960w, http:\/\/www.proma.com.br\/blog\/wp-content\/uploads\/2018\/03\/2018_PROMA_FotoTaisUrquizar_116-1-768x512.jpg 768w, http:\/\/www.proma.com.br\/blog\/wp-content\/uploads\/2018\/03\/2018_PROMA_FotoTaisUrquizar_116-1-450x300.jpg 450w, http:\/\/www.proma.com.br\/blog\/wp-content\/uploads\/2018\/03\/2018_PROMA_FotoTaisUrquizar_116-1.jpg 1728w\" sizes=\"(max-width: 584px) 100vw, 584px\" \/><img loading=\"lazy\" class=\"alignnone size-large wp-image-5868\" src=\"http:\/\/www.proma.com.br\/blog\/wp-content\/uploads\/2018\/03\/2018_PROMA_FotoTaisUrquizar_028-1-1024x1536.jpg\" alt=\"\" width=\"584\" height=\"876\" srcset=\"http:\/\/www.proma.com.br\/blog\/wp-content\/uploads\/2018\/03\/2018_PROMA_FotoTaisUrquizar_028-1-1024x1536.jpg 1024w, http:\/\/www.proma.com.br\/blog\/wp-content\/uploads\/2018\/03\/2018_PROMA_FotoTaisUrquizar_028-1-960x1440.jpg 960w, http:\/\/www.proma.com.br\/blog\/wp-content\/uploads\/2018\/03\/2018_PROMA_FotoTaisUrquizar_028-1-768x1152.jpg 768w, http:\/\/www.proma.com.br\/blog\/wp-content\/uploads\/2018\/03\/2018_PROMA_FotoTaisUrquizar_028-1-200x300.jpg 200w, http:\/\/www.proma.com.br\/blog\/wp-content\/uploads\/2018\/03\/2018_PROMA_FotoTaisUrquizar_028-1.jpg 1152w\" sizes=\"(max-width: 584px) 100vw, 584px\" \/> <img loading=\"lazy\" class=\"alignnone size-large wp-image-5881\" src=\"http:\/\/www.proma.com.br\/blog\/wp-content\/uploads\/2018\/03\/2018_PROMA_FotoTaisUrquizar_146-1024x683.jpg\" alt=\"\" width=\"584\" height=\"390\" srcset=\"http:\/\/www.proma.com.br\/blog\/wp-content\/uploads\/2018\/03\/2018_PROMA_FotoTaisUrquizar_146-1024x683.jpg 1024w, http:\/\/www.proma.com.br\/blog\/wp-content\/uploads\/2018\/03\/2018_PROMA_FotoTaisUrquizar_146-960x640.jpg 960w, http:\/\/www.proma.com.br\/blog\/wp-content\/uploads\/2018\/03\/2018_PROMA_FotoTaisUrquizar_146-768x512.jpg 768w, http:\/\/www.proma.com.br\/blog\/wp-content\/uploads\/2018\/03\/2018_PROMA_FotoTaisUrquizar_146-450x300.jpg 450w, http:\/\/www.proma.com.br\/blog\/wp-content\/uploads\/2018\/03\/2018_PROMA_FotoTaisUrquizar_146.jpg 1728w\" sizes=\"(max-width: 584px) 100vw, 584px\" \/><img loading=\"lazy\" class=\"alignnone size-large wp-image-5869\" src=\"http:\/\/www.proma.com.br\/blog\/wp-content\/uploads\/2018\/03\/2018_PROMA_FotoTaisUrquizar_029-1024x683.jpg\" alt=\"\" width=\"584\" height=\"390\" srcset=\"http:\/\/www.proma.com.br\/blog\/wp-content\/uploads\/2018\/03\/2018_PROMA_FotoTaisUrquizar_029-1024x683.jpg 1024w, http:\/\/www.proma.com.br\/blog\/wp-content\/uploads\/2018\/03\/2018_PROMA_FotoTaisUrquizar_029-960x640.jpg 960w, http:\/\/www.proma.com.br\/blog\/wp-content\/uploads\/2018\/03\/2018_PROMA_FotoTaisUrquizar_029-768x512.jpg 768w, http:\/\/www.proma.com.br\/blog\/wp-content\/uploads\/2018\/03\/2018_PROMA_FotoTaisUrquizar_029-450x300.jpg 450w, http:\/\/www.proma.com.br\/blog\/wp-content\/uploads\/2018\/03\/2018_PROMA_FotoTaisUrquizar_029.jpg 1677w\" sizes=\"(max-width: 584px) 100vw, 584px\" \/> \u00a0\u00a0<img loading=\"lazy\" class=\"alignnone size-large wp-image-5875\" src=\"http:\/\/www.proma.com.br\/blog\/wp-content\/uploads\/2018\/03\/2018_PROMA_FotoTaisUrquizar_049-1024x683.jpg\" alt=\"\" width=\"584\" height=\"390\" srcset=\"http:\/\/www.proma.com.br\/blog\/wp-content\/uploads\/2018\/03\/2018_PROMA_FotoTaisUrquizar_049-1024x683.jpg 1024w, http:\/\/www.proma.com.br\/blog\/wp-content\/uploads\/2018\/03\/2018_PROMA_FotoTaisUrquizar_049-960x640.jpg 960w, http:\/\/www.proma.com.br\/blog\/wp-content\/uploads\/2018\/03\/2018_PROMA_FotoTaisUrquizar_049-768x512.jpg 768w, http:\/\/www.proma.com.br\/blog\/wp-content\/uploads\/2018\/03\/2018_PROMA_FotoTaisUrquizar_049-450x300.jpg 450w, http:\/\/www.proma.com.br\/blog\/wp-content\/uploads\/2018\/03\/2018_PROMA_FotoTaisUrquizar_049.jpg 1549w\" sizes=\"(max-width: 584px) 100vw, 584px\" \/> \u00a0<img loading=\"lazy\" class=\"alignnone size-large wp-image-5878\" src=\"http:\/\/www.proma.com.br\/blog\/wp-content\/uploads\/2018\/03\/2018_PROMA_FotoTaisUrquizar_082-1024x683.jpg\" alt=\"\" width=\"584\" height=\"390\" srcset=\"http:\/\/www.proma.com.br\/blog\/wp-content\/uploads\/2018\/03\/2018_PROMA_FotoTaisUrquizar_082-1024x683.jpg 1024w, http:\/\/www.proma.com.br\/blog\/wp-content\/uploads\/2018\/03\/2018_PROMA_FotoTaisUrquizar_082-960x640.jpg 960w, http:\/\/www.proma.com.br\/blog\/wp-content\/uploads\/2018\/03\/2018_PROMA_FotoTaisUrquizar_082-768x512.jpg 768w, http:\/\/www.proma.com.br\/blog\/wp-content\/uploads\/2018\/03\/2018_PROMA_FotoTaisUrquizar_082-450x300.jpg 450w, http:\/\/www.proma.com.br\/blog\/wp-content\/uploads\/2018\/03\/2018_PROMA_FotoTaisUrquizar_082.jpg 1728w\" sizes=\"(max-width: 584px) 100vw, 584px\" \/> <img loading=\"lazy\" class=\"alignnone size-large wp-image-5879\" src=\"http:\/\/www.proma.com.br\/blog\/wp-content\/uploads\/2018\/03\/2018_PROMA_FotoTaisUrquizar_097-1024x683.jpg\" alt=\"\" width=\"584\" height=\"390\" srcset=\"http:\/\/www.proma.com.br\/blog\/wp-content\/uploads\/2018\/03\/2018_PROMA_FotoTaisUrquizar_097-1024x683.jpg 1024w, http:\/\/www.proma.com.br\/blog\/wp-content\/uploads\/2018\/03\/2018_PROMA_FotoTaisUrquizar_097-960x640.jpg 960w, http:\/\/www.proma.com.br\/blog\/wp-content\/uploads\/2018\/03\/2018_PROMA_FotoTaisUrquizar_097-768x512.jpg 768w, http:\/\/www.proma.com.br\/blog\/wp-content\/uploads\/2018\/03\/2018_PROMA_FotoTaisUrquizar_097-450x300.jpg 450w, http:\/\/www.proma.com.br\/blog\/wp-content\/uploads\/2018\/03\/2018_PROMA_FotoTaisUrquizar_097.jpg 1728w\" sizes=\"(max-width: 584px) 100vw, 584px\" \/> \u00a0\u00a0\u00a0\u00a0<img loading=\"lazy\" class=\"alignnone size-large wp-image-5888\" src=\"http:\/\/www.proma.com.br\/blog\/wp-content\/uploads\/2018\/03\/2018_PROMA_FotoTaisUrquizar_193-2-1024x683.jpg\" alt=\"\" width=\"584\" height=\"390\" srcset=\"http:\/\/www.proma.com.br\/blog\/wp-content\/uploads\/2018\/03\/2018_PROMA_FotoTaisUrquizar_193-2-1024x683.jpg 1024w, http:\/\/www.proma.com.br\/blog\/wp-content\/uploads\/2018\/03\/2018_PROMA_FotoTaisUrquizar_193-2-960x640.jpg 960w, http:\/\/www.proma.com.br\/blog\/wp-content\/uploads\/2018\/03\/2018_PROMA_FotoTaisUrquizar_193-2-768x512.jpg 768w, http:\/\/www.proma.com.br\/blog\/wp-content\/uploads\/2018\/03\/2018_PROMA_FotoTaisUrquizar_193-2-450x300.jpg 450w, http:\/\/www.proma.com.br\/blog\/wp-content\/uploads\/2018\/03\/2018_PROMA_FotoTaisUrquizar_193-2.jpg 1728w\" sizes=\"(max-width: 584px) 100vw, 584px\" \/><img loading=\"lazy\" class=\"alignnone size-large wp-image-5893\" src=\"http:\/\/www.proma.com.br\/blog\/wp-content\/uploads\/2018\/03\/2018_PROMA_FotoTaisUrquizar_040-1-1024x683.jpg\" alt=\"\" width=\"584\" height=\"390\" srcset=\"http:\/\/www.proma.com.br\/blog\/wp-content\/uploads\/2018\/03\/2018_PROMA_FotoTaisUrquizar_040-1-1024x683.jpg 1024w, http:\/\/www.proma.com.br\/blog\/wp-content\/uploads\/2018\/03\/2018_PROMA_FotoTaisUrquizar_040-1-960x640.jpg 960w, http:\/\/www.proma.com.br\/blog\/wp-content\/uploads\/2018\/03\/2018_PROMA_FotoTaisUrquizar_040-1-768x512.jpg 768w, http:\/\/www.proma.com.br\/blog\/wp-content\/uploads\/2018\/03\/2018_PROMA_FotoTaisUrquizar_040-1-450x300.jpg 450w, http:\/\/www.proma.com.br\/blog\/wp-content\/uploads\/2018\/03\/2018_PROMA_FotoTaisUrquizar_040-1.jpg 1728w\" sizes=\"(max-width: 584px) 100vw, 584px\" \/><\/p>\n<p>_______<\/p>\n<p><strong>Cr\u00e9dito das imagens:<\/strong> Tais Urquizar<\/p>\n","protected":false},"excerpt":{"rendered":"<p>O evento para corretores, clientes, parceiros e amigos aconteceu na noite de 21 de mar\u00e7o, na Bodega do Richter A Proma Constru\u00e7\u00f5es e Neg\u00f3cios lan\u00e7ou na noite de quarta-feira, 21, o Residencial Dracena. O evento aconteceu na Bodega do Richter&hellip;<\/p>\n","protected":false},"author":2,"featured_media":5885,"comment_status":"open","ping_status":"closed","sticky":false,"template":"","format":"standard","meta":[],"categories":[3],"tags":[2888,2219,2890],"_links":{"self":[{"href":"http:\/\/www.proma.com.br\/blog\/wp-json\/wp\/v2\/posts\/5856"}],"collection":[{"href":"http:\/\/www.proma.com.br\/blog\/wp-json\/wp\/v2\/posts"}],"about":[{"href":"http:\/\/www.proma.com.br\/blog\/wp-json\/wp\/v2\/types\/post"}],"author":[{"embeddable":true,"href":"http:\/\/www.proma.com.br\/blog\/wp-json\/wp\/v2\/users\/2"}],"replies":[{"embeddable":true,"href":"http:\/\/www.proma.com.br\/blog\/wp-json\/wp\/v2\/comments?post=5856"}],"version-history":[{"count":5,"href":"http:\/\/www.proma.com.br\/blog\/wp-json\/wp\/v2\/posts\/5856\/revisions"}],"predecessor-version":[{"id":5901,"href":"http:\/\/www.proma.com.br\/blog\/wp-json\/wp\/v2\/posts\/5856\/revisions\/5901"}],"wp:featuredmedia":[{"embeddable":true,"href":"http:\/\/www.proma.com.br\/blog\/wp-json\/wp\/v2\/media\/5885"}],"wp:attachment":[{"href":"http:\/\/www.proma.com.br\/blog\/wp-json\/wp\/v2\/media?parent=5856"}],"wp:term":[{"taxonomy":"category","embeddable":true,"href":"http:\/\/www.proma.com.br\/blog\/wp-json\/wp\/v2\/categories?post=5856"},{"taxonomy":"post_tag","embeddable":true,"href":"http:\/\/www.proma.com.br\/blog\/wp-json\/wp\/v2\/tags?post=5856"}],"curies":[{"name":"wp","href":"https:\/\/api.w.org\/{rel}","templated":true}]}}