{"id":5995,"date":"2019-03-05T14:35:20","date_gmt":"2019-03-05T17:35:20","guid":{"rendered":"http:\/\/www.proma.com.br\/blog\/?p=5995"},"modified":"2018-09-25T21:15:58","modified_gmt":"2018-09-26T00:15:58","slug":"10-ideias-para-guardar-suas-lembrancas-de-viagem","status":"publish","type":"post","link":"http:\/\/www.proma.com.br\/blog\/10-ideias-para-guardar-suas-lembrancas-de-viagem\/","title":{"rendered":"10 IDEIAS PARA GUARDAR SUAS LEMBRAN\u00c7AS DE VIAGEM"},"content":{"rendered":"<p>Estar pelo mundo \u00e9 um sonho que pode se realizar \u2013 e ser trazido para casa na forma de souvenirs ao fim das viagens. Mas, muita gente achar dif\u00edcil mostrar essas lembran\u00e7as e criar um ambiente coeso e bem decorado, sem que pare\u00e7a uma mistura aleat\u00f3ria. Voc\u00ea est\u00e1 entre essas pessoas?<\/p>\n<p>A lista abaixo traz ideias de decora\u00e7\u00e3o e dicas de estilo para criar uma casa global, repleta de mem\u00f3rias (coisa boa!).<\/p>\n<p>Confira!<\/p>\n<p><strong>1. Nunca se acomode<\/strong><\/p>\n<p><img loading=\"lazy\" class=\"alignnone size-full wp-image-5996\" src=\"http:\/\/www.proma.com.br\/blog\/wp-content\/uploads\/2018\/06\/02-3.jpg\" alt=\"\" width=\"480\" height=\"746\" srcset=\"http:\/\/www.proma.com.br\/blog\/wp-content\/uploads\/2018\/06\/02-3.jpg 480w, http:\/\/www.proma.com.br\/blog\/wp-content\/uploads\/2018\/06\/02-3-193x300.jpg 193w\" sizes=\"(max-width: 480px) 100vw, 480px\" \/><\/p>\n<p>Em primeiro lugar, n\u00e3o pense que sua decora\u00e7\u00e3o parecer\u00e1 sempre a mesma. A stylist e diretora criativa do The Glamourai, Kelly Framel, em entrevista \u00e0 Elle D\u00e9cor, avisa que a apar\u00eancia do lar de quem viaja ser\u00e1 sempre transformada a cada nova aventura. O estilo mudar\u00e1 e se adaptar\u00e1 aos novos objetos \u2013 mantenha a mente aberta!<\/p>\n<p><strong>2. Bandejas ser\u00e3o suas melhores amigas<\/strong><\/p>\n<p><img loading=\"lazy\" class=\"alignnone size-large wp-image-5997\" src=\"http:\/\/www.proma.com.br\/blog\/wp-content\/uploads\/2018\/06\/03-3.jpg\" alt=\"\" width=\"584\" height=\"389\" srcset=\"http:\/\/www.proma.com.br\/blog\/wp-content\/uploads\/2018\/06\/03-3.jpg 980w, http:\/\/www.proma.com.br\/blog\/wp-content\/uploads\/2018\/06\/03-3-960x640.jpg 960w, http:\/\/www.proma.com.br\/blog\/wp-content\/uploads\/2018\/06\/03-3-768x512.jpg 768w, http:\/\/www.proma.com.br\/blog\/wp-content\/uploads\/2018\/06\/03-3-450x300.jpg 450w\" sizes=\"(max-width: 584px) 100vw, 584px\" \/><\/p>\n<p>Quem pensa que bandejas s\u00e3o exclusivas \u00e0 cozinha est\u00e1 errado: elas s\u00e3o perfeitas para alinhar arranjos em mesas de centro e decorar a casa. Use-as para dispor as lembran\u00e7as de maneira estilosa. Quanto mais bonita a bandeja, melhor ela ressaltar\u00e1 a beleza dos souvenirs \u2013 e eles n\u00e3o se perder\u00e3o entre livros nas prateleiras.<\/p>\n<p><strong>3. Monte o arranjo perfeito, sem fotos<\/strong><\/p>\n<p><img loading=\"lazy\" class=\"alignnone size-large wp-image-5998\" src=\"http:\/\/www.proma.com.br\/blog\/wp-content\/uploads\/2018\/06\/04-3.jpg\" alt=\"\" width=\"500\" height=\"500\" srcset=\"http:\/\/www.proma.com.br\/blog\/wp-content\/uploads\/2018\/06\/04-3.jpg 500w, http:\/\/www.proma.com.br\/blog\/wp-content\/uploads\/2018\/06\/04-3-300x300.jpg 300w\" sizes=\"(max-width: 500px) 100vw, 500px\" \/><\/p>\n<p>Trocar o mural de fotos da fam\u00edlia por um arranjo de parede repleto de objetos pode ser uma boa ideia. O casal de moradores de uma casa em Sydney, na Austr\u00e1lia, traz uma lembran\u00e7a ap\u00f3s cada viagem reunindo-as na parede da foto. A unidade \u00e9 mantida principalmente pelos tons, em sua maioria terrosos, e pela abund\u00e2ncia de texturas de cada item.<\/p>\n<p><strong>4. Prato feito, mas n\u00e3o na mesa<\/strong><\/p>\n<p><img loading=\"lazy\" class=\"alignnone size-large wp-image-5999\" src=\"http:\/\/www.proma.com.br\/blog\/wp-content\/uploads\/2018\/06\/05-3.jpg\" alt=\"\" width=\"550\" height=\"373\" srcset=\"http:\/\/www.proma.com.br\/blog\/wp-content\/uploads\/2018\/06\/05-3.jpg 550w, http:\/\/www.proma.com.br\/blog\/wp-content\/uploads\/2018\/06\/05-3-442x300.jpg 442w\" sizes=\"(max-width: 550px) 100vw, 550px\" \/><\/p>\n<p>A parede tamb\u00e9m pode servir de tela para uma composi\u00e7\u00e3o de pratos decorados \u2013 cada um deles original de uma cidade visitada. Este tipo de arranjo vai bem na cozinha e na sala de jantar. No segundo ambiente, ele se torna uma \u00f3tima deixa para contar \u00e0s visitas sobre as aventuras na estrada.<\/p>\n<p><strong>5. Use os itens adquiridos nas viagens como organizadores<\/strong><\/p>\n<p><img loading=\"lazy\" class=\"alignnone size-large wp-image-6000\" src=\"http:\/\/www.proma.com.br\/blog\/wp-content\/uploads\/2018\/06\/06-2.jpg\" alt=\"\" width=\"480\" height=\"720\" srcset=\"http:\/\/www.proma.com.br\/blog\/wp-content\/uploads\/2018\/06\/06-2.jpg 480w, http:\/\/www.proma.com.br\/blog\/wp-content\/uploads\/2018\/06\/06-2-200x300.jpg 200w\" sizes=\"(max-width: 480px) 100vw, 480px\" \/><\/p>\n<p>Quem gosta de decora\u00e7\u00e3o aproveita as viagens n\u00e3o s\u00f3 para trazer pequenos objetos, mas tamb\u00e9m investir em algumas exclusividades, como caixas e ba\u00fas antigos. Eles s\u00e3o ideais para guardar e exibir souvenirs menores, mantendo a tem\u00e1tica global.<\/p>\n<p><strong>6. Atente-se \u00e0 import\u00e2ncia da escala<\/strong><\/p>\n<p><img loading=\"lazy\" class=\"alignnone size-large wp-image-6001\" src=\"http:\/\/www.proma.com.br\/blog\/wp-content\/uploads\/2018\/06\/07-1.jpg\" alt=\"\" width=\"480\" height=\"717\" srcset=\"http:\/\/www.proma.com.br\/blog\/wp-content\/uploads\/2018\/06\/07-1.jpg 480w, http:\/\/www.proma.com.br\/blog\/wp-content\/uploads\/2018\/06\/07-1-201x300.jpg 201w\" sizes=\"(max-width: 480px) 100vw, 480px\" \/><\/p>\n<p>Se trazem ba\u00fas, porque n\u00e3o trazer arte? \u00c9 poss\u00edvel encontrar pe\u00e7as lindas e ex\u00f3ticas Brasil e mundo afora. Ao faz\u00ea-lo, mantenha em mente a propor\u00e7\u00e3o dos m\u00f3veis em rela\u00e7\u00e3o ao ambiente, combinando o tamanho do quadro e da pintura. Na foto, Framel colocou uma obra de arte grande em um ambiente pequeno \u00e0 fim de explorar o olhar e abrir o espa\u00e7o.<\/p>\n<p><strong>7. Ancore o espa\u00e7o com linhas modernas<\/strong><\/p>\n<p><img loading=\"lazy\" class=\"alignnone size-large wp-image-6002\" src=\"http:\/\/www.proma.com.br\/blog\/wp-content\/uploads\/2018\/06\/08.jpg\" alt=\"\" width=\"584\" height=\"389\" srcset=\"http:\/\/www.proma.com.br\/blog\/wp-content\/uploads\/2018\/06\/08.jpg 980w, http:\/\/www.proma.com.br\/blog\/wp-content\/uploads\/2018\/06\/08-960x640.jpg 960w, http:\/\/www.proma.com.br\/blog\/wp-content\/uploads\/2018\/06\/08-768x512.jpg 768w, http:\/\/www.proma.com.br\/blog\/wp-content\/uploads\/2018\/06\/08-450x300.jpg 450w\" sizes=\"(max-width: 584px) 100vw, 584px\" \/><\/p>\n<p>Quando se tem uma grande variedade de objetos de estilos e lugares diferentes, s\u00e3o necess\u00e1rios elementos que estabilizem o d\u00e9cor, deixando o espa\u00e7o mais equilibrado. Para isso, invista em m\u00f3veis mais minimalistas ou monocrom\u00e1ticos. O papel de \u201cvestir\u201d a casa ser\u00e1 dos souvenirs.<\/p>\n<p><strong>8. Emoldure lembran\u00e7as de papel<\/strong><\/p>\n<p><img loading=\"lazy\" class=\"alignnone size-large wp-image-6003\" src=\"http:\/\/www.proma.com.br\/blog\/wp-content\/uploads\/2018\/06\/09.jpg\" alt=\"\" width=\"584\" height=\"389\" srcset=\"http:\/\/www.proma.com.br\/blog\/wp-content\/uploads\/2018\/06\/09.jpg 900w, http:\/\/www.proma.com.br\/blog\/wp-content\/uploads\/2018\/06\/09-768x511.jpg 768w, http:\/\/www.proma.com.br\/blog\/wp-content\/uploads\/2018\/06\/09-451x300.jpg 451w\" sizes=\"(max-width: 584px) 100vw, 584px\" \/><\/p>\n<p>N\u00e3o guarde lembran\u00e7as de papel nas gavetas, em lugares em que voc\u00ea mal ir\u00e1 lembrar que existem. Pode ser tamb\u00e9m que seu desejo n\u00e3o seja criar uma decora\u00e7\u00e3o totalmente inspirada em suas viagens. Em ambos os casos, experimente expor as mem\u00f3rias queridas em um mural, emoldurando uma t\u00e1bua e fixando ingressos, fotografias e at\u00e9 passagens de avi\u00e3o em um cantinho especial da casa.<\/p>\n<p><strong>9. Mantenha-se organizado<\/strong><\/p>\n<p><img loading=\"lazy\" class=\"alignnone size-large wp-image-6004\" src=\"http:\/\/www.proma.com.br\/blog\/wp-content\/uploads\/2018\/06\/10-1.jpg\" alt=\"\" width=\"584\" height=\"526\" srcset=\"http:\/\/www.proma.com.br\/blog\/wp-content\/uploads\/2018\/06\/10-1.jpg 710w, http:\/\/www.proma.com.br\/blog\/wp-content\/uploads\/2018\/06\/10-1-333x300.jpg 333w\" sizes=\"(max-width: 584px) 100vw, 584px\" \/><\/p>\n<p>Uma abund\u00e2ncia de souvenirs, ainda que no mesmo estilo, pode fazer com que o ambiente pare\u00e7a cheio e exagerado. A organiza\u00e7\u00e3o \u00e9 a melhor solu\u00e7\u00e3o! Uma estante sim\u00e9trica com nichos quadrados d\u00e1 conta de expor os objetos trazidos para casa com estilo. O modelo numerado da Pottery Barn \u00e9 inspirado nos organizadores de antigos hot\u00e9is, colaborando para a cria\u00e7\u00e3o de um d\u00e9cor ainda mais especial.<\/p>\n<p><strong>10. A boemia combina com \u2013 quase \u2013 tudo<\/strong><\/p>\n<p><img loading=\"lazy\" class=\"alignnone size-large wp-image-6005\" src=\"http:\/\/www.proma.com.br\/blog\/wp-content\/uploads\/2018\/06\/11-1.jpg\" alt=\"\" width=\"584\" height=\"817\" srcset=\"http:\/\/www.proma.com.br\/blog\/wp-content\/uploads\/2018\/06\/11-1.jpg 620w, http:\/\/www.proma.com.br\/blog\/wp-content\/uploads\/2018\/06\/11-1-215x300.jpg 215w\" sizes=\"(max-width: 584px) 100vw, 584px\" \/><\/p>\n<p>O estilo boho \u00e9 perfeito para quem curte mochil\u00f5es e viagens alternativas. Qualquer item trazido de fora se encaixar\u00e1 \u00e0s composi\u00e7\u00f5es, j\u00e1 que o eixo deste d\u00e9cor \u00e9 o clima despojado e impreciso. A \u00fanica aten\u00e7\u00e3o necess\u00e1ria \u00e9 \u00e0 paleta de cores \u2013 de resto, aproveite e se jogue nas mantas \u00e9tnicas, pratos, pinturas de rua e tudo que te inspirar.<\/p>\n<p>Agora, voc\u00ea n\u00e3o tem mais desculpas para n\u00e3o decorar a sua casa com lembran\u00e7as lindas de momentos que jamais ser\u00e3o esquecidos. Viajar \u00e9 bom demais, n\u00e3o \u00e9?<\/p>\n<p><strong>Fonte:\u00a0<\/strong><a href=\"https:\/\/abr.ai\/2KxTPCO\" target=\"_blank\" rel=\"noopener\">Casa Claudia<\/a><\/p>\n<p>____<\/p>\n<p><strong>Leia tamb\u00e9m:<\/strong><\/p>\n<ul>\n<li><a href=\"http:\/\/www.proma.com.br\/blog\/os-segredos-para-um-lar-feliz-coloque-os-em-pratica\/\" target=\"_blank\" rel=\"noopener\">Clique aqui<\/a> e confira os segredos para um lar feliz: coloque-os em pr\u00e1tica.<\/li>\n<li>Mudan\u00e7a \u00e0 vista: <a href=\"http:\/\/www.proma.com.br\/blog\/mudanca-a-vista-5-dicas-para-voce-deixar-a-sua-casa-muito-mais-colorida\/\" target=\"_blank\" rel=\"noopener\">clique aqui<\/a> e confira cinco dicas para deixar a sua casa muito mais colorida.<\/li>\n<\/ul>\n","protected":false},"excerpt":{"rendered":"<p>Estar pelo mundo \u00e9 um sonho que pode se realizar \u2013 e ser trazido para casa na forma de souvenirs ao fim das viagens. Mas, muita gente achar dif\u00edcil mostrar essas lembran\u00e7as e criar um ambiente coeso e bem decorado,&hellip;<\/p>\n","protected":false},"author":2,"featured_media":5997,"comment_status":"open","ping_status":"closed","sticky":false,"template":"","format":"standard","meta":[],"categories":[2,2927],"tags":[3016,3017,3018],"_links":{"self":[{"href":"http:\/\/www.proma.com.br\/blog\/wp-json\/wp\/v2\/posts\/5995"}],"collection":[{"href":"http:\/\/www.proma.com.br\/blog\/wp-json\/wp\/v2\/posts"}],"about":[{"href":"http:\/\/www.proma.com.br\/blog\/wp-json\/wp\/v2\/types\/post"}],"author":[{"embeddable":true,"href":"http:\/\/www.proma.com.br\/blog\/wp-json\/wp\/v2\/users\/2"}],"replies":[{"embeddable":true,"href":"http:\/\/www.proma.com.br\/blog\/wp-json\/wp\/v2\/comments?post=5995"}],"version-history":[{"count":1,"href":"http:\/\/www.proma.com.br\/blog\/wp-json\/wp\/v2\/posts\/5995\/revisions"}],"predecessor-version":[{"id":6006,"href":"http:\/\/www.proma.com.br\/blog\/wp-json\/wp\/v2\/posts\/5995\/revisions\/6006"}],"wp:featuredmedia":[{"embeddable":true,"href":"http:\/\/www.proma.com.br\/blog\/wp-json\/wp\/v2\/media\/5997"}],"wp:attachment":[{"href":"http:\/\/www.proma.com.br\/blog\/wp-json\/wp\/v2\/media?parent=5995"}],"wp:term":[{"taxonomy":"category","embeddable":true,"href":"http:\/\/www.proma.com.br\/blog\/wp-json\/wp\/v2\/categories?post=5995"},{"taxonomy":"post_tag","embeddable":true,"href":"http:\/\/www.proma.com.br\/blog\/wp-json\/wp\/v2\/tags?post=5995"}],"curies":[{"name":"wp","href":"https:\/\/api.w.org\/{rel}","templated":true}]}}