{"id":6042,"date":"2019-03-19T14:33:04","date_gmt":"2019-03-19T17:33:04","guid":{"rendered":"http:\/\/www.proma.com.br\/blog\/?p=6042"},"modified":"2018-10-17T12:01:12","modified_gmt":"2018-10-17T15:01:12","slug":"liberdade-aconchego-e-flexibilidade-home-sweet-office","status":"publish","type":"post","link":"http:\/\/www.proma.com.br\/blog\/liberdade-aconchego-e-flexibilidade-home-sweet-office\/","title":{"rendered":"LIBERDADE, ACONCHEGO E FLEXIBILIDADE: HOME SWEET OFFICE"},"content":{"rendered":"<p>Cada vez mais, o mundo est\u00e1 encontrando adeptos do home office, ou seja, da possibilidade de se trabalhar em casa ou de casa. Mas, como o universo de interiores est\u00e1 se comportando diante dessa nova realidade?<\/p>\n<p>\u00c9 o fim das delimita\u00e7\u00f5es, os arquitetos consideram. Essa \u00e9 uma das principais ideias que permeiam os atuais projetos de interiores. Quanto mais integrados e vers\u00e1teis forem os ambientes, melhor! E, quando se trata de um escrit\u00f3rio dentro de casa, esse conceito, claro, tamb\u00e9m est\u00e1 presente.<\/p>\n<p><img loading=\"lazy\" class=\"alignnone size-large wp-image-6046\" src=\"http:\/\/www.proma.com.br\/blog\/wp-content\/uploads\/2018\/07\/05-2.jpg\" alt=\"\" width=\"584\" height=\"597\" srcset=\"http:\/\/www.proma.com.br\/blog\/wp-content\/uploads\/2018\/07\/05-2.jpg 600w, http:\/\/www.proma.com.br\/blog\/wp-content\/uploads\/2018\/07\/05-2-294x300.jpg 294w\" sizes=\"(max-width: 584px) 100vw, 584px\" \/><\/p>\n<p>\u201cHouve um momento em que sobrava para o home office ambientes muito pequenos, alguns at\u00e9 sem janela. Isso mudou. As pessoas querem espa\u00e7os amplos, com luz natural, plantas por perto, se poss\u00edvel com uma vista gostosa e, com exce\u00e7\u00e3o de quem precisa de concentra\u00e7\u00e3o total e sil\u00eancio absoluto, n\u00e3o isolado da \u00e1rea social da casa\u201d, observa o arquiteto Bruno Batistela, do Kwartet.<\/p>\n<p>Varandas e salas de estar t\u00eam sido os principais locais escolhidos para esse tipo de escrit\u00f3rio. \u201cE nada de trazer o mundo corporativo para o d\u00e9cor. O caminho \u00e9 seguir o visual do restante da casa, criando uma integra\u00e7\u00e3o natural\u201d, comenta Daniela Frugiuele, da Suite Arquitetos. Segundo ela, hoje as pessoas precisam de poucas coisas para trabalhar em casa. Em geral, optam por uma mesa e um m\u00f3vel com gavetas e nichos de uso m\u00faltiplo.<\/p>\n<p>\u201cPara fugir do cinza, do preto e do bege convencionais, a tend\u00eancia \u00e9 investir em tons mais alegres e suaves\u201d, garante a arquiteta Luciana Castro, dona do escrit\u00f3rio que leva o seu nome. Segundo Henrique Diaz, diretor de planejamento da ag\u00eancia de pesquisa de tend\u00eancias Box 1824, cada vez mais personalizados, a maioria dos home offices n\u00e3o segue padr\u00f5es. \u201c\u00c9 claro que podemos elencar uma s\u00e9rie de caracter\u00edsticas comuns entre eles, mas ao mesmo tempo h\u00e1 uma crescente customiza\u00e7\u00e3o para suprir melhor as necessidades da quem vive e trabalha no mesmo lugar.\u201d<\/p>\n<p>A rela\u00e7\u00f5es-p\u00fablicas Gra\u00e7a Salles talvez seja a perfeita tradu\u00e7\u00e3o desse novo morar. Ela j\u00e1 n\u00e3o lembra mais do tempo em que era obrigada a enfrentar o terr\u00edvel tr\u00e2nsito da capital paulista para chegar ao trabalho e soube muito bem dividir o espa\u00e7o da intimidade dom\u00e9stica com o cotidiano profissional.<\/p>\n<p><img loading=\"lazy\" class=\"alignnone size-full wp-image-6043\" src=\"http:\/\/www.proma.com.br\/blog\/wp-content\/uploads\/2018\/07\/02-2.jpg\" alt=\"\" width=\"460\" height=\"613\" srcset=\"http:\/\/www.proma.com.br\/blog\/wp-content\/uploads\/2018\/07\/02-2.jpg 460w, http:\/\/www.proma.com.br\/blog\/wp-content\/uploads\/2018\/07\/02-2-225x300.jpg 225w\" sizes=\"(max-width: 460px) 100vw, 460px\" \/>\u00a0\u00a0\u00a0\u00a0<img loading=\"lazy\" class=\"alignnone size-large wp-image-6047\" src=\"http:\/\/www.proma.com.br\/blog\/wp-content\/uploads\/2018\/07\/06-2.jpg\" alt=\"\" width=\"449\" height=\"613\" srcset=\"http:\/\/www.proma.com.br\/blog\/wp-content\/uploads\/2018\/07\/06-2.jpg 449w, http:\/\/www.proma.com.br\/blog\/wp-content\/uploads\/2018\/07\/06-2-220x300.jpg 220w\" sizes=\"(max-width: 449px) 100vw, 449px\" \/><\/p>\n<p>Gra\u00e7a optou por utilizar um dos dois dormit\u00f3rios de seu apartamento (de 140 metros quadrados), no bairro dos Jardins, mas fez quest\u00e3o de derrubar as paredes que o isolavam da sala. Ela tamb\u00e9m preferiu usar portas de correr. \u201cUma \u00f3tima solu\u00e7\u00e3o. No geral, deixo aberto. S\u00f3 fecho quando preciso receber convidados para reuni\u00f5es e coisas assim\u201d, diz ela, que ainda resolveu dar mais uma fun\u00e7\u00e3o ao ambiente. Colocou um sof\u00e1-cama logo ao lado de sua mesa de trabalho e ganhou um agrad\u00e1vel quarto de h\u00f3spedes.<\/p>\n<p><img loading=\"lazy\" class=\"alignnone size-large wp-image-6044\" src=\"http:\/\/www.proma.com.br\/blog\/wp-content\/uploads\/2018\/07\/03-2.jpg\" alt=\"\" width=\"471\" height=\"613\" srcset=\"http:\/\/www.proma.com.br\/blog\/wp-content\/uploads\/2018\/07\/03-2.jpg 471w, http:\/\/www.proma.com.br\/blog\/wp-content\/uploads\/2018\/07\/03-2-231x300.jpg 231w\" sizes=\"(max-width: 471px) 100vw, 471px\" \/><img loading=\"lazy\" class=\"alignnone size-large wp-image-6045\" src=\"http:\/\/www.proma.com.br\/blog\/wp-content\/uploads\/2018\/07\/04-2.jpg\" alt=\"\" width=\"449\" height=\"613\" srcset=\"http:\/\/www.proma.com.br\/blog\/wp-content\/uploads\/2018\/07\/04-2.jpg 449w, http:\/\/www.proma.com.br\/blog\/wp-content\/uploads\/2018\/07\/04-2-220x300.jpg 220w\" sizes=\"(max-width: 449px) 100vw, 449px\" \/><\/p>\n<p>Voc\u00ea estava em busca de inspira\u00e7\u00f5es para o seu escrit\u00f3rio em casa? Se essa mat\u00e9ria ajudou, deixe o seu coment\u00e1rio \ud83d\ude42<\/p>\n<p><strong>Fonte:\u00a0<\/strong><a href=\"https:\/\/abr.ai\/2tSgeB0\" target=\"_blank\" rel=\"noopener\">Casa Claudia<\/a><\/p>\n<p>____<\/p>\n<p><strong>Leia tamb\u00e9m:<\/strong><\/p>\n<ul>\n<li>Home office: <a href=\"http:\/\/www.proma.com.br\/blog\/home-office-como-se-organizar-para-trabalhar-em-casa\/\" target=\"_blank\" rel=\"noopener\">clique aqui<\/a> e saiba como se organizar para trabalhar em casa.<\/li>\n<li>Reforma inteligente: <a href=\"http:\/\/www.proma.com.br\/blog\/reforma-inteligente-dicas-para-aproveitar-um-apartamento-pequeno\/\" target=\"_blank\" rel=\"noopener\">clique aqui<\/a> e confira dicas para aproveitar um apartamento pequeno.<\/li>\n<\/ul>\n","protected":false},"excerpt":{"rendered":"<p>Cada vez mais, o mundo est\u00e1 encontrando adeptos do home office, ou seja, da possibilidade de se trabalhar em casa ou de casa. Mas, como o universo de interiores est\u00e1 se comportando diante dessa nova realidade? \u00c9 o fim das&hellip;<\/p>\n","protected":false},"author":2,"featured_media":6046,"comment_status":"open","ping_status":"closed","sticky":false,"template":"","format":"standard","meta":[],"categories":[5],"tags":[3027,3028,543],"_links":{"self":[{"href":"http:\/\/www.proma.com.br\/blog\/wp-json\/wp\/v2\/posts\/6042"}],"collection":[{"href":"http:\/\/www.proma.com.br\/blog\/wp-json\/wp\/v2\/posts"}],"about":[{"href":"http:\/\/www.proma.com.br\/blog\/wp-json\/wp\/v2\/types\/post"}],"author":[{"embeddable":true,"href":"http:\/\/www.proma.com.br\/blog\/wp-json\/wp\/v2\/users\/2"}],"replies":[{"embeddable":true,"href":"http:\/\/www.proma.com.br\/blog\/wp-json\/wp\/v2\/comments?post=6042"}],"version-history":[{"count":1,"href":"http:\/\/www.proma.com.br\/blog\/wp-json\/wp\/v2\/posts\/6042\/revisions"}],"predecessor-version":[{"id":6048,"href":"http:\/\/www.proma.com.br\/blog\/wp-json\/wp\/v2\/posts\/6042\/revisions\/6048"}],"wp:featuredmedia":[{"embeddable":true,"href":"http:\/\/www.proma.com.br\/blog\/wp-json\/wp\/v2\/media\/6046"}],"wp:attachment":[{"href":"http:\/\/www.proma.com.br\/blog\/wp-json\/wp\/v2\/media?parent=6042"}],"wp:term":[{"taxonomy":"category","embeddable":true,"href":"http:\/\/www.proma.com.br\/blog\/wp-json\/wp\/v2\/categories?post=6042"},{"taxonomy":"post_tag","embeddable":true,"href":"http:\/\/www.proma.com.br\/blog\/wp-json\/wp\/v2\/tags?post=6042"}],"curies":[{"name":"wp","href":"https:\/\/api.w.org\/{rel}","templated":true}]}}