{"id":6384,"date":"2019-05-14T14:34:49","date_gmt":"2019-05-14T17:34:49","guid":{"rendered":"http:\/\/www.proma.com.br\/blog\/?p=6384"},"modified":"2018-12-03T09:46:28","modified_gmt":"2018-12-03T12:46:28","slug":"um-a-um-mesa-de-lego-e-montada-com-mais-de-10-mil-pecas","status":"publish","type":"post","link":"http:\/\/www.proma.com.br\/blog\/um-a-um-mesa-de-lego-e-montada-com-mais-de-10-mil-pecas\/","title":{"rendered":"UM A UM: MESA DE LEGO \u00c9 MONTADA COM MAIS DE 10 MIL PE\u00c7AS"},"content":{"rendered":"<p>O diretor de arte Yusong Zhan construiu uma mesa de centro com mais de 10 mil pe\u00e7as de Lego. O m\u00f3vel mede 61 cent\u00edmetros de altura e 1,22 metro de largura. Dividida em quatro camadas de cores diferentes, sendo a externa toda branca e a interna verde, a constru\u00e7\u00e3o foi feita apenas pelo encaixe dos blocos, livre de cola ou parafusos.<\/p>\n<p><img loading=\"lazy\" class=\"alignnone size-full wp-image-6385\" src=\"http:\/\/www.proma.com.br\/blog\/wp-content\/uploads\/2018\/09\/02-2.jpg\" alt=\"\" width=\"620\" height=\"455\" srcset=\"http:\/\/www.proma.com.br\/blog\/wp-content\/uploads\/2018\/09\/02-2.jpg 620w, http:\/\/www.proma.com.br\/blog\/wp-content\/uploads\/2018\/09\/02-2-409x300.jpg 409w\" sizes=\"(max-width: 620px) 100vw, 620px\" \/><\/p>\n<p>A ideia de criar camadas surgiu para refor\u00e7ar a estrutura da mesa e para que a superf\u00edcie suportasse o peso de itens de decora\u00e7\u00e3o ou copos. A mesa pode ter o design reajustado facilmente, retirando ou acrescentando pe\u00e7as de Lego.<\/p>\n<p><img loading=\"lazy\" class=\"alignnone size-large wp-image-6386\" src=\"http:\/\/www.proma.com.br\/blog\/wp-content\/uploads\/2018\/09\/03-2.jpg\" alt=\"\" width=\"584\" height=\"429\" srcset=\"http:\/\/www.proma.com.br\/blog\/wp-content\/uploads\/2018\/09\/03-2.jpg 620w, http:\/\/www.proma.com.br\/blog\/wp-content\/uploads\/2018\/09\/03-2-409x300.jpg 409w\" sizes=\"(max-width: 584px) 100vw, 584px\" \/><\/p>\n<p>Depois de criar o design retangular e aberto no centro, o diretor de arte construiu o m\u00f3vel em tr\u00eas semanas, ao chegar em casa ap\u00f3s o trabalho. \u201cFoi um pouco complicado descobrir o processo, mas depois ele se tornou repetitivo\u201d, conta Zhan.<\/p>\n<p><img loading=\"lazy\" class=\"alignnone size-large wp-image-6387\" src=\"http:\/\/www.proma.com.br\/blog\/wp-content\/uploads\/2018\/09\/04-1.jpg\" alt=\"\" width=\"584\" height=\"429\" srcset=\"http:\/\/www.proma.com.br\/blog\/wp-content\/uploads\/2018\/09\/04-1.jpg 620w, http:\/\/www.proma.com.br\/blog\/wp-content\/uploads\/2018\/09\/04-1-409x300.jpg 409w\" sizes=\"(max-width: 584px) 100vw, 584px\" \/><\/p>\n<p>A pe\u00e7a original n\u00e3o est\u00e1 a venda, mas o criador considera criar ou reproduzir m\u00f3veis sob encomenda.<\/p>\n<p>E a\u00ed, voc\u00ea curtiria ter uma mesa de Lego na sua casa?<\/p>\n<p><strong>Fonte:\u00a0<\/strong><a href=\"https:\/\/glo.bo\/2NACb2C\" target=\"_blank\" rel=\"noopener\">Casa e Jardim<\/a><\/p>\n<p>______<\/p>\n<p><strong>Leia tamb\u00e9m:<\/strong><\/p>\n<ul>\n<li>Ambiente personalizado para adultos com brinquedos na decora\u00e7\u00e3o. <a href=\"http:\/\/www.proma.com.br\/blog\/ambiente-personalizado-para-adultos-com-brinquedos-na-decoracao\/\" target=\"_blank\" rel=\"noopener\">Clique aqui<\/a> e saiba mais.<\/li>\n<li>EverBlock:\u00a0blocos para montar sua pr\u00f3pria decora\u00e7\u00e3o. <a href=\"http:\/\/www.proma.com.br\/blog\/everblock-blocos-para-montar-sua-propria-decoracao\/\" target=\"_blank\" rel=\"noopener\">Clique aqui<\/a> e confira.<\/li>\n<\/ul>\n","protected":false},"excerpt":{"rendered":"<p>O diretor de arte Yusong Zhan construiu uma mesa de centro com mais de 10 mil pe\u00e7as de Lego. O m\u00f3vel mede 61 cent\u00edmetros de altura e 1,22 metro de largura. Dividida em quatro camadas de cores diferentes, sendo a&hellip;<\/p>\n","protected":false},"author":2,"featured_media":6385,"comment_status":"open","ping_status":"closed","sticky":false,"template":"","format":"standard","meta":[],"categories":[2],"tags":[2401,3073],"_links":{"self":[{"href":"http:\/\/www.proma.com.br\/blog\/wp-json\/wp\/v2\/posts\/6384"}],"collection":[{"href":"http:\/\/www.proma.com.br\/blog\/wp-json\/wp\/v2\/posts"}],"about":[{"href":"http:\/\/www.proma.com.br\/blog\/wp-json\/wp\/v2\/types\/post"}],"author":[{"embeddable":true,"href":"http:\/\/www.proma.com.br\/blog\/wp-json\/wp\/v2\/users\/2"}],"replies":[{"embeddable":true,"href":"http:\/\/www.proma.com.br\/blog\/wp-json\/wp\/v2\/comments?post=6384"}],"version-history":[{"count":2,"href":"http:\/\/www.proma.com.br\/blog\/wp-json\/wp\/v2\/posts\/6384\/revisions"}],"predecessor-version":[{"id":6389,"href":"http:\/\/www.proma.com.br\/blog\/wp-json\/wp\/v2\/posts\/6384\/revisions\/6389"}],"wp:featuredmedia":[{"embeddable":true,"href":"http:\/\/www.proma.com.br\/blog\/wp-json\/wp\/v2\/media\/6385"}],"wp:attachment":[{"href":"http:\/\/www.proma.com.br\/blog\/wp-json\/wp\/v2\/media?parent=6384"}],"wp:term":[{"taxonomy":"category","embeddable":true,"href":"http:\/\/www.proma.com.br\/blog\/wp-json\/wp\/v2\/categories?post=6384"},{"taxonomy":"post_tag","embeddable":true,"href":"http:\/\/www.proma.com.br\/blog\/wp-json\/wp\/v2\/tags?post=6384"}],"curies":[{"name":"wp","href":"https:\/\/api.w.org\/{rel}","templated":true}]}}