{"id":6551,"date":"2019-03-26T15:13:18","date_gmt":"2019-03-26T18:13:18","guid":{"rendered":"http:\/\/www.proma.com.br\/blog\/?p=6551"},"modified":"2018-10-27T19:17:22","modified_gmt":"2018-10-27T22:17:22","slug":"rack-na-decoracao-5-ideias-para-servir-de-inspiracao","status":"publish","type":"post","link":"http:\/\/www.proma.com.br\/blog\/rack-na-decoracao-5-ideias-para-servir-de-inspiracao\/","title":{"rendered":"RACK NA DECORA\u00c7\u00c3O: 5 IDEIAS PARA SERVIR DE INSPIRA\u00c7\u00c3O"},"content":{"rendered":"<p>Cada vez mais, os racks s\u00e3o parte integrante e indispens\u00e1vel nas salas de estar. Para ajudar voc\u00ea a inovar na decora\u00e7\u00e3o, n\u00f3s selecionamos cinco projetos lindos e usuais.<\/p>\n<p>N\u00e3o perca tempo! O seu lar merece a sua aten\u00e7\u00e3o.<\/p>\n<p>1. Simples e moderno, o rack \u00e9 de freij\u00f3 com pintura laqueada. Almofadas, futons e tapete imprimem conforto ao ambiente.<\/p>\n<p><img loading=\"lazy\" class=\"alignnone size-full wp-image-6552\" src=\"http:\/\/www.proma.com.br\/blog\/wp-content\/uploads\/2018\/10\/01-3.jpg\" alt=\"\" width=\"620\" height=\"550\" srcset=\"http:\/\/www.proma.com.br\/blog\/wp-content\/uploads\/2018\/10\/01-3.jpg 620w, http:\/\/www.proma.com.br\/blog\/wp-content\/uploads\/2018\/10\/01-3-338x300.jpg 338w\" sizes=\"(max-width: 620px) 100vw, 620px\" \/><\/p>\n<p>2. O im\u00f3vel de 150 m\u00b2 ganhou decora\u00e7\u00e3o com base neutra e rack turquesa. Preso \u00e0 parede, o m\u00f3vel deixa o piso livre e parece flutuar, dando mais amplitude ao espa\u00e7o.<\/p>\n<p><img loading=\"lazy\" class=\"alignnone size-large wp-image-6553\" src=\"http:\/\/www.proma.com.br\/blog\/wp-content\/uploads\/2018\/10\/02-2.jpg\" alt=\"\" width=\"584\" height=\"518\" srcset=\"http:\/\/www.proma.com.br\/blog\/wp-content\/uploads\/2018\/10\/02-2.jpg 620w, http:\/\/www.proma.com.br\/blog\/wp-content\/uploads\/2018\/10\/02-2-338x300.jpg 338w\" sizes=\"(max-width: 584px) 100vw, 584px\" \/><\/p>\n<p>3. O p\u00e9-direito duplo de 5,23 m \u00e9 o grande diferencial deste living, que recebeu decora\u00e7\u00e3o s\u00f3bria e sofisticada. O branco do rack aparece tamb\u00e9m na prateleira e ajuda na harmonia visual do projeto.<\/p>\n<p><img loading=\"lazy\" class=\"alignnone size-large wp-image-6554\" src=\"http:\/\/www.proma.com.br\/blog\/wp-content\/uploads\/2018\/10\/03-2.jpg\" alt=\"\" width=\"584\" height=\"429\" srcset=\"http:\/\/www.proma.com.br\/blog\/wp-content\/uploads\/2018\/10\/03-2.jpg 620w, http:\/\/www.proma.com.br\/blog\/wp-content\/uploads\/2018\/10\/03-2-409x300.jpg 409w\" sizes=\"(max-width: 584px) 100vw, 584px\" \/><\/p>\n<p>4. Aqui, a decora\u00e7\u00e3o tem estilo r\u00fastico. O rack comprido abriga, al\u00e9m da TV, os discos de vinil, uma caixa de som e outros objetos decorativos do morador.<\/p>\n<p><img loading=\"lazy\" class=\"alignnone size-large wp-image-6555\" src=\"http:\/\/www.proma.com.br\/blog\/wp-content\/uploads\/2018\/10\/04-2.jpg\" alt=\"\" width=\"584\" height=\"429\" srcset=\"http:\/\/www.proma.com.br\/blog\/wp-content\/uploads\/2018\/10\/04-2.jpg 620w, http:\/\/www.proma.com.br\/blog\/wp-content\/uploads\/2018\/10\/04-2-409x300.jpg 409w\" sizes=\"(max-width: 584px) 100vw, 584px\" \/><\/p>\n<p>5. Esse projeto explorou a utiliza\u00e7\u00e3o do rack suspenso para trazer mais leveza e aumentar a circula\u00e7\u00e3o da sala de estar. A parede ainda leva painel de tecido.<\/p>\n<p><img loading=\"lazy\" class=\"alignnone size-large wp-image-6556\" src=\"http:\/\/www.proma.com.br\/blog\/wp-content\/uploads\/2018\/10\/05-2.jpg\" alt=\"\" width=\"584\" height=\"706\" srcset=\"http:\/\/www.proma.com.br\/blog\/wp-content\/uploads\/2018\/10\/05-2.jpg 620w, http:\/\/www.proma.com.br\/blog\/wp-content\/uploads\/2018\/10\/05-2-248x300.jpg 248w\" sizes=\"(max-width: 584px) 100vw, 584px\" \/><\/p>\n<p>Qual desses cinco ambientes com rack voc\u00ea mais gostou?<\/p>\n<p><strong>Fonte:\u00a0<\/strong><a href=\"https:\/\/glo.bo\/2z9jAl5\" target=\"_blank\" rel=\"noopener\">Casa e Jardim<\/a><\/p>\n<p>______<\/p>\n<p><strong>Leia tamb\u00e9m:<\/strong><\/p>\n<ul>\n<li><a href=\"http:\/\/www.proma.com.br\/blog\/10-dicas-para-uma-sala-mais-sofisticada\/\" target=\"_blank\" rel=\"noopener\">Clique aqui<\/a> e confira 10 dicas para uma sala mais sofisticada.<\/li>\n<li>Escolha um sof\u00e1 colorido e tenha uma sala cheia de vida. <a href=\"http:\/\/www.proma.com.br\/blog\/escolha-um-sofa-colorido-e-tenha-uma-sala-cheia-de-vida\/\" target=\"_blank\" rel=\"noopener\">Clique aqui<\/a> e saiba mais.<\/li>\n<\/ul>\n","protected":false},"excerpt":{"rendered":"<p>Cada vez mais, os racks s\u00e3o parte integrante e indispens\u00e1vel nas salas de estar. Para ajudar voc\u00ea a inovar na decora\u00e7\u00e3o, n\u00f3s selecionamos cinco projetos lindos e usuais. N\u00e3o perca tempo! O seu lar merece a sua aten\u00e7\u00e3o. 1. Simples&hellip;<\/p>\n","protected":false},"author":2,"featured_media":6553,"comment_status":"open","ping_status":"closed","sticky":false,"template":"","format":"standard","meta":[],"categories":[2927,5],"tags":[3089,2849],"_links":{"self":[{"href":"http:\/\/www.proma.com.br\/blog\/wp-json\/wp\/v2\/posts\/6551"}],"collection":[{"href":"http:\/\/www.proma.com.br\/blog\/wp-json\/wp\/v2\/posts"}],"about":[{"href":"http:\/\/www.proma.com.br\/blog\/wp-json\/wp\/v2\/types\/post"}],"author":[{"embeddable":true,"href":"http:\/\/www.proma.com.br\/blog\/wp-json\/wp\/v2\/users\/2"}],"replies":[{"embeddable":true,"href":"http:\/\/www.proma.com.br\/blog\/wp-json\/wp\/v2\/comments?post=6551"}],"version-history":[{"count":2,"href":"http:\/\/www.proma.com.br\/blog\/wp-json\/wp\/v2\/posts\/6551\/revisions"}],"predecessor-version":[{"id":6558,"href":"http:\/\/www.proma.com.br\/blog\/wp-json\/wp\/v2\/posts\/6551\/revisions\/6558"}],"wp:featuredmedia":[{"embeddable":true,"href":"http:\/\/www.proma.com.br\/blog\/wp-json\/wp\/v2\/media\/6553"}],"wp:attachment":[{"href":"http:\/\/www.proma.com.br\/blog\/wp-json\/wp\/v2\/media?parent=6551"}],"wp:term":[{"taxonomy":"category","embeddable":true,"href":"http:\/\/www.proma.com.br\/blog\/wp-json\/wp\/v2\/categories?post=6551"},{"taxonomy":"post_tag","embeddable":true,"href":"http:\/\/www.proma.com.br\/blog\/wp-json\/wp\/v2\/tags?post=6551"}],"curies":[{"name":"wp","href":"https:\/\/api.w.org\/{rel}","templated":true}]}}