{"id":7061,"date":"2020-01-07T15:01:01","date_gmt":"2020-01-07T18:01:01","guid":{"rendered":"http:\/\/www.proma.com.br\/blog\/?p=7061"},"modified":"2019-09-03T23:07:42","modified_gmt":"2019-09-04T02:07:42","slug":"google-e-cientistas-pesquisa-mostra-que-o-design-afeta-a-saude","status":"publish","type":"post","link":"http:\/\/www.proma.com.br\/blog\/google-e-cientistas-pesquisa-mostra-que-o-design-afeta-a-saude\/","title":{"rendered":"GOOGLE E CIENTISTAS: PESQUISA MOSTRA QUE O DESIGN AFETA A SA\u00daDE"},"content":{"rendered":"<p><img loading=\"lazy\" class=\"aligncenter size-full wp-image-7062\" src=\"http:\/\/www.proma.com.br\/blog\/wp-content\/uploads\/2019\/04\/07.jpg\" alt=\"\" width=\"620\" height=\"414\" srcset=\"http:\/\/www.proma.com.br\/blog\/wp-content\/uploads\/2019\/04\/07.jpg 620w, http:\/\/www.proma.com.br\/blog\/wp-content\/uploads\/2019\/04\/07-449x300.jpg 449w\" sizes=\"(max-width: 620px) 100vw, 620px\" \/><\/p>\n<p>Uma parceria do Google com cientistas da Universidade Johns Hopkins, nos Estados Unidos, quer provar que o design afeta a sa\u00fade e o bem-estar das pessoas. A mostra \u201c<em>A Space for Being\u201d,\u00a0<\/em>que esteve em exposi\u00e7\u00e3o no Spazio Maiocchi durante a semana de design de Mil\u00e3o, apresentou tr\u00eas salas com interiores projetados de acordo com os princ\u00edpios da neuroest\u00e9tica \u2013 um ramo da ci\u00eancia que explora como a est\u00e9tica visual pode afetar nossos c\u00e9rebros e fisiologia.<\/p>\n<p><img loading=\"lazy\" class=\"aligncenter size-large wp-image-7063\" src=\"http:\/\/www.proma.com.br\/blog\/wp-content\/uploads\/2019\/04\/08.jpg\" alt=\"\" width=\"584\" height=\"875\" srcset=\"http:\/\/www.proma.com.br\/blog\/wp-content\/uploads\/2019\/04\/08.jpg 620w, http:\/\/www.proma.com.br\/blog\/wp-content\/uploads\/2019\/04\/08-200x300.jpg 200w\" sizes=\"(max-width: 584px) 100vw, 584px\" \/><\/p>\n<p>Cada ambiente continha diferentes sons, aromas, texturas e ilumina\u00e7\u00e3o \u2013 o objetivo \u00e9 estimular os sentidos de diversas maneiras para mostrar como o design pode ter um impacto positivo ou negativo no bem-estar mental.<\/p>\n<p>Antes de entrar nas salas interativas, os visitantes recebiam uma pulseira desenvolvida pelo Google em parceria com o International Arts + Mind Lab da Universidade Johns Hopkins, liderada por Susan Magsamen. O objeto vem equipado com sensores para medir respostas f\u00edsicas e fisiol\u00f3gicas espec\u00edficas, como frequ\u00eancia card\u00edaca e condutividade da pele.<\/p>\n<p><img loading=\"lazy\" class=\"aligncenter size-large wp-image-7064\" src=\"http:\/\/www.proma.com.br\/blog\/wp-content\/uploads\/2019\/04\/09-1.jpg\" alt=\"\" width=\"584\" height=\"390\" srcset=\"http:\/\/www.proma.com.br\/blog\/wp-content\/uploads\/2019\/04\/09-1.jpg 620w, http:\/\/www.proma.com.br\/blog\/wp-content\/uploads\/2019\/04\/09-1-449x300.jpg 449w\" sizes=\"(max-width: 584px) 100vw, 584px\" \/><\/p>\n<p>Depois de experimentar cada um dos tr\u00eas ambientes, os visitantes recebiam um relat\u00f3rio personalizado informando-os em quais espa\u00e7os eles se sentiram \u201cmais confort\u00e1veis\u201d ou \u201c\u00e0 vontade\u201d, com base em suas respostas fisiol\u00f3gicas em tempo real. O diagn\u00f3stico vem na forma de um c\u00edrculo pintado em aquarelas, com \u00e1reas azuis para mostrar quando o visitante estava \u00e0 vontade, e salpicos de rosa para quando o visitante foi estimulado ou animado por alguma coisa.<\/p>\n<p>Suchi Reddy, arquiteto e fundador do est\u00fadio de arquitetura Reddymade, projetou os espa\u00e7os e os decorou com produtos da marca de design dinamarquesa Muuto. Esse crit\u00e9rio fez com que as tr\u00eas salas seguissem uma est\u00e9tica comum, o que ajuda a evitar que o gosto pessoal influencie as rea\u00e7\u00f5es dos visitantes, de modo que os resultados v\u00eam puramente dos gatilhos sensoriais.<\/p>\n<p><img loading=\"lazy\" class=\"aligncenter size-large wp-image-7065\" src=\"http:\/\/www.proma.com.br\/blog\/wp-content\/uploads\/2019\/04\/10.jpg\" alt=\"\" width=\"584\" height=\"390\" srcset=\"http:\/\/www.proma.com.br\/blog\/wp-content\/uploads\/2019\/04\/10.jpg 620w, http:\/\/www.proma.com.br\/blog\/wp-content\/uploads\/2019\/04\/10-449x300.jpg 449w\" sizes=\"(max-width: 584px) 100vw, 584px\" \/><\/p>\n<p>O primeiro ambiente, Essential, apresenta tons quentes e terrosos, com m\u00f3veis macios e ilumina\u00e7\u00e3o. Reddy fez refer\u00eancia \u00e0 est\u00e9tica das cavernas ao projetar a sala, com o objetivo de criar um espa\u00e7o semelhante a um \u00fatero.<\/p>\n<p><img loading=\"lazy\" class=\"aligncenter size-large wp-image-7066\" src=\"http:\/\/www.proma.com.br\/blog\/wp-content\/uploads\/2019\/04\/11.jpg\" alt=\"\" width=\"584\" height=\"390\" srcset=\"http:\/\/www.proma.com.br\/blog\/wp-content\/uploads\/2019\/04\/11.jpg 620w, http:\/\/www.proma.com.br\/blog\/wp-content\/uploads\/2019\/04\/11-449x300.jpg 449w\" sizes=\"(max-width: 584px) 100vw, 584px\" \/><\/p>\n<p>A segunda sala, Vital, foi projetada para ser mais divertida, ostentando cores vibrantes e feixes de luz que cruzam o espa\u00e7o.<\/p>\n<p><img loading=\"lazy\" class=\"aligncenter size-large wp-image-7067\" src=\"http:\/\/www.proma.com.br\/blog\/wp-content\/uploads\/2019\/04\/12.jpg\" alt=\"\" width=\"584\" height=\"875\" srcset=\"http:\/\/www.proma.com.br\/blog\/wp-content\/uploads\/2019\/04\/12.jpg 620w, http:\/\/www.proma.com.br\/blog\/wp-content\/uploads\/2019\/04\/12-200x300.jpg 200w\" sizes=\"(max-width: 584px) 100vw, 584px\" \/><\/p>\n<p>Por fim, a sala final, Transformativa, \u00e9 descrita como mais \u201crefinada\u201d, caracterizada por tons suaves de a\u00e7o, madeira e couro.<\/p>\n<p>Os tr\u00eas ambientes destinam-se a refletir os espa\u00e7os da vida cotidiana, como salas de estar e de jantar, para ajudar as pessoas a perceberem que t\u00eam o poder de melhorar seu pr\u00f3prio bem-estar com mudan\u00e7as simples na casa. \u201cUma vez que entendemos o que o design e a arquitetura s\u00e3o capazes de fazer, podemos mudar o ambiente e criar espa\u00e7os que atendam \u00e0s nossas necessidades de maneira consciente\u201d, disse Reddy.<\/p>\n<p>\u201cOs objetos que voc\u00ea escolhe afetam seu bem-estar e seu corpo, e o fato de que a neuroci\u00eancia est\u00e1 provando isso \u00e9 emocionante para n\u00f3s\u201d, disse Ivy Ross, vice-presidente de design de hardware do Google.<\/p>\n<p>Muito interessante, n\u00e3o \u00e9 mesmo?<\/p>\n<p><strong>Fonte:\u00a0<\/strong><a href=\"https:\/\/is.gd\/jWpWE1\" target=\"_blank\" rel=\"noopener\">Casa Vogue<\/a><\/p>\n<p>________<\/p>\n<p><strong>Leia tamb\u00e9m:<\/strong><\/p>\n<ul>\n<li class=\"section-title beta\">FALTA DE ESPA\u00c7O NUNCA MAIS! DESIGNER CRIA M\u00d3VEL COM 144 GAVETAS. <a href=\"http:\/\/www.proma.com.br\/blog\/comprar-um-imovel-a-vista-ou-financiar\/\" target=\"_blank\" rel=\"noopener\">CLIQUE AQUI<\/a> E CONFIRA.<\/li>\n<li class=\"section-title beta\">DESIGN: EMPRESA CRIA LINHA DE M\u00d3VEIS COM ENCAIXES PARA BICICLETAS.\u00a0<a href=\"http:\/\/www.proma.com.br\/blog\/design-empresa-cria-linha-de-moveis-com-encaixes-para-bicicletas\/\" target=\"_blank\" rel=\"noopener\">CLIQUE AQUI<\/a> E SAIBA MAIS.<\/li>\n<\/ul>\n","protected":false},"excerpt":{"rendered":"<p>Uma parceria do Google com cientistas da Universidade Johns Hopkins, nos Estados Unidos, quer provar que o design afeta a sa\u00fade e o bem-estar das pessoas. A mostra \u201cA Space for Being\u201d,\u00a0que esteve em exposi\u00e7\u00e3o no Spazio Maiocchi durante a&hellip;<\/p>\n","protected":false},"author":2,"featured_media":7064,"comment_status":"open","ping_status":"closed","sticky":false,"template":"","format":"standard","meta":[],"categories":[2],"tags":[3175,371,3174,3177,3176],"_links":{"self":[{"href":"http:\/\/www.proma.com.br\/blog\/wp-json\/wp\/v2\/posts\/7061"}],"collection":[{"href":"http:\/\/www.proma.com.br\/blog\/wp-json\/wp\/v2\/posts"}],"about":[{"href":"http:\/\/www.proma.com.br\/blog\/wp-json\/wp\/v2\/types\/post"}],"author":[{"embeddable":true,"href":"http:\/\/www.proma.com.br\/blog\/wp-json\/wp\/v2\/users\/2"}],"replies":[{"embeddable":true,"href":"http:\/\/www.proma.com.br\/blog\/wp-json\/wp\/v2\/comments?post=7061"}],"version-history":[{"count":3,"href":"http:\/\/www.proma.com.br\/blog\/wp-json\/wp\/v2\/posts\/7061\/revisions"}],"predecessor-version":[{"id":7070,"href":"http:\/\/www.proma.com.br\/blog\/wp-json\/wp\/v2\/posts\/7061\/revisions\/7070"}],"wp:featuredmedia":[{"embeddable":true,"href":"http:\/\/www.proma.com.br\/blog\/wp-json\/wp\/v2\/media\/7064"}],"wp:attachment":[{"href":"http:\/\/www.proma.com.br\/blog\/wp-json\/wp\/v2\/media?parent=7061"}],"wp:term":[{"taxonomy":"category","embeddable":true,"href":"http:\/\/www.proma.com.br\/blog\/wp-json\/wp\/v2\/categories?post=7061"},{"taxonomy":"post_tag","embeddable":true,"href":"http:\/\/www.proma.com.br\/blog\/wp-json\/wp\/v2\/tags?post=7061"}],"curies":[{"name":"wp","href":"https:\/\/api.w.org\/{rel}","templated":true}]}}