{"id":7071,"date":"2020-01-14T14:14:13","date_gmt":"2020-01-14T17:14:13","guid":{"rendered":"http:\/\/www.proma.com.br\/blog\/?p=7071"},"modified":"2019-09-03T23:08:00","modified_gmt":"2019-09-04T02:08:00","slug":"ignore-na-decoracao-nao-existem-regras","status":"publish","type":"post","link":"http:\/\/www.proma.com.br\/blog\/ignore-na-decoracao-nao-existem-regras\/","title":{"rendered":"IGNORE! NA DECORA\u00c7\u00c3O N\u00c3O EXISTEM REGRAS"},"content":{"rendered":"<p>A moda nunca foi t\u00e3o livre. Isso vale para vestu\u00e1rio, atividades de entretenimento e para a decora\u00e7\u00e3o. Enquanto compartilhamos muitas dicas de design, as regras oscilam e tornam-se obsoletas. Livre-se dos clich\u00eas e quebre conceitos que ficaram no passado.<\/p>\n<p><strong>1. A regra dos tr\u00eas<\/strong><\/p>\n<p><img loading=\"lazy\" class=\"aligncenter size-full wp-image-7072\" src=\"http:\/\/www.proma.com.br\/blog\/wp-content\/uploads\/2019\/04\/01-3.jpg\" alt=\"\" width=\"620\" height=\"455\" srcset=\"http:\/\/www.proma.com.br\/blog\/wp-content\/uploads\/2019\/04\/01-3.jpg 620w, http:\/\/www.proma.com.br\/blog\/wp-content\/uploads\/2019\/04\/01-3-409x300.jpg 409w\" sizes=\"(max-width: 620px) 100vw, 620px\" \/><\/p>\n<p>Rumores afirmam que, para aplicar uma cor, voc\u00ea deve coloc\u00e1-la em tr\u00eas pontos diferentes de um c\u00f4modo. Hoje, esse conceito parece bizarro, uma vez que paletas pouco \u00f3bvias criam ambientes descontra\u00eddos e menos artificiais.<\/p>\n<p><strong>\u00a02.\u00a0<\/strong><strong>Combine, combine e combine<\/strong><\/p>\n<p><img loading=\"lazy\" class=\"aligncenter size-large wp-image-7073\" src=\"http:\/\/www.proma.com.br\/blog\/wp-content\/uploads\/2019\/04\/02-1.jpg\" alt=\"\" width=\"584\" height=\"612\" srcset=\"http:\/\/www.proma.com.br\/blog\/wp-content\/uploads\/2019\/04\/02-1.jpg 620w, http:\/\/www.proma.com.br\/blog\/wp-content\/uploads\/2019\/04\/02-1-286x300.jpg 286w\" sizes=\"(max-width: 584px) 100vw, 584px\" \/><\/p>\n<p>Voc\u00ea fica tentando combinar milim\u00e9tricamente todos os acess\u00f3rios? Saiba que o <em>mix&#8217;n&#8217;match\u00a0<\/em>nunca foi t\u00e3o v\u00e1lido. Livre-se dessa mania e misture diferentes tipos de estampas, molduras, acabamentos e texturas. Um toque vintage em uma sala moderna pode dar o up que faltava.<\/p>\n<p><strong>3. Paredes brancas s\u00e3o mon\u00f3tonas<\/strong><\/p>\n<p><img loading=\"lazy\" class=\"aligncenter size-large wp-image-7074\" src=\"http:\/\/www.proma.com.br\/blog\/wp-content\/uploads\/2019\/04\/03-1.jpg\" alt=\"\" width=\"584\" height=\"706\" srcset=\"http:\/\/www.proma.com.br\/blog\/wp-content\/uploads\/2019\/04\/03-1.jpg 620w, http:\/\/www.proma.com.br\/blog\/wp-content\/uploads\/2019\/04\/03-1-248x300.jpg 248w\" sizes=\"(max-width: 584px) 100vw, 584px\" \/><\/p>\n<p>Repita tr\u00eas vezes: &#8220;paredes brancas s\u00e3o coringas&#8221;. N\u00e3o h\u00e1 nada mais vers\u00e1til do que apostar em superf\u00edcies brancas para ter a liberdade de viajar ainda mais no d\u00e9cor, que pode ir de minimalista a ousado. Sem contar que o branco ilumina o ambiente.<\/p>\n<p><strong>4. Cores escuras diminuem o c\u00f4modo<\/strong><\/p>\n<p><img loading=\"lazy\" class=\"aligncenter size-large wp-image-7075\" src=\"http:\/\/www.proma.com.br\/blog\/wp-content\/uploads\/2019\/04\/04-1.jpg\" alt=\"\" width=\"584\" height=\"801\" srcset=\"http:\/\/www.proma.com.br\/blog\/wp-content\/uploads\/2019\/04\/04-1.jpg 620w, http:\/\/www.proma.com.br\/blog\/wp-content\/uploads\/2019\/04\/04-1-219x300.jpg 219w\" sizes=\"(max-width: 584px) 100vw, 584px\" \/><\/p>\n<p>Na verdade, paredes pretas em um quarto pequeno podem dar uma maior impress\u00e3o de profundidade, ao inv\u00e9s de diminuir o espa\u00e7o. Aproveite essa dica para apostar em cores s\u00f3brias \u2013 que v\u00e3o do claro ao escuro, em um mesmo local.<\/p>\n<p><strong>5. N\u00e3o se pode misturar estilos<\/strong><\/p>\n<p><img loading=\"lazy\" class=\"aligncenter size-large wp-image-7076\" src=\"http:\/\/www.proma.com.br\/blog\/wp-content\/uploads\/2019\/04\/05-1.jpg\" alt=\"\" width=\"584\" height=\"706\" srcset=\"http:\/\/www.proma.com.br\/blog\/wp-content\/uploads\/2019\/04\/05-1.jpg 620w, http:\/\/www.proma.com.br\/blog\/wp-content\/uploads\/2019\/04\/05-1-248x300.jpg 248w\" sizes=\"(max-width: 584px) 100vw, 584px\" \/><\/p>\n<p>Aqui, a \u00fanica regra \u00e9 que n\u00e3o h\u00e1 regras! Madeira e metal, texturas planas e complexas, podem compor uma sala com personalidade. O segredo \u00e9 encontrar um ponto de equil\u00edbrio.<\/p>\n<p><strong>6. Cubra as janelas com cortinas<\/strong><\/p>\n<p><img loading=\"lazy\" class=\"aligncenter size-large wp-image-7077\" src=\"http:\/\/www.proma.com.br\/blog\/wp-content\/uploads\/2019\/04\/06-1.jpg\" alt=\"\" width=\"584\" height=\"389\" srcset=\"http:\/\/www.proma.com.br\/blog\/wp-content\/uploads\/2019\/04\/06-1.jpg 620w, http:\/\/www.proma.com.br\/blog\/wp-content\/uploads\/2019\/04\/06-1-450x300.jpg 450w\" sizes=\"(max-width: 584px) 100vw, 584px\" \/><\/p>\n<p>As cortinas s\u00e3o essenciais em quartos e locais que necessitam de privacidade. Mas, a aus\u00eancia delas pode valorizar vistas espetaculares, trazendo luz natural e paisagens para dentro de casa.<\/p>\n<p><strong>7. Acess\u00f3rios e acabamentos devem seguir a mesma regra<\/strong><\/p>\n<p><img loading=\"lazy\" class=\"aligncenter size-large wp-image-7078\" src=\"http:\/\/www.proma.com.br\/blog\/wp-content\/uploads\/2019\/04\/07-1.jpg\" alt=\"\" width=\"584\" height=\"389\" srcset=\"http:\/\/www.proma.com.br\/blog\/wp-content\/uploads\/2019\/04\/07-1.jpg 620w, http:\/\/www.proma.com.br\/blog\/wp-content\/uploads\/2019\/04\/07-1-450x300.jpg 450w\" sizes=\"(max-width: 584px) 100vw, 584px\" \/><\/p>\n<p>Os objetos de d\u00e9cor devem refletir a sua personalidade, e n\u00e3o \u00e9 necess\u00e1rio seguir um mesmo estilo. Deixe a organiza\u00e7\u00e3o e os acabamentos repetidos para consult\u00f3rios e pr\u00e9dios corporativos. Sua casa deve ser aconchegante o suficiente para ser um lar.<\/p>\n<p><strong>8. Incorporar muitas regras ao mesmo tempo<\/strong><\/p>\n<p><img loading=\"lazy\" class=\"aligncenter size-large wp-image-7079\" src=\"http:\/\/www.proma.com.br\/blog\/wp-content\/uploads\/2019\/04\/08-1.jpg\" alt=\"\" width=\"584\" height=\"283\" srcset=\"http:\/\/www.proma.com.br\/blog\/wp-content\/uploads\/2019\/04\/08-1.jpg 620w, http:\/\/www.proma.com.br\/blog\/wp-content\/uploads\/2019\/04\/08-1-500x242.jpg 500w\" sizes=\"(max-width: 584px) 100vw, 584px\" \/><\/p>\n<p>A decora\u00e7\u00e3o deve te fazer feliz. \u00c9 importante se preocupar com formas, fun\u00e7\u00f5es e escalas, mas ningu\u00e9m deve dizer o que fazer na hora de mobiliar a sua casa, que deve ser pr\u00e1tica para a sua rotina e confort\u00e1vel para os momentos de descanso.<\/p>\n<p>E a\u00ed, preparado para se livrar das regras?<\/p>\n<p><strong>Fonte:\u00a0<\/strong><a href=\"https:\/\/is.gd\/bN8k0A\" target=\"_blank\" rel=\"noopener\">Casa e Jardim<\/a><\/p>\n<p>________<\/p>\n<p><strong>Leia tamb\u00e9m:<\/strong><\/p>\n<ul>\n<li class=\"section-title beta\">10 IDEIAS PARA GUARDAR SUAS LEMBRAN\u00c7AS DE VIAGEM. <a href=\"http:\/\/www.proma.com.br\/blog\/10-ideias-para-guardar-suas-lembrancas-de-viagem\/\" target=\"_blank\" rel=\"noopener\">CLIQUE AQUI<\/a> E CONFIRA.<\/li>\n<li><a href=\"http:\/\/www.proma.com.br\/blog\/o-papel-de-parede-como-destaque-em-10-ambientes\/\" target=\"_blank\" rel=\"noopener\">CLIQUE AQUI<\/a> E VEJA O\u00a0PAPEL DE PAREDE COMO DESTAQUE EM 10 AMBIENTES.<\/li>\n<\/ul>\n","protected":false},"excerpt":{"rendered":"<p>A moda nunca foi t\u00e3o livre. Isso vale para vestu\u00e1rio, atividades de entretenimento e para a decora\u00e7\u00e3o. Enquanto compartilhamos muitas dicas de design, as regras oscilam e tornam-se obsoletas. Livre-se dos clich\u00eas e quebre conceitos que ficaram no passado. 1.&hellip;<\/p>\n","protected":false},"author":2,"featured_media":7076,"comment_status":"open","ping_status":"closed","sticky":false,"template":"","format":"standard","meta":[],"categories":[1,2,2927],"tags":[3180,2947,3179,3178],"_links":{"self":[{"href":"http:\/\/www.proma.com.br\/blog\/wp-json\/wp\/v2\/posts\/7071"}],"collection":[{"href":"http:\/\/www.proma.com.br\/blog\/wp-json\/wp\/v2\/posts"}],"about":[{"href":"http:\/\/www.proma.com.br\/blog\/wp-json\/wp\/v2\/types\/post"}],"author":[{"embeddable":true,"href":"http:\/\/www.proma.com.br\/blog\/wp-json\/wp\/v2\/users\/2"}],"replies":[{"embeddable":true,"href":"http:\/\/www.proma.com.br\/blog\/wp-json\/wp\/v2\/comments?post=7071"}],"version-history":[{"count":3,"href":"http:\/\/www.proma.com.br\/blog\/wp-json\/wp\/v2\/posts\/7071\/revisions"}],"predecessor-version":[{"id":7082,"href":"http:\/\/www.proma.com.br\/blog\/wp-json\/wp\/v2\/posts\/7071\/revisions\/7082"}],"wp:featuredmedia":[{"embeddable":true,"href":"http:\/\/www.proma.com.br\/blog\/wp-json\/wp\/v2\/media\/7076"}],"wp:attachment":[{"href":"http:\/\/www.proma.com.br\/blog\/wp-json\/wp\/v2\/media?parent=7071"}],"wp:term":[{"taxonomy":"category","embeddable":true,"href":"http:\/\/www.proma.com.br\/blog\/wp-json\/wp\/v2\/categories?post=7071"},{"taxonomy":"post_tag","embeddable":true,"href":"http:\/\/www.proma.com.br\/blog\/wp-json\/wp\/v2\/tags?post=7071"}],"curies":[{"name":"wp","href":"https:\/\/api.w.org\/{rel}","templated":true}]}}