{"id":7196,"date":"2019-10-08T14:33:53","date_gmt":"2019-10-08T17:33:53","guid":{"rendered":"http:\/\/www.proma.com.br\/blog\/?p=7196"},"modified":"2019-09-17T19:47:15","modified_gmt":"2019-09-17T22:47:15","slug":"faber-castell-lanca-linha-especial-para-arquitetos-e-designers","status":"publish","type":"post","link":"http:\/\/www.proma.com.br\/blog\/faber-castell-lanca-linha-especial-para-arquitetos-e-designers\/","title":{"rendered":"FABER-CASTELL LAN\u00c7A LINHA ESPECIAL PARA ARQUITETOS E DESIGNERS"},"content":{"rendered":"<p><img loading=\"lazy\" class=\"aligncenter size-large wp-image-7198\" src=\"http:\/\/www.proma.com.br\/blog\/wp-content\/uploads\/2019\/06\/06-1024x900.png\" alt=\"\" width=\"584\" height=\"513\" srcset=\"http:\/\/www.proma.com.br\/blog\/wp-content\/uploads\/2019\/06\/06-1024x900.png 1024w, http:\/\/www.proma.com.br\/blog\/wp-content\/uploads\/2019\/06\/06-960x844.png 960w, http:\/\/www.proma.com.br\/blog\/wp-content\/uploads\/2019\/06\/06-768x675.png 768w, http:\/\/www.proma.com.br\/blog\/wp-content\/uploads\/2019\/06\/06-341x300.png 341w, http:\/\/www.proma.com.br\/blog\/wp-content\/uploads\/2019\/06\/06.png 1254w\" sizes=\"(max-width: 584px) 100vw, 584px\" \/><\/p>\n<p>\u00c9 estudante, trabalha com arquitetura e design ou simplesmente ama desenhar? A Faber-Castell acaba de lan\u00e7ar uma linha de l\u00e1pis coloridos especialmente para o nicho. A <strong>Creative Studio\u00a0<\/strong>engloba as vers\u00f5es permanente (tradicionais) e aquarela com os kits Goldfaber e Goldfaber Aqua.<\/p>\n<p>UAAAAAAAAAAAAAAAAAAAU!<\/p>\n<p><img loading=\"lazy\" class=\"aligncenter size-large wp-image-7197\" src=\"http:\/\/www.proma.com.br\/blog\/wp-content\/uploads\/2019\/06\/05-1024x968.png\" alt=\"\" width=\"584\" height=\"552\" srcset=\"http:\/\/www.proma.com.br\/blog\/wp-content\/uploads\/2019\/06\/05-1024x968.png 1024w, http:\/\/www.proma.com.br\/blog\/wp-content\/uploads\/2019\/06\/05-960x908.png 960w, http:\/\/www.proma.com.br\/blog\/wp-content\/uploads\/2019\/06\/05-768x726.png 768w, http:\/\/www.proma.com.br\/blog\/wp-content\/uploads\/2019\/06\/05-317x300.png 317w, http:\/\/www.proma.com.br\/blog\/wp-content\/uploads\/2019\/06\/05.png 1254w\" sizes=\"(max-width: 584px) 100vw, 584px\" \/><\/p>\n<p>Com tecnologia inovadora, o material de desenho e pintura \u00e9 resistente \u00e0 luz e \u00e0 prova de manchas, e ainda possui um acabamento tonal intenso. O estojo met\u00e1lico, \u00f3timo para armazenar os l\u00e1pis, cont\u00e9m 48 cores suaves. Por\u00e9m, se voc\u00ea quiser incrementar o ambiente criativo, a marca ainda disponibiliza Gelatos, Pastel Seco e Oleoso, Canetas Art\u00edsticas Pitt para a linha Creative Studio.<\/p>\n<p><img loading=\"lazy\" class=\"aligncenter size-large wp-image-7199\" src=\"http:\/\/www.proma.com.br\/blog\/wp-content\/uploads\/2019\/06\/07-1024x993.png\" alt=\"\" width=\"584\" height=\"566\" srcset=\"http:\/\/www.proma.com.br\/blog\/wp-content\/uploads\/2019\/06\/07-1024x993.png 1024w, http:\/\/www.proma.com.br\/blog\/wp-content\/uploads\/2019\/06\/07-960x931.png 960w, http:\/\/www.proma.com.br\/blog\/wp-content\/uploads\/2019\/06\/07-768x745.png 768w, http:\/\/www.proma.com.br\/blog\/wp-content\/uploads\/2019\/06\/07-309x300.png 309w, http:\/\/www.proma.com.br\/blog\/wp-content\/uploads\/2019\/06\/07.png 1254w\" sizes=\"(max-width: 584px) 100vw, 584px\" \/><\/p>\n<p>Imposs\u00edvel n\u00e3o querer!<\/p>\n<p>N\u00e3o \u00e9?<\/p>\n<p><strong>Fonte:\u00a0<\/strong><a href=\"https:\/\/is.gd\/cO6mK0\" target=\"_blank\" rel=\"noopener\">Casa Vogue<\/a><\/p>\n<p>______<\/p>\n<p><strong>Leia tamb\u00e9m:<\/strong><\/p>\n<ul>\n<li class=\"section-title beta\">LIVROS DE ARQUITETURA: 4 NOVIDADES PARA SERVIR DE INSPIRA\u00c7\u00c3O. <a href=\"http:\/\/www.proma.com.br\/blog\/livros-de-arquitetura-4-novidades-para-servir-de-inspiracao\/\" target=\"_blank\" rel=\"noopener\">CLIQUE AQUI<\/a> E CONFIRA!<\/li>\n<li class=\"section-title beta\">MARCA LAN\u00c7A M\u00d3VEIS PARA CRIAN\u00c7AS COM BRINQUEDOS RECICLADOS. <a href=\"http:\/\/www.proma.com.br\/blog\/marca-lanca-moveis-para-criancas-com-brinquedos-reciclados\/\" target=\"_blank\" rel=\"noopener\">CLIQUE AQUI<\/a> E ENCANTE-SE.<\/li>\n<\/ul>\n","protected":false},"excerpt":{"rendered":"<p>\u00c9 estudante, trabalha com arquitetura e design ou simplesmente ama desenhar? A Faber-Castell acaba de lan\u00e7ar uma linha de l\u00e1pis coloridos especialmente para o nicho. A Creative Studio\u00a0engloba as vers\u00f5es permanente (tradicionais) e aquarela com os kits Goldfaber e Goldfaber&hellip;<\/p>\n","protected":false},"author":2,"featured_media":7197,"comment_status":"open","ping_status":"closed","sticky":false,"template":"","format":"standard","meta":[],"categories":[1],"tags":[3204,3207,3208,3205,3206],"_links":{"self":[{"href":"http:\/\/www.proma.com.br\/blog\/wp-json\/wp\/v2\/posts\/7196"}],"collection":[{"href":"http:\/\/www.proma.com.br\/blog\/wp-json\/wp\/v2\/posts"}],"about":[{"href":"http:\/\/www.proma.com.br\/blog\/wp-json\/wp\/v2\/types\/post"}],"author":[{"embeddable":true,"href":"http:\/\/www.proma.com.br\/blog\/wp-json\/wp\/v2\/users\/2"}],"replies":[{"embeddable":true,"href":"http:\/\/www.proma.com.br\/blog\/wp-json\/wp\/v2\/comments?post=7196"}],"version-history":[{"count":2,"href":"http:\/\/www.proma.com.br\/blog\/wp-json\/wp\/v2\/posts\/7196\/revisions"}],"predecessor-version":[{"id":7201,"href":"http:\/\/www.proma.com.br\/blog\/wp-json\/wp\/v2\/posts\/7196\/revisions\/7201"}],"wp:featuredmedia":[{"embeddable":true,"href":"http:\/\/www.proma.com.br\/blog\/wp-json\/wp\/v2\/media\/7197"}],"wp:attachment":[{"href":"http:\/\/www.proma.com.br\/blog\/wp-json\/wp\/v2\/media?parent=7196"}],"wp:term":[{"taxonomy":"category","embeddable":true,"href":"http:\/\/www.proma.com.br\/blog\/wp-json\/wp\/v2\/categories?post=7196"},{"taxonomy":"post_tag","embeddable":true,"href":"http:\/\/www.proma.com.br\/blog\/wp-json\/wp\/v2\/tags?post=7196"}],"curies":[{"name":"wp","href":"https:\/\/api.w.org\/{rel}","templated":true}]}}