{"id":7498,"date":"2020-06-05T18:30:33","date_gmt":"2020-06-05T21:30:33","guid":{"rendered":"http:\/\/www.proma.com.br\/blog\/?p=7498"},"modified":"2020-06-19T11:05:56","modified_gmt":"2020-06-19T14:05:56","slug":"coluna-o-bem-mais-seguro-do-mundo","status":"publish","type":"post","link":"http:\/\/www.proma.com.br\/blog\/coluna-o-bem-mais-seguro-do-mundo\/","title":{"rendered":"COLUNA | O BEM MAIS SEGURO DO MUNDO"},"content":{"rendered":"<p>Hoje, 05 de junho, foi publicada a nossa sexta coluna no jornal <strong data-reader-unique-id=\"2\">O Correio do Povo<\/strong>.\u00a0Boa leitura!<\/p>\n<p><img loading=\"lazy\" class=\"aligncenter size-full wp-image-7499\" src=\"http:\/\/www.proma.com.br\/blog\/wp-content\/uploads\/2020\/06\/WhatsApp-Image-2020-06-05-at-15.21.35.jpeg\" alt=\"\" width=\"480\" height=\"1280\" srcset=\"http:\/\/www.proma.com.br\/blog\/wp-content\/uploads\/2020\/06\/WhatsApp-Image-2020-06-05-at-15.21.35.jpeg 480w, http:\/\/www.proma.com.br\/blog\/wp-content\/uploads\/2020\/06\/WhatsApp-Image-2020-06-05-at-15.21.35-113x300.jpeg 113w\" sizes=\"(max-width: 480px) 100vw, 480px\" \/>\u2014<\/p>\n<p><em>&#8220;Um im\u00f3vel n\u00e3o pode ser perdido, roubado ou levado por ningu\u00e9m. Comprado em um bom neg\u00f3cio, pago integralmente e gerido com cuidado razo\u00e1vel, \u00e9 o investimento mais seguro do mundo &#8220;.<\/em> Franklin Delano Roosevelt<\/p>\n<div class=\"text_exposed_show\">\n<p>Franklin Roosevelt foi o 32\u00ba presidente dos Estados Unidos \u2013 classificado pelos estudiosos como um dos tr\u00eas presidentes mais importantes do pa\u00eds, juntamente com George Washington e Abraham Lincoln, tamb\u00e9m foi o presidente que mais tempo ficou no cargo.<\/p>\n<p>A c\u00e9lebre frase de Roosevelt nos remete ao momento hist\u00f3rico de incertezas que estamos vivenciando \u2013 crise de sa\u00fade, crise pol\u00edtica e sem previsibilidade das pol\u00edticas econ\u00f4micas. Com este cen\u00e1rio, podemos reafirmar que <strong>o investimento em im\u00f3veis \u00e9 o mais seguro do mundo<\/strong>.<\/p>\n<p>O mercado imobili\u00e1rio, constitu\u00eddo por empresas com qualidades certificadas e por profissionais tamb\u00e9m qualificados, sempre estar\u00e1 atento \u00e0s inova\u00e7\u00f5es tecnol\u00f3gicas e \u00e0s demandas dos usu\u00e1rios \u2013 mas, principalmente, estar\u00e1 preocupado com o retorno do capital investido pelos compradores. <strong>A nossa miss\u00e3o \u00e9 prestar consultoria e orientar para o melhor ganho<\/strong>, que \u00e9 igual \u00e0 rentabilidade mais a valoriza\u00e7\u00e3o do im\u00f3vel.<\/p>\n<p>O momento \u00e9 super favor\u00e1vel para o investimento imobili\u00e1rio, tendo em vista que est\u00e1vamos em pleno ciclo de crescimento: o ideal \u00e9 que a aquisi\u00e7\u00e3o de um im\u00f3vel sempre aconte\u00e7a no in\u00edcio do ciclo. Com a Covid-19, o ciclo de crescimento foi pausado, criando mais uma oportunidade para os investidores aportarem em im\u00f3veis. <strong>As taxas de juros tamb\u00e9m est\u00e3o ainda mais atrativas<\/strong> \u2013 os especialistas preveem, inclusive, que a taxa Selic chegar\u00e1 a 2% no final de 2020.<\/p>\n<p>Em nossa opini\u00e3o, os im\u00f3veis pequenos e m\u00e9dios, destinados \u00e0 loca\u00e7\u00e3o planejada, dever\u00e3o trazer uma excelente rentabilidade ao investidor.<\/p>\n<p>Eu fa\u00e7o um convite: entre em contato com os consultores da Imobili\u00e1ria Coralli para uma consultoria. N\u00f3s ficaremos felizes em garantir um investimento adequado com um retorno garantido.<\/p>\n<p>Forte abra\u00e7o,<br \/>\nPaulo Obenaus | Diretor do Grupo Proma<\/p>\n<p>_____<\/p>\n<p><strong>Leia tamb\u00e9m:<\/strong><\/p>\n<ul>\n<li>COLUNA 01 | MUDAN\u00c7A DE ROTA NESTE NOVO CEN\u00c1RIO. <a href=\"https:\/\/www.proma.com.br\/blog\/mudanca-de-rota-neste-novo-cenario\/\" target=\"_blank\" rel=\"noopener\">CLIQUE AQUI<\/a> E CONFIRA.<\/li>\n<li>COLUNA 02 | UM OLHAR PARA DENTRO DO SEU NEG\u00d3CIO. <a href=\"https:\/\/www.proma.com.br\/blog\/um-olhar-para-dentro-do-seu-negocio\/\" target=\"_blank\" rel=\"noopener\">CLIQUE AQUI<\/a> E CONFIRA.<\/li>\n<li>COLUNA 03 | CONSTRUINDO CEN\u00c1RIOS. <a href=\"https:\/\/www.proma.com.br\/blog\/coluna-construindo-cenarios\/\" target=\"_blank\" rel=\"noopener\">CLIQUE AQUI<\/a> E CONFIRA.<\/li>\n<li>COLUNA 04 | A LOCOMOTIVA DAS TECNOLOGIAS. <a href=\"https:\/\/www.proma.com.br\/blog\/coluna-a-locomotiva-das-tecnologias\/\" target=\"_blank\" rel=\"noopener\">CLIQUE AQUI<\/a> E CONFIRA.<\/li>\n<li>COLUNA 05 | O NOVO NORMAL. <a href=\"https:\/\/www.proma.com.br\/blog\/coluna-o-novo-normal\/\" target=\"_blank\" rel=\"noopener\">CLIQUE AQUI<\/a> E CONFIRA.<\/li>\n<\/ul>\n<\/div>\n","protected":false},"excerpt":{"rendered":"<p>Hoje, 05 de junho, foi publicada a nossa sexta coluna no jornal O Correio do Povo.\u00a0Boa leitura! \u2014 &#8220;Um im\u00f3vel n\u00e3o pode ser perdido, roubado ou levado por ningu\u00e9m. Comprado em um bom neg\u00f3cio, pago integralmente e gerido com cuidado&hellip;<\/p>\n","protected":false},"author":2,"featured_media":7500,"comment_status":"open","ping_status":"closed","sticky":false,"template":"","format":"standard","meta":[],"categories":[3],"tags":[],"_links":{"self":[{"href":"http:\/\/www.proma.com.br\/blog\/wp-json\/wp\/v2\/posts\/7498"}],"collection":[{"href":"http:\/\/www.proma.com.br\/blog\/wp-json\/wp\/v2\/posts"}],"about":[{"href":"http:\/\/www.proma.com.br\/blog\/wp-json\/wp\/v2\/types\/post"}],"author":[{"embeddable":true,"href":"http:\/\/www.proma.com.br\/blog\/wp-json\/wp\/v2\/users\/2"}],"replies":[{"embeddable":true,"href":"http:\/\/www.proma.com.br\/blog\/wp-json\/wp\/v2\/comments?post=7498"}],"version-history":[{"count":3,"href":"http:\/\/www.proma.com.br\/blog\/wp-json\/wp\/v2\/posts\/7498\/revisions"}],"predecessor-version":[{"id":7507,"href":"http:\/\/www.proma.com.br\/blog\/wp-json\/wp\/v2\/posts\/7498\/revisions\/7507"}],"wp:featuredmedia":[{"embeddable":true,"href":"http:\/\/www.proma.com.br\/blog\/wp-json\/wp\/v2\/media\/7500"}],"wp:attachment":[{"href":"http:\/\/www.proma.com.br\/blog\/wp-json\/wp\/v2\/media?parent=7498"}],"wp:term":[{"taxonomy":"category","embeddable":true,"href":"http:\/\/www.proma.com.br\/blog\/wp-json\/wp\/v2\/categories?post=7498"},{"taxonomy":"post_tag","embeddable":true,"href":"http:\/\/www.proma.com.br\/blog\/wp-json\/wp\/v2\/tags?post=7498"}],"curies":[{"name":"wp","href":"https:\/\/api.w.org\/{rel}","templated":true}]}}