{"id":7560,"date":"2020-12-03T08:00:37","date_gmt":"2020-12-03T11:00:37","guid":{"rendered":"http:\/\/www.proma.com.br\/blog\/?p=7560"},"modified":"2020-11-25T09:38:39","modified_gmt":"2020-11-25T12:38:39","slug":"decorando-a-sala-para-o-natal-sugestoes-lindas-simples-e-acessiveis","status":"publish","type":"post","link":"http:\/\/www.proma.com.br\/blog\/decorando-a-sala-para-o-natal-sugestoes-lindas-simples-e-acessiveis\/","title":{"rendered":"DECORANDO A SALA PARA O NATAL: SUGEST\u00d5ES LINDAS, SIMPLES E ACESS\u00cdVEIS"},"content":{"rendered":"<p>Ah, \u00e9 ineg\u00e1vel! O Natal \u00e9 uma das \u00e9pocas mais especiais do ano.<\/p>\n<p>\u00c9 o momento de reunir a fam\u00edlia para celebrar o nascimento de Jesus. \u00c9 por essa raz\u00e3o que voc\u00ea n\u00e3o pode deixar de preparar o seu lar, enfeitando cada cantinho com amor e criatividade.<\/p>\n<p><em>Mas, como decorar a sua sala para o Natal?<\/em><\/p>\n<p>N\u00f3s separamos algumas dicas lindas, simples e acess\u00edveis. Vamos l\u00e1?<\/p>\n<p>&nbsp;<\/p>\n<p><strong>\u00c1RVORE DE NATAL<\/strong><\/p>\n<p>Um item indispens\u00e1vel para o cen\u00e1rio natalino, os pinheiros podem ser naturais ou artificiais. Bolas, pisca-pisca e la\u00e7os s\u00e3o capazes de deixa-la com a cara do Natal.<\/p>\n<p><img loading=\"lazy\" class=\"alignnone size-medium wp-image-7566\" src=\"http:\/\/www.proma.com.br\/blog\/wp-content\/uploads\/2020\/11\/01-1-960x640.jpg\" alt=\"\" width=\"960\" height=\"640\" \/><\/p>\n<p>Se voc\u00ea n\u00e3o tem espa\u00e7o para montar uma \u00e1rvore, existem outras alternativas simples, baratas e lindas. Aposte nos galhos secos: coloque-os em um vaso e decore da mesma maneira que um pinheiro.<\/p>\n<p><img loading=\"lazy\" class=\"alignnone wp-image-7562\" src=\"http:\/\/www.proma.com.br\/blog\/wp-content\/uploads\/2020\/11\/02.jpg\" alt=\"\" width=\"423\" height=\"561\" \/><\/p>\n<p><strong>ALMOFADAS<\/strong><\/p>\n<p>As capas decoradas com personagens natalinos s\u00e3o bem festivas e divertidas. Se voc\u00ea n\u00e3o gosta de desenhos, invista em capas lisas nas cores vermelho e verde, ou na estampa xadrez.<\/p>\n<p><img loading=\"lazy\" class=\"alignnone wp-image-7563\" src=\"http:\/\/www.proma.com.br\/blog\/wp-content\/uploads\/2020\/11\/03.jpg\" alt=\"\" width=\"427\" height=\"427\" srcset=\"http:\/\/www.proma.com.br\/blog\/wp-content\/uploads\/2020\/11\/03.jpg 650w, http:\/\/www.proma.com.br\/blog\/wp-content\/uploads\/2020\/11\/03-300x300.jpg 300w\" sizes=\"(max-width: 427px) 100vw, 427px\" \/><\/p>\n<p><strong>GUIRLANDAS<\/strong><\/p>\n<p>Existem diversos modelos e cores! Se voc\u00ea gosta de artesanato, pode criar a sua pr\u00f3pria guirlanda com tecidos ou feltro. Fica um charme!<\/p>\n<p><img loading=\"lazy\" class=\"alignnone wp-image-7564\" src=\"http:\/\/www.proma.com.br\/blog\/wp-content\/uploads\/2020\/11\/04.jpg\" alt=\"\" width=\"420\" height=\"615\" \/><\/p>\n<p><strong>PINHA<\/strong><\/p>\n<p>Usada para compor o ambiente, ela pode ser pintada com as cores do Natal. Decore v\u00e1rias e coloque dentro de um vaso de vidro. Se gostar de luzes, acrescente um fio de LED.<\/p>\n<p><img loading=\"lazy\" class=\"alignnone wp-image-7567\" src=\"http:\/\/www.proma.com.br\/blog\/wp-content\/uploads\/2020\/11\/05.jpg\" alt=\"\" width=\"412\" height=\"617\" \/><\/p>\n<p><strong>MEIAS<\/strong><\/p>\n<p>As meias natalinas s\u00e3o s\u00edmbolos de prosperidade, riqueza e boa sorte. Elas podem ser usadas na noite de Natal como porta presente!<\/p>\n<p><img loading=\"lazy\" class=\"alignnone wp-image-7568\" src=\"http:\/\/www.proma.com.br\/blog\/wp-content\/uploads\/2020\/11\/06-e1606303136552.jpg\" alt=\"\" width=\"414\" height=\"384\" srcset=\"http:\/\/www.proma.com.br\/blog\/wp-content\/uploads\/2020\/11\/06-e1606303136552.jpg 650w, http:\/\/www.proma.com.br\/blog\/wp-content\/uploads\/2020\/11\/06-e1606303136552-324x300.jpg 324w\" sizes=\"(max-width: 414px) 100vw, 414px\" \/><\/p>\n<p><strong>FEST\u00c3O<\/strong><\/p>\n<p>Um item barato, bem natalino e que pode ser usado em qualquer lugar! Se a escada da sua casa fica na sala, que tal decor\u00e1-la tamb\u00e9m? Enfeite o fest\u00e3o com sinos, la\u00e7os vermelhos, estrelas\u2026<\/p>\n<p><strong>\u00a0<img loading=\"lazy\" class=\"alignnone wp-image-7570\" src=\"http:\/\/www.proma.com.br\/blog\/wp-content\/uploads\/2020\/11\/07.jpg\" alt=\"\" width=\"418\" height=\"608\" \/><\/strong><\/p>\n<p><strong>CAIXA DE PRESENTE<\/strong><\/p>\n<p>Aproveite as caixas de papel\u00e3o e encape com folhas de papel de presente coloridas. Coloque embaixo da \u00e1rvore ou crie uma \u00e1rvore com as caixas.<\/p>\n<p><img loading=\"lazy\" class=\"alignnone wp-image-7571\" src=\"http:\/\/www.proma.com.br\/blog\/wp-content\/uploads\/2020\/11\/09-e1606303202782.jpg\" alt=\"\" width=\"438\" height=\"506\" \/><\/p>\n<p>Solte a sua imagina\u00e7\u00e3o!<\/p>\n<p>Um feliz e aben\u00e7oado Natal pra voc\u00ea e sua fam\u00edlia!<\/p>\n<p>Um abra\u00e7o, com carinho!<\/p>\n<p>Grupo Proma<\/p>\n<p><strong>Fonte:<\/strong> Casa &amp; Festa<\/p>\n<p><strong>_____________<\/strong><\/p>\n<p><strong>LEIA TAMB\u00c9M:<\/strong><\/p>\n<p><strong>\u00a0<\/strong><\/p>\n<p>UMA CEIA DE NATAL DELICIOSA E ECON\u00d4MICA. <a href=\"https:\/\/www.proma.com.br\/blog\/uma-ceia-de-natal-deliciosa-e-economica\/\">CLIQUE AQUI<\/a> E SAIBA MAIS.<\/p>\n<p>&nbsp;<\/p>\n<p><strong>\u00a0<\/strong>DECORA\u00c7\u00c3O DE NATAL: 15 IDEIAS PARA FAM\u00cdLIAS COM CRIAN\u00c7AS. <a href=\"https:\/\/www.proma.com.br\/blog\/decoracao-de-natal-15-ideias-para-familias-com-criancas\/\">CLIQUE AQUI<\/a> E SAIBA MAIS.<\/p>\n<p>&nbsp;<\/p>\n","protected":false},"excerpt":{"rendered":"<p>Ah, \u00e9 ineg\u00e1vel! O Natal \u00e9 uma das \u00e9pocas mais especiais do ano. \u00c9 o momento de reunir a fam\u00edlia para celebrar o nascimento de Jesus. \u00c9 por essa raz\u00e3o que voc\u00ea n\u00e3o pode deixar de preparar o seu lar,&hellip;<\/p>\n","protected":false},"author":3,"featured_media":7566,"comment_status":"open","ping_status":"closed","sticky":false,"template":"","format":"standard","meta":[],"categories":[2,2927],"tags":[3074,1588,1832],"_links":{"self":[{"href":"http:\/\/www.proma.com.br\/blog\/wp-json\/wp\/v2\/posts\/7560"}],"collection":[{"href":"http:\/\/www.proma.com.br\/blog\/wp-json\/wp\/v2\/posts"}],"about":[{"href":"http:\/\/www.proma.com.br\/blog\/wp-json\/wp\/v2\/types\/post"}],"author":[{"embeddable":true,"href":"http:\/\/www.proma.com.br\/blog\/wp-json\/wp\/v2\/users\/3"}],"replies":[{"embeddable":true,"href":"http:\/\/www.proma.com.br\/blog\/wp-json\/wp\/v2\/comments?post=7560"}],"version-history":[{"count":4,"href":"http:\/\/www.proma.com.br\/blog\/wp-json\/wp\/v2\/posts\/7560\/revisions"}],"predecessor-version":[{"id":7577,"href":"http:\/\/www.proma.com.br\/blog\/wp-json\/wp\/v2\/posts\/7560\/revisions\/7577"}],"wp:featuredmedia":[{"embeddable":true,"href":"http:\/\/www.proma.com.br\/blog\/wp-json\/wp\/v2\/media\/7566"}],"wp:attachment":[{"href":"http:\/\/www.proma.com.br\/blog\/wp-json\/wp\/v2\/media?parent=7560"}],"wp:term":[{"taxonomy":"category","embeddable":true,"href":"http:\/\/www.proma.com.br\/blog\/wp-json\/wp\/v2\/categories?post=7560"},{"taxonomy":"post_tag","embeddable":true,"href":"http:\/\/www.proma.com.br\/blog\/wp-json\/wp\/v2\/tags?post=7560"}],"curies":[{"name":"wp","href":"https:\/\/api.w.org\/{rel}","templated":true}]}}