{"id":7603,"date":"2021-02-11T09:00:32","date_gmt":"2021-02-11T12:00:32","guid":{"rendered":"http:\/\/www.proma.com.br\/blog\/?p=7603"},"modified":"2021-02-04T08:25:43","modified_gmt":"2021-02-04T11:25:43","slug":"guia-de-organizacao-como-higienizar-e-arrumar-a-cozinha","status":"publish","type":"post","link":"http:\/\/www.proma.com.br\/blog\/guia-de-organizacao-como-higienizar-e-arrumar-a-cozinha\/","title":{"rendered":"GUIA DE ORGANIZA\u00c7\u00c3O: COMO HIGIENIZAR E ARRUMAR A COZINHA"},"content":{"rendered":"<p><img loading=\"lazy\" class=\"alignnone size-medium wp-image-7604\" src=\"http:\/\/www.proma.com.br\/blog\/wp-content\/uploads\/2021\/01\/1-960x947.jpg\" alt=\"\" width=\"960\" height=\"947\" srcset=\"http:\/\/www.proma.com.br\/blog\/wp-content\/uploads\/2021\/01\/1-960x947.jpg 960w, http:\/\/www.proma.com.br\/blog\/wp-content\/uploads\/2021\/01\/1-768x758.jpg 768w, http:\/\/www.proma.com.br\/blog\/wp-content\/uploads\/2021\/01\/1-304x300.jpg 304w, http:\/\/www.proma.com.br\/blog\/wp-content\/uploads\/2021\/01\/1.jpg 974w\" sizes=\"(max-width: 960px) 100vw, 960px\" \/>Nada melhor do que uma cozinha limpa e cheirosa!<\/p>\n<p>Confira o passo a passo correto da limpeza e m\u00e3o na massa! As dicas s\u00e3o da personal organizer Livian Tamaso.<\/p>\n<p>Lembre-se: antes de iniciar a limpeza, abra as portas e janelas para deixar os c\u00f4modos bem arejados.<\/p>\n<p><strong>LIMPEZA DA COZINHA<\/strong><\/p>\n<ol>\n<li>Retire cadeiras e passadeiras<\/li>\n<li>Inicie pelas janelas<\/li>\n<li>Limpe os arm\u00e1rios por dentro e por fora<\/li>\n<li>Limpe as bocas e grelhas do fog\u00e3o e do forno. No caso de cooktop, siga as recomenda\u00e7\u00f5es do fabricante<\/li>\n<li>Caso tenha espelhos na cozinha limpe-os com limpa vidros<\/li>\n<li>Depois v\u00e1 para os m\u00f3veis, como cadeiras e mesas, lembrando sempre dos p\u00e9s<\/li>\n<li>Eletrodom\u00e9sticos e utens\u00edlios<\/li>\n<li>Finalize pelo piso<\/li>\n<\/ol>\n<p><strong>HIGIENIZA\u00c7\u00c3O DA COZINHA<\/strong><\/p>\n<p>Para limpar piso, metais e arm\u00e1rios na cozinha, o biom\u00e9dico Roberto Figueiredo, conhecido com Dr. Bact\u00e9ria, indica utilizar a receita caseira que combina <strong>1 litro de \u00e1gua com 10 gotas de detergente neutro e uma colher (sopa) de bicarbonato de s\u00f3dio<\/strong>.<\/p>\n<p>No caso do ch\u00e3o, passe o pano embebido na solu\u00e7\u00e3o, em seguida enx\u00e1gue ele em \u00e1gua limpa, e repita o processo at\u00e9 completar a limpeza.<\/p>\n<p><strong>REORGANIZA\u00c7\u00c3O DA COZINHA<\/strong><\/p>\n<p>Por mais tentador que seja deixar utens\u00edlios expostos nas bancadas, o ideal \u00e9 que elas estejam sempre livres. Dessa forma, voc\u00ea mant\u00e9m sua \u00e1rea de preparo das refei\u00e7\u00f5es organizada e limpa com facilidade.<\/p>\n<p>Outra dica \u00e9 abusar das paredes. Aposte em prateleiras para organizar temperos, acess\u00f3rios e at\u00e9 panelas. Nos arm\u00e1rios, mantenha os itens guardados por categorias e evite o ac\u00famulo de objetos.<\/p>\n<p><em>No post da pr\u00f3xima semana, vamos indicar as dicas de limpeza da despensa.<\/em><\/p>\n<p>Gostou dessas dicas? Seu coment\u00e1rio \u00e9 muito bem-vindo!<\/p>\n<p><strong>Fonte:<\/strong> Casa Vogue<\/p>\n<p><strong>________<\/strong><\/p>\n<p><strong>LEIA TAMB\u00c9M:<\/strong><\/p>\n<p><strong>ARTIGO: OS BENEF\u00cdCIOS PARA A SA\u00daDE MENTAL DO CULTO DA ORGANIZA\u00c7\u00c3O DO LAR. <a href=\"https:\/\/www.proma.com.br\/blog\/artigo-os-beneficios-para-a-saude-mental-do-culto-da-organizacao-do-lar\/\">CLIQUE AQUI<\/a> E SAIBA MAIS.<\/strong><\/p>\n<p><strong>ORGANIZA\u00c7\u00c3O FINANCEIRA: DICAS PARA COLOCAR AS CONTAS EM ORDEM. <a href=\"https:\/\/www.proma.com.br\/blog\/organizacao-financeira-dicas-para-colocar-as-contas-em-ordem\/\">CLIQUE AQUI<\/a> E SAIBA MAIS.<\/strong><\/p>\n","protected":false},"excerpt":{"rendered":"<p>Nada melhor do que uma cozinha limpa e cheirosa! Confira o passo a passo correto da limpeza e m\u00e3o na massa! As dicas s\u00e3o da personal organizer Livian Tamaso. Lembre-se: antes de iniciar a limpeza, abra as portas e janelas&hellip;<\/p>\n","protected":false},"author":3,"featured_media":7604,"comment_status":"open","ping_status":"closed","sticky":false,"template":"","format":"standard","meta":[],"categories":[2927,1143,2879,1146],"tags":[294,2724],"_links":{"self":[{"href":"http:\/\/www.proma.com.br\/blog\/wp-json\/wp\/v2\/posts\/7603"}],"collection":[{"href":"http:\/\/www.proma.com.br\/blog\/wp-json\/wp\/v2\/posts"}],"about":[{"href":"http:\/\/www.proma.com.br\/blog\/wp-json\/wp\/v2\/types\/post"}],"author":[{"embeddable":true,"href":"http:\/\/www.proma.com.br\/blog\/wp-json\/wp\/v2\/users\/3"}],"replies":[{"embeddable":true,"href":"http:\/\/www.proma.com.br\/blog\/wp-json\/wp\/v2\/comments?post=7603"}],"version-history":[{"count":1,"href":"http:\/\/www.proma.com.br\/blog\/wp-json\/wp\/v2\/posts\/7603\/revisions"}],"predecessor-version":[{"id":7605,"href":"http:\/\/www.proma.com.br\/blog\/wp-json\/wp\/v2\/posts\/7603\/revisions\/7605"}],"wp:featuredmedia":[{"embeddable":true,"href":"http:\/\/www.proma.com.br\/blog\/wp-json\/wp\/v2\/media\/7604"}],"wp:attachment":[{"href":"http:\/\/www.proma.com.br\/blog\/wp-json\/wp\/v2\/media?parent=7603"}],"wp:term":[{"taxonomy":"category","embeddable":true,"href":"http:\/\/www.proma.com.br\/blog\/wp-json\/wp\/v2\/categories?post=7603"},{"taxonomy":"post_tag","embeddable":true,"href":"http:\/\/www.proma.com.br\/blog\/wp-json\/wp\/v2\/tags?post=7603"}],"curies":[{"name":"wp","href":"https:\/\/api.w.org\/{rel}","templated":true}]}}