{"id":7790,"date":"2021-06-08T17:45:26","date_gmt":"2021-06-08T20:45:26","guid":{"rendered":"http:\/\/www.proma.com.br\/blog\/?p=7790"},"modified":"2022-01-25T11:27:04","modified_gmt":"2022-01-25T14:27:04","slug":"o-mar-como-protagonista-uma-parceria-entre-a-familia-nalu-e-o-grupo-proma-blue-waves","status":"publish","type":"post","link":"http:\/\/www.proma.com.br\/blog\/o-mar-como-protagonista-uma-parceria-entre-a-familia-nalu-e-o-grupo-proma-blue-waves\/","title":{"rendered":"<strong>O MAR COMO PROTAGONISTA: UMA PARCERIA ENTRE A FAM\u00cdLIA NALU E O GRUPO PROMA<\/strong>"},"content":{"rendered":"\n<figure class=\"wp-block-image size-large\"><img src=\"http:\/\/www.proma.com.br\/blog\/wp-content\/uploads\/2021\/06\/WhatsApp-Image-2021-06-04-at-09.47.55-1024x682.jpeg\" alt=\"\" class=\"wp-image-7793\"\/><figcaption>Fam\u00edlia Nalu com o CEO Paulo Obenaus e a arquiteta Caroline Obenaus.<\/figcaption><\/figure>\n\n\n\n<p><strong><br><\/strong>Ideias jogadas ao vento \u2014 ou seriam&#8230; ao mar?<\/p>\n\n\n\n<p>Uma liga\u00e7\u00e3o inquestion\u00e1vel entre <strong>Everaldo Pato<\/strong> e a encantadora <strong>Pi\u00e7arras<\/strong>.<\/p>\n\n\n\n<p>Uma sintonia admir\u00e1vel entre a liberdade da <strong>Fam\u00edlia Nalu<\/strong> e a fluidez do <strong><a href=\"https:\/\/www.proma.com.br\/empreendimentos\/blue-waves-residences\" data-type=\"URL\" data-id=\"https:\/\/www.proma.com.br\/empreendimentos\/blue-waves-residences\">Blue Waves Residences<\/a><\/strong>.<\/p>\n\n\n\n<p>Uma campanha que visa \u00e0 realiza\u00e7\u00e3o de sonhos \u2013 mais do que vender um apartamento de alt\u00edssimo padr\u00e3o, entregar um destino e um lugar. Sem pressa. No vai e vem das ondas. No balan\u00e7o nem sempre tranquilo do mar. O comercial com a Fam\u00edlia Nalu para o lan\u00e7amento do Blue Waves Residences foi gravado em Pi\u00e7arras.<\/p>\n\n\n\n<p>A Fam\u00edlia Nalu, que viaja pelo mundo em busca de aventuras e experi\u00eancias \u00ad\u2013 de vida e pra vida! \u2013, participou de uma <strong>coletiva de imprensa<\/strong> no dia 29 de maio, na Associa\u00e7\u00e3o Empresarial de Jaragu\u00e1 do Sul (Acijs).<\/p>\n\n\n\n<p>Uma conversa descontra\u00edda e cheia de aprendizados com Fabiana Nigol e Everaldo Pato, pais de Isabelle Nalu, de 14 anos, e do pequeno Zay, de 1 ano e 8 meses.<\/p>\n\n\n\n<p>Confira!<\/p>\n\n\n\n<figure class=\"wp-block-image size-large\"><img loading=\"lazy\" width=\"1024\" height=\"575\" src=\"http:\/\/www.proma.com.br\/blog\/wp-content\/uploads\/2021\/06\/DJI_0031-1024x575.jpg\" alt=\"\" class=\"wp-image-7795\" srcset=\"http:\/\/www.proma.com.br\/blog\/wp-content\/uploads\/2021\/06\/DJI_0031-1024x575.jpg 1024w, http:\/\/www.proma.com.br\/blog\/wp-content\/uploads\/2021\/06\/DJI_0031-960x539.jpg 960w, http:\/\/www.proma.com.br\/blog\/wp-content\/uploads\/2021\/06\/DJI_0031-768x431.jpg 768w, http:\/\/www.proma.com.br\/blog\/wp-content\/uploads\/2021\/06\/DJI_0031-1536x863.jpg 1536w, http:\/\/www.proma.com.br\/blog\/wp-content\/uploads\/2021\/06\/DJI_0031-2048x1150.jpg 2048w, http:\/\/www.proma.com.br\/blog\/wp-content\/uploads\/2021\/06\/DJI_0031-500x281.jpg 500w\" sizes=\"(max-width: 1024px) 100vw, 1024px\" \/><\/figure>\n\n\n\n<p><strong>Pato, qual \u00e9 a sua rela\u00e7\u00e3o com Pi\u00e7arras?<\/strong><\/p>\n\n\n\n<p><strong>Pato: <\/strong>\u00c9 uma alegria enorme pra gente estar aqui. Primeiro, porque eu sou da regi\u00e3o. Sou um garoto de Pi\u00e7arras e de Penha, que saiu pro mundo logo cedo \u2013 e, agora, eu estou criando a minha fam\u00edlia pelo mundo. Depois, porque foi um prazer conhecer o Paulo [Obenaus] e a Carol [Obenaus], da Proma, e toda a equipe do Eduardo, da ag\u00eancia Escala Metra. Fico feliz por perceber que a nossa regi\u00e3o est\u00e1 t\u00e3o bem administrada, com boas cabe\u00e7as pensando no futuro. Pra n\u00f3s, uma das coisas mais importantes \u00e9 conservar o nosso planeta.<\/p>\n\n\n\n<p><strong>O que mais chamou a sua aten\u00e7\u00e3o no retorno a Pi\u00e7arras?<\/strong><\/p>\n\n\n\n<p><strong>Pato: <\/strong>O que mais chama a minha aten\u00e7\u00e3o em estar em uma cidade com pessoas inteligentes, capazes e conscientes \u00e9 a no\u00e7\u00e3o de futuro. Meus filhos est\u00e3o sendo criados no mundo, mas esse mundo s\u00f3 vai continuar se n\u00f3s passarmos pra essa gera\u00e7\u00e3o \u00ad\u2013 que, por sua vez, dever\u00e1 passar para a pr\u00f3xima gera\u00e7\u00e3o \u2013 uma consci\u00eancia mais ativa e participativa sobre sustentabilidade. Do jeito que est\u00e1 n\u00e3o podemos continuar. \u00c9 sensacional estar aqui para trocar ideias e ajudar por meio da nossa hist\u00f3ria e das nossas iniciativas.<\/p>\n\n\n\n<p><strong>Quais foram as percep\u00e7\u00f5es da Fam\u00edlia Nalu sobre o Blue Waves Residences?<\/strong><\/p>\n\n\n\n<p><strong>Pato: <\/strong>Indo ao encontro dessa consci\u00eancia para o bem do planeta, o projeto \u00e9 muito legal \u2013 a come\u00e7ar pelas garagens, que ser\u00e3o preparadas para os carros el\u00e9tricos, e pelo aquecimento da \u00e1gua com placas solares. Esse caminho da tecnologia com sustentabilidade \u00e9 muito importante. A experi\u00eancia que eu vejo aqui eu levo adiante, porque eu amo colaborar. Esse \u00e9 o meu dom, \u00e9 por isso que eu vim ao mundo. Eu n\u00e3o quero deixar fortunas, eu quero deixar um legado.<\/p>\n\n\n\n<figure class=\"wp-block-image size-large\"><img loading=\"lazy\" width=\"1024\" height=\"768\" src=\"http:\/\/www.proma.com.br\/blog\/wp-content\/uploads\/2021\/06\/IMG_9851-1024x768.jpeg\" alt=\"\" class=\"wp-image-7796\" srcset=\"http:\/\/www.proma.com.br\/blog\/wp-content\/uploads\/2021\/06\/IMG_9851-1024x768.jpeg 1024w, http:\/\/www.proma.com.br\/blog\/wp-content\/uploads\/2021\/06\/IMG_9851-960x720.jpeg 960w, http:\/\/www.proma.com.br\/blog\/wp-content\/uploads\/2021\/06\/IMG_9851-768x576.jpeg 768w, http:\/\/www.proma.com.br\/blog\/wp-content\/uploads\/2021\/06\/IMG_9851-1536x1152.jpeg 1536w, http:\/\/www.proma.com.br\/blog\/wp-content\/uploads\/2021\/06\/IMG_9851-400x300.jpeg 400w, http:\/\/www.proma.com.br\/blog\/wp-content\/uploads\/2021\/06\/IMG_9851.jpeg 2048w\" sizes=\"(max-width: 1024px) 100vw, 1024px\" \/><\/figure>\n\n\n\n<p><strong>Na opini\u00e3o de voc\u00eas, a humanidade tem consci\u00eancia que precisa mudar as a\u00e7\u00f5es para o bem do planeta?<\/strong><\/p>\n\n\n\n<p><strong>Fabiana: <\/strong>A gente percebe bem os opostos: pa\u00edses que est\u00e3o super desenvolvidos e pa\u00edses que n\u00e3o tem essa consci\u00eancia. Na Indon\u00e9sia, por exemplo, um lugar que a gente adora, a consci\u00eancia \u00e9 zero: voc\u00ea caminha na praia e pisa nos lixos. Nesse sentido, muitos turistas acabam levando esse processo de conscientiza\u00e7\u00e3o t\u00e3o importante pra l\u00e1. J\u00e1 na Fran\u00e7a, onde a gente fez uma temporada de bicicleta, percebemos uma consci\u00eancia incr\u00edvel, que come\u00e7a pelos projetos com as crian\u00e7as na escola. Os professores t\u00eam um papel fundamental, assim como a fam\u00edlia \u2013 em qualquer lugar do mundo. A Bella, por exemplo, tem essa consci\u00eancia porque n\u00f3s vivenciamos e praticamos o bem ao planeta no nosso dia a dia. Ela fala: <em>\u201cm\u00e3e, olha essa praia t\u00e3o linda e quanto lixo. Por que as pessoas jogam lixo na praia?\u201d.<\/em> Realmente, \u00e9 falta de educa\u00e7\u00e3o. N\u00f3s tentamos levar um pouquinho disso pelos pa\u00edses em que a gente passa. N\u00e3o tem problema pegar uma vassoura e varrer, pois o exemplo conta muito. Com o Zay a gente anda na praia e fala:<em> \u201cvamos l\u00e1, vamos catar o lixinho\u201d.<\/em> Eu fiquei muito feliz de ver a consci\u00eancia das pessoas em Pi\u00e7arras \u2013 a restinga cuidada, o <em>deck<\/em> todo de madeira e as plaquinhas com informa\u00e7\u00f5es, at\u00e9 sobre a Covid. Destaque para o projeto da Proma, o Blue Waves, totalmente voltado para a sustentabilidade e com foco no futuro.<\/p>\n\n\n\n<p><strong>Como surgiu a ideia do programa \u201cNalu Pelo Mundo\u201d?<\/strong><\/p>\n\n\n\n<p><strong>Fabiana:<\/strong> A nossa fam\u00edlia \u00e9 a nossa empresa. N\u00f3s fazemos absolutamente tudo \u2013 dirigimos, produzimos, filmamos e interpretamos. E tem dado muito certo. Quando eu conheci o Pato, comecei a filmar e me identifiquei com a produ\u00e7\u00e3o. Sempre filmei ele nas ondas grandes e perigosas pelo mundo. Tudo come\u00e7ou com um filme, sobre uma hist\u00f3ria de amor (e de ondas!) bem bacana: um casal que viajava pelo mundo e, no final, aparecia a Bella no c\u00e9u escolhendo os pais na Terra. Foi um sucesso. Fomos convidados pelo canal <em>Multishow<\/em> para gravar um <em>reality show \u2013 <\/em>na \u00e9poca, a Bellinha tinha dois anos. N\u00f3s abra\u00e7amos a oportunidade.<\/p>\n\n\n\n<figure class=\"wp-block-image size-large\"><img loading=\"lazy\" width=\"1024\" height=\"682\" src=\"http:\/\/www.proma.com.br\/blog\/wp-content\/uploads\/2021\/06\/WhatsApp-Image-2021-06-01-at-09.00.40-1024x682.jpeg\" alt=\"\" class=\"wp-image-7800\" srcset=\"http:\/\/www.proma.com.br\/blog\/wp-content\/uploads\/2021\/06\/WhatsApp-Image-2021-06-01-at-09.00.40-1024x682.jpeg 1024w, http:\/\/www.proma.com.br\/blog\/wp-content\/uploads\/2021\/06\/WhatsApp-Image-2021-06-01-at-09.00.40-960x640.jpeg 960w, http:\/\/www.proma.com.br\/blog\/wp-content\/uploads\/2021\/06\/WhatsApp-Image-2021-06-01-at-09.00.40-768x512.jpeg 768w, http:\/\/www.proma.com.br\/blog\/wp-content\/uploads\/2021\/06\/WhatsApp-Image-2021-06-01-at-09.00.40-450x300.jpeg 450w, http:\/\/www.proma.com.br\/blog\/wp-content\/uploads\/2021\/06\/WhatsApp-Image-2021-06-01-at-09.00.40.jpeg 1280w\" sizes=\"(max-width: 1024px) 100vw, 1024px\" \/><\/figure>\n\n\n\n<p><strong>Como \u00e9 o planejamento de voc\u00eas a cada temporada?<\/strong><\/p>\n\n\n\n<p><strong>Pato: <\/strong>N\u00f3s sempre tivemos muita liberdade. At\u00e9 cinco anos atr\u00e1s, as temporadas de ondas grandes definiam as temporadas que passavam na TV. O programa existe h\u00e1 13 anos, com 310 epis\u00f3dios \u2013 na TV brasileira existem poucos programas com essa dura\u00e7\u00e3o. Mas, em 2011, a Bella estava assistindo ao Pin\u00f3quio no barco enquanto eu estava surfando uma onda grande no Taiti \u2013 um cinegrafista captou essa cena. Quando esse programa foi editado, essa cena foi inclu\u00edda. Ningu\u00e9m deu a m\u00ednima para a onda \u2013 a imagem que marcou foi a Bella no barco. A partir da\u00ed, n\u00f3s criamos aventuras pelo mundo.<\/p>\n\n\n\n<p><strong>Como \u00e9 a experi\u00eancia de viajar com os filhos pelo mundo?<\/strong><\/p>\n\n\n\n<p><strong>Fabiana:<\/strong> Viajar com uma crian\u00e7a, sem rotina, \u00e9 um desafio. A Bella se encaixou perfeitamente na nossa hist\u00f3ria e, a cada ano que passa, eu vejo o quanto ela se adaptou. Agora veio o Zay para completar a fam\u00edlia. J\u00e1 fizemos uma temporada com ele e estamos na segunda.<\/p>\n\n\n\n<p><strong>Como \u00e9 a rotina da fam\u00edlia?<\/strong><\/p>\n\n\n\n<p><strong>Fabiana: <\/strong>N\u00f3s nos dividimos. O Pato fica mais com a Bella, porque ela tem uma agenda bem completa com o surfe. E assim vamos viajando pelo mundo. Carregamos uma mala muito pequena \u00ad\u2013 n\u00f3s aprendemos a viver de uma forma diferente. Apesar de conhecermos o mundo, levamos uma vida muito simples e \u00e9 esse aprendizado que eu quero deixar para os meus filhos.<\/p>\n\n\n\n<p><strong>Como manter o equil\u00edbrio entre a fam\u00edlia e a empresa?<\/strong><\/p>\n\n\n\n<p><strong>Pato: <\/strong>Conscientiza\u00e7\u00e3o \u00e9 a palavra-chave. Antes de fazermos a campanha para a Proma, por exemplo, n\u00f3s sab\u00edamos que seria um dia pesado, que come\u00e7aria \u00e0s 5h. N\u00f3s preparamos a Bella e o Zay \u2013 n\u00e3o adianta acord\u00e1-los e dizer: <em>\u201cn\u00e3o reclama, n\u00e3o chora&#8230;\u201d.<\/em> A nossa empresa aprende com as empresas. Eu sou f\u00e3 dos empres\u00e1rios, porque eles criam estruturas para crescer. E n\u00f3s fazemos o mesmo, trabalho ap\u00f3s trabalho. A campanha com a Proma foi o nosso melhor trabalho at\u00e9 aqui, porque n\u00f3s conseguimos manter a alegria e a energia do in\u00edcio ao fim. E isso \u00e9 dif\u00edcil, ainda mais com crian\u00e7as.<\/p>\n\n\n\n<p><strong>Como voc\u00eas administram a educa\u00e7\u00e3o da Bella e do Zay?<\/strong><\/p>\n\n\n\n<p><strong>Fabiana: <\/strong>O Zay est\u00e1 apenas come\u00e7ando. Com a Bella n\u00f3s nunca planejamos nada, foi acontecendo de uma forma saud\u00e1vel. Ela pode n\u00e3o ser a mais inteligente em matem\u00e1tica, mas ela tem a consci\u00eancia do mundo. Muito antes dos 14 anos, a Bella poderia viajar sozinha e se virar muito bem. Por todos os pa\u00edses que a gente passava, a Bella frequentava a escola. No Hava\u00ed, por exemplo, um lugar pra onde vamos todos os anos, ela fez da primeira a sexta s\u00e9rie \u2013 ela fala ingl\u00eas fluentemente. No Chile, ela tamb\u00e9m foi \u00e0 escola \u2013 fala espanhol tamb\u00e9m. Enfim, a Bella frequentou v\u00e1rias escolas pelo mundo. E a\u00ed n\u00f3s tamb\u00e9m mixamos com o <em>homeschooling<\/em> (educa\u00e7\u00e3o domiciliar). No Brasil, ainda n\u00e3o \u00e9 permitido, mas como a Bella tem a dupla cidadania (brasileira e americana), n\u00f3s seguimos o curr\u00edculo americano. Hoje, ela est\u00e1 no oitavo ano. E seguimos assim. N\u00e3o \u00e9 f\u00e1cil. Exige muita dedica\u00e7\u00e3o \u2013 explicar em um idioma que n\u00e3o \u00e9 o nosso \u00e9 um desafio. Tenho que pesquisar muita coisa no Google para conseguir ensinar. A matem\u00e1tica \u00e9 diferente, por exemplo. A vida que todo mundo v\u00ea, que parece f\u00e9rias o tempo todo, n\u00e3o \u00e9 bem assim.<\/p>\n\n\n\n<p><strong>Bella, como foi o momento em que voc\u00ea teve consci\u00eancia que a sua fam\u00edlia viajava pelo mundo?<\/strong><\/p>\n\n\n\n<p><strong>Bella:<\/strong> \u00c0s vezes, as pessoas me perguntam: <em>\u201conde voc\u00ea mora?\u201d<\/em>. Eu fico pensando um pouco, porque n\u00e3o temos uma casa fixa. Eu sempre surfei e eu lembro de v\u00e1rios momentos da minha vida em que est\u00e1vamos viajando \u2013 mas eu tive essa consci\u00eancia, realmente, quando eu tinha 11 anos e eu comecei a gostar de surfar de verdade. Nesse momento, eu tive no\u00e7\u00e3o das filmagens e que viaj\u00e1vamos o mundo. Hoje, eu sei que \u00e9 muito especial \u2013 e v\u00e1rias pessoas acham legal. E eu tamb\u00e9m acho, porque a minha vida inteira foi dessa forma.<\/p>\n\n\n\n<p><strong>Bella, como est\u00e1 a sua carreira?<\/strong><\/p>\n\n\n\n<p><strong>Bella:<\/strong> Eu estou praticando bastante o surfe, que \u00e9 a carreira que eu quero seguir. Meu pai est\u00e1 me ajudando bastante, assim como a minha fam\u00edlia inteira.<\/p>\n\n\n\n<figure class=\"wp-block-image size-large\"><img loading=\"lazy\" width=\"1024\" height=\"682\" src=\"http:\/\/www.proma.com.br\/blog\/wp-content\/uploads\/2021\/06\/WhatsApp-Image-2021-06-01-at-09.00.39-2-1024x682.jpeg\" alt=\"\" class=\"wp-image-7797\" srcset=\"http:\/\/www.proma.com.br\/blog\/wp-content\/uploads\/2021\/06\/WhatsApp-Image-2021-06-01-at-09.00.39-2-1024x682.jpeg 1024w, http:\/\/www.proma.com.br\/blog\/wp-content\/uploads\/2021\/06\/WhatsApp-Image-2021-06-01-at-09.00.39-2-960x640.jpeg 960w, http:\/\/www.proma.com.br\/blog\/wp-content\/uploads\/2021\/06\/WhatsApp-Image-2021-06-01-at-09.00.39-2-768x512.jpeg 768w, http:\/\/www.proma.com.br\/blog\/wp-content\/uploads\/2021\/06\/WhatsApp-Image-2021-06-01-at-09.00.39-2-450x300.jpeg 450w, http:\/\/www.proma.com.br\/blog\/wp-content\/uploads\/2021\/06\/WhatsApp-Image-2021-06-01-at-09.00.39-2.jpeg 1280w\" sizes=\"(max-width: 1024px) 100vw, 1024px\" \/><\/figure>\n\n\n\n<p><strong>Qual \u00e9 o principal objetivo da Fam\u00edlia Nalu?<\/strong><\/p>\n\n\n\n<p><strong>Pato: <\/strong>O nosso objetivo \u00e9 a fam\u00edlia. A fam\u00edlia \u00e9 o pilar n\u00famero um. Se eu n\u00e3o puder dar aten\u00e7\u00e3o a eles, o resto est\u00e1 errado.<\/p>\n\n\n\n<figure class=\"wp-block-image size-large\"><img loading=\"lazy\" width=\"1024\" height=\"975\" src=\"http:\/\/www.proma.com.br\/blog\/wp-content\/uploads\/2021\/06\/Familia-1024x975.jpg\" alt=\"\" class=\"wp-image-7804\" srcset=\"http:\/\/www.proma.com.br\/blog\/wp-content\/uploads\/2021\/06\/Familia-1024x975.jpg 1024w, http:\/\/www.proma.com.br\/blog\/wp-content\/uploads\/2021\/06\/Familia-960x914.jpg 960w, http:\/\/www.proma.com.br\/blog\/wp-content\/uploads\/2021\/06\/Familia-768x731.jpg 768w, http:\/\/www.proma.com.br\/blog\/wp-content\/uploads\/2021\/06\/Familia-315x300.jpg 315w, http:\/\/www.proma.com.br\/blog\/wp-content\/uploads\/2021\/06\/Familia.jpg 1181w\" sizes=\"(max-width: 1024px) 100vw, 1024px\" \/><\/figure>\n\n\n\n<p><strong>Qual foi a sua maior hist\u00f3ria de supera\u00e7\u00e3o, Pato?<\/strong><\/p>\n\n\n\n<p><strong>Pato: <\/strong>Certa vez, um jornalista \u201cdetonou\u201d o nosso programa. Esculhambou. Aquilo mexeu muito comigo. Eu comentei com o Morongo, dono da Mormaii, e pedi: <em>\u201co que um surfista pode fazer para surpreender?\u201d.<\/em> Ele me disse que pilotar um helic\u00f3ptero \u00e9 bem desafiador e dif\u00edcil. No outro dia, eu fui ao aeroporto e soube que as aulas custariam 28 mil d\u00f3lares. Eu n\u00e3o sabia falar ingl\u00eas direito, n\u00e3o tinha esse dinheiro e nunca tinha voado. Resumindo: eu me tranquei no quarto e, em seis semanas, eu estudei tudo sobre avia\u00e7\u00e3o. Em seis semanas, eu me tornei um piloto. Foi t\u00e3o surpreendente essa hist\u00f3ria de supera\u00e7\u00e3o de um garoto que s\u00f3 estudou at\u00e9 a oitava s\u00e9rie, que o Morongo disse que eu poderia comprar o helic\u00f3ptero que eu quisesse. A ideia era comprar o helic\u00f3ptero e fazer um projeto da \u201cNalu pelo Mundo\u201d, mostrando pro jornalista que todo surfista \u00e9 capaz. E essa \u00e9 a mensagem final: n\u00f3s somos capazes de tudo! Eu comprei o helic\u00f3ptero e o projeto aconteceu em v\u00e1rios lugares desse planeta. Eu gosto de contar essa hist\u00f3ria, porque ele retrata a hist\u00f3ria de supera\u00e7\u00e3o de um garoto simples, com uma educa\u00e7\u00e3o restrita, que conseguiu. N\u00e3o existe sonho imposs\u00edvel, basta acreditar.<\/p>\n\n\n\n<figure class=\"wp-block-image size-large\"><img loading=\"lazy\" width=\"1024\" height=\"634\" src=\"http:\/\/www.proma.com.br\/blog\/wp-content\/uploads\/2021\/06\/DJI_00472-1024x634.jpg\" alt=\"\" class=\"wp-image-7799\" srcset=\"http:\/\/www.proma.com.br\/blog\/wp-content\/uploads\/2021\/06\/DJI_00472-1024x634.jpg 1024w, http:\/\/www.proma.com.br\/blog\/wp-content\/uploads\/2021\/06\/DJI_00472-960x594.jpg 960w, http:\/\/www.proma.com.br\/blog\/wp-content\/uploads\/2021\/06\/DJI_00472-768x475.jpg 768w, http:\/\/www.proma.com.br\/blog\/wp-content\/uploads\/2021\/06\/DJI_00472-1536x951.jpg 1536w, http:\/\/www.proma.com.br\/blog\/wp-content\/uploads\/2021\/06\/DJI_00472-2048x1268.jpg 2048w, http:\/\/www.proma.com.br\/blog\/wp-content\/uploads\/2021\/06\/DJI_00472-485x300.jpg 485w\" sizes=\"(max-width: 1024px) 100vw, 1024px\" \/><\/figure>\n\n\n\n<p><strong>BLUE WAVES RESIDENCES<\/strong><\/p>\n\n\n\n<p>Um lan\u00e7amento de <strong>alt\u00edssimo padr\u00e3o <\/strong>da <strong>Proma <\/strong>em <strong>Pi\u00e7arras<\/strong>, o Blue Waves Residences \u00e9 \u00fanico. Exclusivo e diferenciado \u2013 em cada detalhe.<\/p>\n\n\n\n<figure class=\"wp-block-image size-large\"><img loading=\"lazy\" width=\"1024\" height=\"1365\" src=\"http:\/\/www.proma.com.br\/blog\/wp-content\/uploads\/2021\/06\/01_PROMA_BW_FACHADA_FRONTAL_WEB-1024x1365.jpg\" alt=\"\" class=\"wp-image-7801\" srcset=\"http:\/\/www.proma.com.br\/blog\/wp-content\/uploads\/2021\/06\/01_PROMA_BW_FACHADA_FRONTAL_WEB-1024x1365.jpg 1024w, http:\/\/www.proma.com.br\/blog\/wp-content\/uploads\/2021\/06\/01_PROMA_BW_FACHADA_FRONTAL_WEB-960x1280.jpg 960w, http:\/\/www.proma.com.br\/blog\/wp-content\/uploads\/2021\/06\/01_PROMA_BW_FACHADA_FRONTAL_WEB-768x1024.jpg 768w, http:\/\/www.proma.com.br\/blog\/wp-content\/uploads\/2021\/06\/01_PROMA_BW_FACHADA_FRONTAL_WEB-225x300.jpg 225w, http:\/\/www.proma.com.br\/blog\/wp-content\/uploads\/2021\/06\/01_PROMA_BW_FACHADA_FRONTAL_WEB.jpg 1125w\" sizes=\"(max-width: 1024px) 100vw, 1024px\" \/><\/figure>\n\n\n\n<p>Localizado em uma das regi\u00f5es mais nobres de <strong>Pi\u00e7arras<\/strong>, o <strong>Blue Waves <\/strong>encanta:<\/p>\n\n\n\n<ul><li>todos os apartamentos t\u00eam vista para o mar. <strong><em>Uma sensa\u00e7\u00e3o indescrit\u00edvel de liberdade e tranquilidade.<\/em><\/strong><\/li><li>apartamentos-padr\u00e3o variam de 135 a 150 metros quadrados.<\/li><li>1.300 metros quadrados de \u00e1rea de lazer. <strong><em>Uma experi\u00eancia 5 estrelas sem sair de casa.<\/em><\/strong><\/li><\/ul>\n\n\n\n<figure class=\"wp-block-image size-large\"><img loading=\"lazy\" width=\"1024\" height=\"576\" src=\"http:\/\/www.proma.com.br\/blog\/wp-content\/uploads\/2021\/06\/13_PROMA_BW_VOO_DE_PASSARO-LAZER_WEB-1024x576.jpg\" alt=\"\" class=\"wp-image-7802\" srcset=\"http:\/\/www.proma.com.br\/blog\/wp-content\/uploads\/2021\/06\/13_PROMA_BW_VOO_DE_PASSARO-LAZER_WEB-1024x576.jpg 1024w, http:\/\/www.proma.com.br\/blog\/wp-content\/uploads\/2021\/06\/13_PROMA_BW_VOO_DE_PASSARO-LAZER_WEB-960x540.jpg 960w, http:\/\/www.proma.com.br\/blog\/wp-content\/uploads\/2021\/06\/13_PROMA_BW_VOO_DE_PASSARO-LAZER_WEB-768x432.jpg 768w, http:\/\/www.proma.com.br\/blog\/wp-content\/uploads\/2021\/06\/13_PROMA_BW_VOO_DE_PASSARO-LAZER_WEB-500x281.jpg 500w, http:\/\/www.proma.com.br\/blog\/wp-content\/uploads\/2021\/06\/13_PROMA_BW_VOO_DE_PASSARO-LAZER_WEB.jpg 1500w\" sizes=\"(max-width: 1024px) 100vw, 1024px\" \/><\/figure>\n\n\n\n<ul><li>piscina interna aquecida.<\/li><li>piscina externa com 150 m\u00b2.<\/li><li>sal\u00e3o de festas.<\/li><li>brinquedoteca.<\/li><li>sala de jogos.<\/li><li>espa\u00e7o fitness com 80 m\u00b2.<\/li><li>2 quiosques com churrasqueiras.<\/li><li><em>fire pit \u2013 lounge<\/em> externo com lareira.<\/li><li><em>playground.<\/em><\/li><li>espa\u00e7o pet.<\/li><li>infraestrutura para carro el\u00e9trico.<\/li><\/ul>\n\n\n\n<p>No <strong>Blue Waves Residences<\/strong> voc\u00ea \u00e9 nosso convidado a contemplar o mar. E a vida!<\/p>\n\n\n\n<figure class=\"wp-block-image size-large\"><img loading=\"lazy\" width=\"1024\" height=\"683\" src=\"http:\/\/www.proma.com.br\/blog\/wp-content\/uploads\/2021\/06\/25_PROMA_BW_SACADA_TIPO_02_WEB-1024x683.jpg\" alt=\"\" class=\"wp-image-7803\" srcset=\"http:\/\/www.proma.com.br\/blog\/wp-content\/uploads\/2021\/06\/25_PROMA_BW_SACADA_TIPO_02_WEB-1024x683.jpg 1024w, http:\/\/www.proma.com.br\/blog\/wp-content\/uploads\/2021\/06\/25_PROMA_BW_SACADA_TIPO_02_WEB-960x640.jpg 960w, http:\/\/www.proma.com.br\/blog\/wp-content\/uploads\/2021\/06\/25_PROMA_BW_SACADA_TIPO_02_WEB-768x512.jpg 768w, http:\/\/www.proma.com.br\/blog\/wp-content\/uploads\/2021\/06\/25_PROMA_BW_SACADA_TIPO_02_WEB-450x300.jpg 450w, http:\/\/www.proma.com.br\/blog\/wp-content\/uploads\/2021\/06\/25_PROMA_BW_SACADA_TIPO_02_WEB.jpg 1500w\" sizes=\"(max-width: 1024px) 100vw, 1024px\" \/><\/figure>\n","protected":false},"excerpt":{"rendered":"<p>Ideias jogadas ao vento \u2014 ou seriam&#8230; ao mar? Uma liga\u00e7\u00e3o inquestion\u00e1vel entre Everaldo Pato e a encantadora Pi\u00e7arras. Uma sintonia admir\u00e1vel entre a liberdade da Fam\u00edlia Nalu e a fluidez do Blue Waves Residences. Uma campanha que visa \u00e0&hellip;<\/p>\n","protected":false},"author":3,"featured_media":7793,"comment_status":"open","ping_status":"closed","sticky":false,"template":"","format":"standard","meta":[],"categories":[1142,3,1149],"tags":[3277,3276,902,1035],"_links":{"self":[{"href":"http:\/\/www.proma.com.br\/blog\/wp-json\/wp\/v2\/posts\/7790"}],"collection":[{"href":"http:\/\/www.proma.com.br\/blog\/wp-json\/wp\/v2\/posts"}],"about":[{"href":"http:\/\/www.proma.com.br\/blog\/wp-json\/wp\/v2\/types\/post"}],"author":[{"embeddable":true,"href":"http:\/\/www.proma.com.br\/blog\/wp-json\/wp\/v2\/users\/3"}],"replies":[{"embeddable":true,"href":"http:\/\/www.proma.com.br\/blog\/wp-json\/wp\/v2\/comments?post=7790"}],"version-history":[{"count":5,"href":"http:\/\/www.proma.com.br\/blog\/wp-json\/wp\/v2\/posts\/7790\/revisions"}],"predecessor-version":[{"id":7976,"href":"http:\/\/www.proma.com.br\/blog\/wp-json\/wp\/v2\/posts\/7790\/revisions\/7976"}],"wp:featuredmedia":[{"embeddable":true,"href":"http:\/\/www.proma.com.br\/blog\/wp-json\/wp\/v2\/media\/7793"}],"wp:attachment":[{"href":"http:\/\/www.proma.com.br\/blog\/wp-json\/wp\/v2\/media?parent=7790"}],"wp:term":[{"taxonomy":"category","embeddable":true,"href":"http:\/\/www.proma.com.br\/blog\/wp-json\/wp\/v2\/categories?post=7790"},{"taxonomy":"post_tag","embeddable":true,"href":"http:\/\/www.proma.com.br\/blog\/wp-json\/wp\/v2\/tags?post=7790"}],"curies":[{"name":"wp","href":"https:\/\/api.w.org\/{rel}","templated":true}]}}