{"id":7817,"date":"2021-08-26T11:42:56","date_gmt":"2021-08-26T14:42:56","guid":{"rendered":"http:\/\/www.proma.com.br\/blog\/?p=7817"},"modified":"2021-08-26T11:43:45","modified_gmt":"2021-08-26T14:43:45","slug":"experimente-os-beneficios-de-morar-perto-do-mar","status":"publish","type":"post","link":"http:\/\/www.proma.com.br\/blog\/experimente-os-beneficios-de-morar-perto-do-mar\/","title":{"rendered":"COLUNA | EXPERIMENTE OS BENEF\u00cdCIOS DE MORAR PERTO DO MAR"},"content":{"rendered":"\n<p>Num passado n\u00e3o t\u00e3o distante, existia a \u201c<em>moradia fixa<\/em>\u201d e a \u201c<em>moradia de lazer<\/em>\u201d \u2013 na praia ou no campo \u2013 para os finais de semana e f\u00e9rias.<\/p>\n\n\n\n<p>A tend\u00eancia, no entanto, \u00e9 diminuir cada vez mais essa diferencia\u00e7\u00e3o \u2013 a moradia de lazer \u00e9 tamb\u00e9m a moradia fixa. Esse processo vai ao encontro da incessante (e saud\u00e1vel!) busca por mais qualidade de vida, mais espa\u00e7o e mais conv\u00edvio. E \u00e9 claro, menos despesas.<\/p>\n\n\n\n<p>Esse novo h\u00e1bito criou ambientes mistos, unindo o \u201c\u00fatil ao agrad\u00e1vel\u201d \u2013 ou seja, em um mesmo espa\u00e7o voc\u00ea tem seu trabalho, seu descanso e seus momentos de descontra\u00e7\u00e3o. Essa mudan\u00e7a nos leva \u00e0 seguinte reflex\u00e3o: por que experimentar o lazer esporadicamente? Se voc\u00ea tem liberdade geogr\u00e1fica, por que n\u00e3o viver na praia ao inv\u00e9s de ficar se deslocando sem necessidade?<\/p>\n\n\n\n<p>Voc\u00ea pode trabalhar vendo o mar.<\/p>\n\n\n\n<p>Voc\u00ea pode descansar vendo o mar.<\/p>\n\n\n\n<p>Voc\u00ea pode viver momentos de descontra\u00e7\u00e3o vendo o mar.<\/p>\n\n\n\n<p>O que voc\u00ea sente ao se imaginar em todas essas situa\u00e7\u00f5es&#8230; de frente para o mar?<\/p>\n\n\n\n<figure class=\"wp-block-image size-large\"><img src=\"http:\/\/www.proma.com.br\/blog\/wp-content\/uploads\/2021\/08\/25_PROMA_BW_SACADA_TIPO_02_WEB-1024x683.jpg\" alt=\"\" class=\"wp-image-7818\"\/><\/figure>\n\n\n\n<p>Um estudo realizado pela Universidade de Exeter, no Reino Unido, confirma: pessoas que vivem perto do mar t\u00eam mais sa\u00fade e disposi\u00e7\u00e3o comparadas \u00e0s que vivem distantes das zonas litor\u00e2neas.<\/p>\n\n\n\n<p>As paisagens exuberantes, o ar puro e a energia de um banho de mar s\u00e3o um incentivo para quem busca mais sa\u00fade \u2013 na vida e no trabalho. Os benef\u00edcios de morar perto do mar incluem mais contato com a natureza, menos polui\u00e7\u00e3o, menos agita\u00e7\u00e3o urbana e mais possibilidade de praticar atividades f\u00edsicas.<\/p>\n\n\n\n<p>Pi\u00e7arras, no litoral norte de Santa Catarina, \u00e9 uma excelente op\u00e7\u00e3o pra voc\u00ea aproveitar essas vantagens \u2013 a cidade une oportunidades de neg\u00f3cios \u00e0 vida litor\u00e2nea.<\/p>\n\n\n\n<p>Em Pi\u00e7arras voc\u00ea \u00e9 convidado a uma vida com menos estresse e mais humor. Com mais qualidade no sono e menos chances de depress\u00e3o. Com mais equil\u00edbrio emocional e menos tens\u00e3o.<\/p>\n\n\n\n<p>Que tal experimentar os benef\u00edcios de morar perto do mar?<\/p>\n\n\n\n<p>O Blue Waves Residences, um empreendimento de alt\u00edssimo padr\u00e3o, \u00e9 \u00fanico. Exclusivo e diferenciado \u2013 em cada detalhe.<\/p>\n\n\n\n<figure class=\"wp-block-image size-large\"><img loading=\"lazy\" width=\"1024\" height=\"1365\" src=\"http:\/\/www.proma.com.br\/blog\/wp-content\/uploads\/2021\/08\/01_PROMA_BW_FACHADA_FRONTAL_WEB-1024x1365.jpg\" alt=\"\" class=\"wp-image-7819\" srcset=\"http:\/\/www.proma.com.br\/blog\/wp-content\/uploads\/2021\/08\/01_PROMA_BW_FACHADA_FRONTAL_WEB-1024x1365.jpg 1024w, http:\/\/www.proma.com.br\/blog\/wp-content\/uploads\/2021\/08\/01_PROMA_BW_FACHADA_FRONTAL_WEB-960x1280.jpg 960w, http:\/\/www.proma.com.br\/blog\/wp-content\/uploads\/2021\/08\/01_PROMA_BW_FACHADA_FRONTAL_WEB-768x1024.jpg 768w, http:\/\/www.proma.com.br\/blog\/wp-content\/uploads\/2021\/08\/01_PROMA_BW_FACHADA_FRONTAL_WEB-225x300.jpg 225w, http:\/\/www.proma.com.br\/blog\/wp-content\/uploads\/2021\/08\/01_PROMA_BW_FACHADA_FRONTAL_WEB.jpg 1125w\" sizes=\"(max-width: 1024px) 100vw, 1024px\" \/><\/figure>\n\n\n\n<p>Localizado em uma das regi\u00f5es mais nobres de Pi\u00e7arras, na faixa delimitada pela Bandeira Azul, o empreendimento encanta \u2013 pelo terreno de 2.300m<sup>2<\/sup>, pelo padr\u00e3o de acabamento e pela completa \u00e1rea de lazer, com mais de 1.300m\u00b2.<\/p>\n\n\n\n<p>Por meio do Blue Waves Residences, a Construtora Proma convida voc\u00ea a contemplar \u2013 o mar (e a vida!) por meio de uma sensa\u00e7\u00e3o indescrit\u00edvel de liberdade e tranquilidade.<\/p>\n\n\n\n<p>Conhe\u00e7a Pi\u00e7arras, viva esta experi\u00eancia e conte sempre com a Proma e com a Imobili\u00e1ria Coralli, seja para trocar ideias ou para viver do jeito que voc\u00ea sempre sonhou, de frente para o mar.<\/p>\n\n\n\n<p>Acompanhe o trabalho da Construtora Proma pelas redes sociais: @promaincorporacoes e @imobiliariacoralli.<\/p>\n\n\n\n<p><em>Forte abra\u00e7o,<\/em><\/p>\n\n\n\n<p>Paulo Obenaus | Diretor do Grupo Proma<\/p>\n","protected":false},"excerpt":{"rendered":"<p>Num passado n\u00e3o t\u00e3o distante, existia a \u201cmoradia fixa\u201d e a \u201cmoradia de lazer\u201d \u2013 na praia ou no campo \u2013 para os finais de semana e f\u00e9rias. A tend\u00eancia, no entanto, \u00e9 diminuir cada vez mais essa diferencia\u00e7\u00e3o \u2013&hellip;<\/p>\n","protected":false},"author":3,"featured_media":7818,"comment_status":"open","ping_status":"closed","sticky":false,"template":"","format":"standard","meta":[],"categories":[1],"tags":[],"_links":{"self":[{"href":"http:\/\/www.proma.com.br\/blog\/wp-json\/wp\/v2\/posts\/7817"}],"collection":[{"href":"http:\/\/www.proma.com.br\/blog\/wp-json\/wp\/v2\/posts"}],"about":[{"href":"http:\/\/www.proma.com.br\/blog\/wp-json\/wp\/v2\/types\/post"}],"author":[{"embeddable":true,"href":"http:\/\/www.proma.com.br\/blog\/wp-json\/wp\/v2\/users\/3"}],"replies":[{"embeddable":true,"href":"http:\/\/www.proma.com.br\/blog\/wp-json\/wp\/v2\/comments?post=7817"}],"version-history":[{"count":2,"href":"http:\/\/www.proma.com.br\/blog\/wp-json\/wp\/v2\/posts\/7817\/revisions"}],"predecessor-version":[{"id":7823,"href":"http:\/\/www.proma.com.br\/blog\/wp-json\/wp\/v2\/posts\/7817\/revisions\/7823"}],"wp:featuredmedia":[{"embeddable":true,"href":"http:\/\/www.proma.com.br\/blog\/wp-json\/wp\/v2\/media\/7818"}],"wp:attachment":[{"href":"http:\/\/www.proma.com.br\/blog\/wp-json\/wp\/v2\/media?parent=7817"}],"wp:term":[{"taxonomy":"category","embeddable":true,"href":"http:\/\/www.proma.com.br\/blog\/wp-json\/wp\/v2\/categories?post=7817"},{"taxonomy":"post_tag","embeddable":true,"href":"http:\/\/www.proma.com.br\/blog\/wp-json\/wp\/v2\/tags?post=7817"}],"curies":[{"name":"wp","href":"https:\/\/api.w.org\/{rel}","templated":true}]}}