{"id":8199,"date":"2022-12-06T10:27:00","date_gmt":"2022-12-06T13:27:00","guid":{"rendered":"http:\/\/www.proma.com.br\/blog\/?p=8199"},"modified":"2022-12-01T10:43:25","modified_gmt":"2022-12-01T13:43:25","slug":"nem-tudo-que-parece-e-o-que-significa-organizar-um-lar","status":"publish","type":"post","link":"http:\/\/www.proma.com.br\/blog\/nem-tudo-que-parece-e-o-que-significa-organizar-um-lar\/","title":{"rendered":"NEM TUDO QUE PARECE \u00c9: O QUE SIGNIFICA ORGANIZAR UM LAR?"},"content":{"rendered":"\n<p>Ser\u00e1 que voc\u00ea \u00e9 uma pessoa organizada? Mais do que isso: ser\u00e1 que o seu lar est\u00e1 de fato organizado?<\/p>\n\n\n\n<p>Para entender melhor o que cada tarefa de casa significa, sem confundi-las com a organiza\u00e7\u00e3o, a personal organizer e especialista em desapego Nalini Grinkraut listou as atividades que geram essa confus\u00e3o.<\/p>\n\n\n\n<p>Nem tudo que parece \u00e9. Por isso, confira 5 atitudes que s\u00e3o classificadas como \u201corganizar a casa\u201d, mas, que, no final das contas, n\u00e3o s\u00e3o.<\/p>\n\n\n\n<p><strong>1. LIMPAR<\/strong><strong><\/strong><\/p>\n\n\n\n<p>Segundo Nalini, essa tarefa \u00e9 a que mais se confunde com organizar a casa. Ou seja, fazer a limpeza di\u00e1ria de superf\u00edcies para a manuten\u00e7\u00e3o da casa est\u00e1 longe de atingir a complexidade que sugere a organiza\u00e7\u00e3o.<\/p>\n\n\n\n<p><strong>2. GUARDAR OBJETOS<\/strong><strong><\/strong><\/p>\n\n\n\n<p>Colocar de volta os itens em seus respectivos lugares tamb\u00e9m ganha destaque quando se pensa em organizar um ambiente. Por\u00e9m, esse movimento \u00e9 muito mais um h\u00e1bito de manuten\u00e7\u00e3o do que efetivamente a organiza\u00e7\u00e3o. Por exemplo, guardar a lou\u00e7a seca ou pendurar o casaco quando se chega da rua.<\/p>\n\n\n\n<p><strong>3. FAXINA<\/strong><strong><\/strong><\/p>\n\n\n\n<p>Diferente de limpar, aqui o conceito trata de uma limpeza mais profunda. Mas, ainda assim, n\u00e3o ocupa a mesma fun\u00e7\u00e3o da organiza\u00e7\u00e3o. Nela voc\u00ea tira o &#8220;grosso&#8221; da sujeira, arrasta m\u00f3veis, usa produtos de limpeza e mant\u00e9m esse resultado com a limpeza di\u00e1ria.<\/p>\n\n\n\n<p><strong>4. DECORAR<\/strong><strong><\/strong><\/p>\n\n\n\n<p>Enfeitar o ambiente, colocar flores, uma nova cortina ou um abajur moderno n\u00e3o tornam o ambiente organizado. Essa pr\u00e1tica contribui para compor um ambiente, mas, se os objetos estiverem em lugares inadequados, de nada ir\u00e3o contribuir para a presen\u00e7a de um ambiente realmente organizado.<\/p>\n\n\n\n<p><strong>5. ESCONDER A BAGUN\u00c7A<\/strong><strong><\/strong><\/p>\n\n\n\n<p>Quem adora ter gavetas, caixas organizadoras, cestos, nichos e outros &#8220;esconderijos&#8221; para aquelas miudezas que se acumulam pela casa, sabe do que esse item trata \u2013 a bagun\u00e7a ainda existe, apesar de camuflada.<\/p>\n\n\n\n<figure class=\"wp-block-image size-large\"><img loading=\"lazy\" width=\"648\" height=\"365\" src=\"http:\/\/www.proma.com.br\/blog\/wp-content\/uploads\/2022\/12\/01-1.jpg\" alt=\"\" class=\"wp-image-8200\" srcset=\"http:\/\/www.proma.com.br\/blog\/wp-content\/uploads\/2022\/12\/01-1.jpg 648w, http:\/\/www.proma.com.br\/blog\/wp-content\/uploads\/2022\/12\/01-1-500x282.jpg 500w\" sizes=\"(max-width: 648px) 100vw, 648px\" \/><\/figure>\n\n\n\n<p><strong>AFINAL, O QUE \u00c9 O ATO DE ORGANIZAR ENT\u00c3O?<\/strong><strong><\/strong><\/p>\n\n\n\n<p>A personal organizer defende que a organiza\u00e7\u00e3o est\u00e1 relacionada com o colocar seus pertences em ordem. Por isso, atitudes como escolher o qu\u00ea manter, decidir o melhor local para guardar e a melhor forma de armazenar s\u00e3o classificadas como organiza\u00e7\u00e3o.<\/p>\n\n\n\n<p>Al\u00e9m disso, fazer triagem e conhecer o que voc\u00ea tem, ajustar os locais de acordo com seus h\u00e1bitos de uso, al\u00e9m de armazenar para que voc\u00ea consiga visualizar tudo o que voc\u00ea decidiu guardar, tamb\u00e9m s\u00e3o atitudes de organiza\u00e7\u00e3o.<\/p>\n\n\n\n<p>Nesse sentido, a especialista refor\u00e7a a import\u00e2ncia da arruma\u00e7\u00e3o. Isso porque, quando tudo est\u00e1 organizado, as tarefas \u2014 que s\u00e3o confundidas com o organizar a casa \u2014 ficam mais f\u00e1ceis de serem feitas.<\/p>\n\n\n\n<p>&#8220;A sua casa \u00e9 a extens\u00e3o do seu corpo. \u00c9 o seu porto seguro, seu abrigo. \u00c9 onde voc\u00ea repousa, sua mente relaxa e muitas experi\u00eancias s\u00e3o constru\u00eddas. Assim como devemos cuidar do nosso corpo como nosso templo, devemos cuidar da nossa casa como parte de n\u00f3s&#8221;, finaliza a personal organizer.<\/p>\n\n\n\n<p>E a\u00ed: o seu lar est\u00e1 de fato organizado?<\/p>\n\n\n\n<p><strong>Fonte: <\/strong>Terra<\/p>\n\n\n\n<p><strong>________<\/strong><strong><\/strong><\/p>\n\n\n\n<p><strong>LEIA TAMB\u00c9M:<\/strong><strong><\/strong><\/p>\n\n\n\n<p><strong>COMO ORGANIZAR OS ALIMENTOS NA GELADEIRA PARA MELHORAR A CONVERSA\u00c7\u00c3O? CLIQUE AQUI E SAIBA MAIS.<\/strong><\/p>\n\n\n\n<figure class=\"wp-block-embed is-type-wp-embed is-provider-proma wp-block-embed-proma\"><div class=\"wp-block-embed__wrapper\">\n<blockquote class=\"wp-embedded-content\" data-secret=\"3YDo5AAfEM\"><a href=\"http:\/\/www.proma.com.br\/blog\/como-organizar-os-alimentos-na-geladeira-para-melhorar-a-conversacao\/\">COMO ORGANIZAR OS ALIMENTOS NA GELADEIRA PARA MELHORAR A CONVERSA\u00c7\u00c3O?<\/a><\/blockquote><iframe class=\"wp-embedded-content\" sandbox=\"allow-scripts\" security=\"restricted\" style=\"position: absolute; clip: rect(1px, 1px, 1px, 1px);\" title=\"&#8220;COMO ORGANIZAR OS ALIMENTOS NA GELADEIRA PARA MELHORAR A CONVERSA\u00c7\u00c3O?&#8221; &#8212; Proma\" src=\"http:\/\/www.proma.com.br\/blog\/como-organizar-os-alimentos-na-geladeira-para-melhorar-a-conversacao\/embed\/#?secret=3YDo5AAfEM\" data-secret=\"3YDo5AAfEM\" width=\"584\" height=\"329\" frameborder=\"0\" marginwidth=\"0\" marginheight=\"0\" scrolling=\"no\"><\/iframe>\n<\/div><\/figure>\n\n\n\n<p><strong>PRATICIDADE NO DIA A DIA: COMO ORGANIZAR OS ARM\u00c1RIOS DA COZINHA? CLIQUE AQUI E SAIBA MAIS.<\/strong><strong><\/strong><\/p>\n\n\n\n<figure class=\"wp-block-embed is-type-wp-embed is-provider-proma wp-block-embed-proma\"><div class=\"wp-block-embed__wrapper\">\n<blockquote class=\"wp-embedded-content\" data-secret=\"iTm4JFCSR8\"><a href=\"http:\/\/www.proma.com.br\/blog\/praticidade-no-dia-a-dia-como-organizar-os-armarios-da-cozinha\/\">PRATICIDADE NO DIA A DIA: COMO ORGANIZAR OS ARM\u00c1RIOS DA COZINHA?<\/a><\/blockquote><iframe class=\"wp-embedded-content\" sandbox=\"allow-scripts\" security=\"restricted\" style=\"position: absolute; clip: rect(1px, 1px, 1px, 1px);\" title=\"&#8220;PRATICIDADE NO DIA A DIA: COMO ORGANIZAR OS ARM\u00c1RIOS DA COZINHA?&#8221; &#8212; Proma\" src=\"http:\/\/www.proma.com.br\/blog\/praticidade-no-dia-a-dia-como-organizar-os-armarios-da-cozinha\/embed\/#?secret=iTm4JFCSR8\" data-secret=\"iTm4JFCSR8\" width=\"584\" height=\"329\" frameborder=\"0\" marginwidth=\"0\" marginheight=\"0\" scrolling=\"no\"><\/iframe>\n<\/div><\/figure>\n\n\n\n<p><\/p>\n","protected":false},"excerpt":{"rendered":"<p>Ser\u00e1 que voc\u00ea \u00e9 uma pessoa organizada? Mais do que isso: ser\u00e1 que o seu lar est\u00e1 de fato organizado? Para entender melhor o que cada tarefa de casa significa, sem confundi-las com a organiza\u00e7\u00e3o, a personal organizer e especialista&hellip;<\/p>\n","protected":false},"author":3,"featured_media":8200,"comment_status":"open","ping_status":"closed","sticky":false,"template":"","format":"standard","meta":[],"categories":[2927,2879,1146],"tags":[],"_links":{"self":[{"href":"http:\/\/www.proma.com.br\/blog\/wp-json\/wp\/v2\/posts\/8199"}],"collection":[{"href":"http:\/\/www.proma.com.br\/blog\/wp-json\/wp\/v2\/posts"}],"about":[{"href":"http:\/\/www.proma.com.br\/blog\/wp-json\/wp\/v2\/types\/post"}],"author":[{"embeddable":true,"href":"http:\/\/www.proma.com.br\/blog\/wp-json\/wp\/v2\/users\/3"}],"replies":[{"embeddable":true,"href":"http:\/\/www.proma.com.br\/blog\/wp-json\/wp\/v2\/comments?post=8199"}],"version-history":[{"count":1,"href":"http:\/\/www.proma.com.br\/blog\/wp-json\/wp\/v2\/posts\/8199\/revisions"}],"predecessor-version":[{"id":8201,"href":"http:\/\/www.proma.com.br\/blog\/wp-json\/wp\/v2\/posts\/8199\/revisions\/8201"}],"wp:featuredmedia":[{"embeddable":true,"href":"http:\/\/www.proma.com.br\/blog\/wp-json\/wp\/v2\/media\/8200"}],"wp:attachment":[{"href":"http:\/\/www.proma.com.br\/blog\/wp-json\/wp\/v2\/media?parent=8199"}],"wp:term":[{"taxonomy":"category","embeddable":true,"href":"http:\/\/www.proma.com.br\/blog\/wp-json\/wp\/v2\/categories?post=8199"},{"taxonomy":"post_tag","embeddable":true,"href":"http:\/\/www.proma.com.br\/blog\/wp-json\/wp\/v2\/tags?post=8199"}],"curies":[{"name":"wp","href":"https:\/\/api.w.org\/{rel}","templated":true}]}}