{"id":8543,"date":"2024-01-24T08:43:52","date_gmt":"2024-01-24T11:43:52","guid":{"rendered":"http:\/\/www.proma.com.br\/blog\/?p=8543"},"modified":"2024-01-24T08:43:52","modified_gmt":"2024-01-24T11:43:52","slug":"construtora-proma-e-aninha-mais-um-ano-de-parceria-para-renovar-sonhos-e-superar-limites-no-surf-e-skateboard","status":"publish","type":"post","link":"http:\/\/www.proma.com.br\/blog\/construtora-proma-e-aninha-mais-um-ano-de-parceria-para-renovar-sonhos-e-superar-limites-no-surf-e-skateboard\/","title":{"rendered":"CONSTRUTORA PROMA E ANINHA: MAIS UM ANO DE PARCERIA PARA RENOVAR SONHOS E SUPERAR LIMITES NO SURF E SKATEBOARD"},"content":{"rendered":"\n<p><strong>\u00c9 preciso sentir alegria. E orgulho!<\/strong><\/p>\n\n\n\n<p>A Proma renovou o patroc\u00ednio com a talentosa <strong>Aninha<\/strong>, jaraguaense de 12 anos que \u00e9 uma verdadeira fera no surf e no skateboard. \u201cA Aninha continua nos representando com sua habilidade e dedica\u00e7\u00e3o. Estamos confiantes de que 2024 ser\u00e1 um ano repleto de evolu\u00e7\u00f5es e conquistas\u201d, afirma Paulo Obenaus, diretor da construtora.<\/p>\n\n\n\n<p>Aninha tem se destacado no surf e no skateboard, mostrando n\u00e3o apenas talento, mas uma paix\u00e3o inabal\u00e1vel pelos esportes. \u201cSua habilidade e comprometimento s\u00e3o fontes de inspira\u00e7\u00e3o para todos n\u00f3s\u201d, destaca Carol Obenaus, arquiteta da Proma.<\/p>\n\n\n\n<figure class=\"wp-block-image size-large\"><img loading=\"lazy\" width=\"1024\" height=\"1119\" src=\"https:\/\/www.proma.com.br\/blog\/wp-content\/uploads\/2024\/01\/aninha_imagem_1-1024x1119.png\" alt=\"\" class=\"wp-image-8546\" srcset=\"http:\/\/www.proma.com.br\/blog\/wp-content\/uploads\/2024\/01\/aninha_imagem_1-1024x1119.png 1024w, http:\/\/www.proma.com.br\/blog\/wp-content\/uploads\/2024\/01\/aninha_imagem_1-960x1049.png 960w, http:\/\/www.proma.com.br\/blog\/wp-content\/uploads\/2024\/01\/aninha_imagem_1-768x839.png 768w, http:\/\/www.proma.com.br\/blog\/wp-content\/uploads\/2024\/01\/aninha_imagem_1-1405x1536.png 1405w, http:\/\/www.proma.com.br\/blog\/wp-content\/uploads\/2024\/01\/aninha_imagem_1-1874x2048.png 1874w, http:\/\/www.proma.com.br\/blog\/wp-content\/uploads\/2024\/01\/aninha_imagem_1-274x300.png 274w\" sizes=\"(max-width: 1024px) 100vw, 1024px\" \/><\/figure>\n\n\n\n<p><strong>A Proma acredita no apoio \u00e0 inf\u00e2ncia, ao esporte e aos sonhos.<\/strong> A jornada da Aninha reflete a nossa miss\u00e3o de nutrir e desenvolver talentos, incentivando-os a alcan\u00e7ar seu m\u00e1ximo potencial.<\/p>\n\n\n\n<p>Para 2024, Aninha est\u00e1 focada na modalidade <strong>Skate Parking<\/strong>, com o sonho de competir nos Jogos Ol\u00edmpicos de 2028, em Los Angeles. Inspirada pela trajet\u00f3ria incr\u00edvel de atletas como a Fadinha, ela est\u00e1 determinada a trabalhar incansavelmente para conquistar uma vaga na Sele\u00e7\u00e3o Ol\u00edmpica.<\/p>\n\n\n\n<p>No surf, Aninha encontra inspira\u00e7\u00e3o em \u00edcones como Tati, Medina e \u00cdtalo. Enquanto planeja suas conquistas a m\u00e9dio e longo prazo, se dedica a aprimorar suas habilidades para fazer parte, em algum momento, do legado de grandes surfistas.<\/p>\n\n\n\n<p>Acompanhe. Tor\u00e7a. Mande boas energias! N\u00f3s estamos na torcida para que a Aninha avance em dire\u00e7\u00e3o aos seus sonhos ol\u00edmpicos \u2013 e al\u00e9m!<\/p>\n\n\n\n<figure class=\"wp-block-image size-large\"><img loading=\"lazy\" width=\"1024\" height=\"1365\" src=\"https:\/\/www.proma.com.br\/blog\/wp-content\/uploads\/2024\/01\/IMG_0743-1024x1365.png\" alt=\"\" class=\"wp-image-8547\" srcset=\"http:\/\/www.proma.com.br\/blog\/wp-content\/uploads\/2024\/01\/IMG_0743-1024x1365.png 1024w, http:\/\/www.proma.com.br\/blog\/wp-content\/uploads\/2024\/01\/IMG_0743-960x1280.png 960w, http:\/\/www.proma.com.br\/blog\/wp-content\/uploads\/2024\/01\/IMG_0743-768x1024.png 768w, http:\/\/www.proma.com.br\/blog\/wp-content\/uploads\/2024\/01\/IMG_0743-1152x1536.png 1152w, http:\/\/www.proma.com.br\/blog\/wp-content\/uploads\/2024\/01\/IMG_0743-1536x2048.png 1536w, http:\/\/www.proma.com.br\/blog\/wp-content\/uploads\/2024\/01\/IMG_0743-225x300.png 225w\" sizes=\"(max-width: 1024px) 100vw, 1024px\" \/><\/figure>\n\n\n\n<p><\/p>\n","protected":false},"excerpt":{"rendered":"<p>\u00c9 preciso sentir alegria. E orgulho! A Proma renovou o patroc\u00ednio com a talentosa Aninha, jaraguaense de 12 anos que \u00e9 uma verdadeira fera no surf e no skateboard. \u201cA Aninha continua nos representando com sua habilidade e dedica\u00e7\u00e3o. Estamos&hellip;<\/p>\n","protected":false},"author":3,"featured_media":8544,"comment_status":"open","ping_status":"closed","sticky":false,"template":"","format":"standard","meta":[],"categories":[3],"tags":[3635,3630,3769,3761,3762,3781,2223,3778,3777,3773,3767,3774,3771,3770,3776,3772,3782,3766,3779,3775,3783,902,2321,1016,3768,3764,3020,3784,3763,3765,2371,3780],"_links":{"self":[{"href":"http:\/\/www.proma.com.br\/blog\/wp-json\/wp\/v2\/posts\/8543"}],"collection":[{"href":"http:\/\/www.proma.com.br\/blog\/wp-json\/wp\/v2\/posts"}],"about":[{"href":"http:\/\/www.proma.com.br\/blog\/wp-json\/wp\/v2\/types\/post"}],"author":[{"embeddable":true,"href":"http:\/\/www.proma.com.br\/blog\/wp-json\/wp\/v2\/users\/3"}],"replies":[{"embeddable":true,"href":"http:\/\/www.proma.com.br\/blog\/wp-json\/wp\/v2\/comments?post=8543"}],"version-history":[{"count":1,"href":"http:\/\/www.proma.com.br\/blog\/wp-json\/wp\/v2\/posts\/8543\/revisions"}],"predecessor-version":[{"id":8548,"href":"http:\/\/www.proma.com.br\/blog\/wp-json\/wp\/v2\/posts\/8543\/revisions\/8548"}],"wp:featuredmedia":[{"embeddable":true,"href":"http:\/\/www.proma.com.br\/blog\/wp-json\/wp\/v2\/media\/8544"}],"wp:attachment":[{"href":"http:\/\/www.proma.com.br\/blog\/wp-json\/wp\/v2\/media?parent=8543"}],"wp:term":[{"taxonomy":"category","embeddable":true,"href":"http:\/\/www.proma.com.br\/blog\/wp-json\/wp\/v2\/categories?post=8543"},{"taxonomy":"post_tag","embeddable":true,"href":"http:\/\/www.proma.com.br\/blog\/wp-json\/wp\/v2\/tags?post=8543"}],"curies":[{"name":"wp","href":"https:\/\/api.w.org\/{rel}","templated":true}]}}