{"id":8550,"date":"2024-02-02T09:04:43","date_gmt":"2024-02-02T12:04:43","guid":{"rendered":"http:\/\/www.proma.com.br\/blog\/?p=8550"},"modified":"2024-04-30T09:46:42","modified_gmt":"2024-04-30T12:46:42","slug":"proma-adere-ao-programa-adote-o-verde","status":"publish","type":"post","link":"http:\/\/www.proma.com.br\/blog\/proma-adere-ao-programa-adote-o-verde\/","title":{"rendered":"PROMA ADERE AO PROGRAMA ADOTE O VERDE"},"content":{"rendered":"\n<p>Na \u00faltima ter\u00e7a-feira, 31, a Proma uniu-se a um grupo seleto de empresas no compromisso com a sustentabilidade e a beleza de Jaragu\u00e1 do Sul. \u201cO Programa Adote o Verde simboliza n\u00e3o apenas nosso compromisso ambiental, mas tamb\u00e9m nosso amor pela cidade que chamamos de lar\u201d, enfatiza Paulo Obenaus, diretor da construtora.<\/p>\n\n\n\n<p>A Proma orgulha-se de ser uma das oito empresas a assumir a responsabilidade pelo ajardinamento e manuten\u00e7\u00e3o de espa\u00e7os p\u00fablicos em Jaragu\u00e1 do Sul.<\/p>\n\n\n\n<p>O programa permite que institui\u00e7\u00f5es e indiv\u00edduos contribuam ativamente com o embelezamento de canteiros, pra\u00e7as, rotat\u00f3rias e trevos, fortalecendo o v\u00ednculo entre a comunidade e o ambiente.<\/p>\n\n\n\n<figure class=\"wp-block-image size-large\"><img loading=\"lazy\" width=\"1024\" height=\"682\" src=\"https:\/\/www.proma.com.br\/blog\/wp-content\/uploads\/2024\/02\/3a46c4b5-e31b-4d53-8e19-bc0fb0784044-1024x682.jpg\" alt=\"\" class=\"wp-image-8552\" srcset=\"http:\/\/www.proma.com.br\/blog\/wp-content\/uploads\/2024\/02\/3a46c4b5-e31b-4d53-8e19-bc0fb0784044-1024x682.jpg 1024w, http:\/\/www.proma.com.br\/blog\/wp-content\/uploads\/2024\/02\/3a46c4b5-e31b-4d53-8e19-bc0fb0784044-960x639.jpg 960w, http:\/\/www.proma.com.br\/blog\/wp-content\/uploads\/2024\/02\/3a46c4b5-e31b-4d53-8e19-bc0fb0784044-768x511.jpg 768w, http:\/\/www.proma.com.br\/blog\/wp-content\/uploads\/2024\/02\/3a46c4b5-e31b-4d53-8e19-bc0fb0784044-451x300.jpg 451w, http:\/\/www.proma.com.br\/blog\/wp-content\/uploads\/2024\/02\/3a46c4b5-e31b-4d53-8e19-bc0fb0784044.jpg 1280w\" sizes=\"(max-width: 1024px) 100vw, 1024px\" \/><\/figure>\n\n\n\n<p><\/p>\n\n\n\n<p>O ato de ades\u00e3o contou com a presen\u00e7a do chefe de gabinete do prefeito Jair Franzner, Jo\u00e3o Berti, e do presidente da Funda\u00e7\u00e3o Jaraguaense de Meio Ambiente (Fujama), Ivo Schimitt.<\/p>\n\n\n\n<p>Elogios e agradecimentos foram direcionados \u00e0s empresas participantes \u2014 indiscutivelmente, essas a\u00e7\u00f5es contribuem significativamente para a organiza\u00e7\u00e3o da cidade.<\/p>\n\n\n\n<p>Para a Proma, participar do Programa Adote o Verde vai al\u00e9m do ajardinamento e manuten\u00e7\u00e3o dos espa\u00e7os p\u00fablicos. \u201c\u00c9 uma manifesta\u00e7\u00e3o do nosso compromisso duradouro com a sustentabilidade, com a qualidade de vida e com o desenvolvimento comunit\u00e1rio. Estamos entusiasmados em contribuir para que Jaragu\u00e1 do Sul continue sendo um exemplo de cidade bela, organizada e sustent\u00e1vel\u201d, afirma Obenaus.<\/p>\n\n\n\n<figure class=\"wp-block-image size-large\"><img loading=\"lazy\" width=\"960\" height=\"1280\" src=\"https:\/\/www.proma.com.br\/blog\/wp-content\/uploads\/2024\/02\/b2e0ca8d-c2f0-4176-a7f7-69e72bbe15e0.jpg\" alt=\"\" class=\"wp-image-8555\" srcset=\"http:\/\/www.proma.com.br\/blog\/wp-content\/uploads\/2024\/02\/b2e0ca8d-c2f0-4176-a7f7-69e72bbe15e0.jpg 960w, http:\/\/www.proma.com.br\/blog\/wp-content\/uploads\/2024\/02\/b2e0ca8d-c2f0-4176-a7f7-69e72bbe15e0-768x1024.jpg 768w, http:\/\/www.proma.com.br\/blog\/wp-content\/uploads\/2024\/02\/b2e0ca8d-c2f0-4176-a7f7-69e72bbe15e0-225x300.jpg 225w\" sizes=\"(max-width: 960px) 100vw, 960px\" \/><\/figure>\n\n\n\n<p>Este \u00e9 apenas um dos muitos passos que a Proma d\u00e1 em sua intensa e constante jornada de responsabilidade social e ambiental. \u201cJuntos, podemos tornar Jaragu\u00e1 do Sul ainda mais verde e vibrante para as gera\u00e7\u00f5es presentes e futuras\u201d, finaliza Obenaus.<\/p>\n","protected":false},"excerpt":{"rendered":"<p>Na \u00faltima ter\u00e7a-feira, 31, a Proma uniu-se a um grupo seleto de empresas no compromisso com a sustentabilidade e a beleza de Jaragu\u00e1 do Sul. \u201cO Programa Adote o Verde simboliza n\u00e3o apenas nosso compromisso ambiental, mas tamb\u00e9m nosso amor&hellip;<\/p>\n","protected":false},"author":3,"featured_media":8551,"comment_status":"open","ping_status":"closed","sticky":false,"template":"","format":"standard","meta":[],"categories":[3,6],"tags":[3785,2283,91,3787,2844,2759,3392,3192,3193,2300,3190,585,586,3597,3788,1965,902,903,2760,904,2330,3222],"_links":{"self":[{"href":"http:\/\/www.proma.com.br\/blog\/wp-json\/wp\/v2\/posts\/8550"}],"collection":[{"href":"http:\/\/www.proma.com.br\/blog\/wp-json\/wp\/v2\/posts"}],"about":[{"href":"http:\/\/www.proma.com.br\/blog\/wp-json\/wp\/v2\/types\/post"}],"author":[{"embeddable":true,"href":"http:\/\/www.proma.com.br\/blog\/wp-json\/wp\/v2\/users\/3"}],"replies":[{"embeddable":true,"href":"http:\/\/www.proma.com.br\/blog\/wp-json\/wp\/v2\/comments?post=8550"}],"version-history":[{"count":2,"href":"http:\/\/www.proma.com.br\/blog\/wp-json\/wp\/v2\/posts\/8550\/revisions"}],"predecessor-version":[{"id":8558,"href":"http:\/\/www.proma.com.br\/blog\/wp-json\/wp\/v2\/posts\/8550\/revisions\/8558"}],"wp:featuredmedia":[{"embeddable":true,"href":"http:\/\/www.proma.com.br\/blog\/wp-json\/wp\/v2\/media\/8551"}],"wp:attachment":[{"href":"http:\/\/www.proma.com.br\/blog\/wp-json\/wp\/v2\/media?parent=8550"}],"wp:term":[{"taxonomy":"category","embeddable":true,"href":"http:\/\/www.proma.com.br\/blog\/wp-json\/wp\/v2\/categories?post=8550"},{"taxonomy":"post_tag","embeddable":true,"href":"http:\/\/www.proma.com.br\/blog\/wp-json\/wp\/v2\/tags?post=8550"}],"curies":[{"name":"wp","href":"https:\/\/api.w.org\/{rel}","templated":true}]}}