{"id":8622,"date":"2024-06-18T08:34:00","date_gmt":"2024-06-18T11:34:00","guid":{"rendered":"http:\/\/www.proma.com.br\/blog\/?p=8622"},"modified":"2024-05-27T08:41:05","modified_gmt":"2024-05-27T11:41:05","slug":"5-dicas-indispensaveis-para-uma-reforma-mais-sustentavel","status":"publish","type":"post","link":"http:\/\/www.proma.com.br\/blog\/5-dicas-indispensaveis-para-uma-reforma-mais-sustentavel\/","title":{"rendered":"5 DICAS INDISPENS\u00c1VEIS PARA UMA REFORMA MAIS SUSTENT\u00c1VEL"},"content":{"rendered":"\n<p><strong>5 dicas indispens\u00e1veis para uma reforma mais sustent\u00e1vel<\/strong><\/p>\n\n\n\n<figure class=\"wp-block-image size-large\"><img loading=\"lazy\" width=\"724\" height=\"483\" src=\"https:\/\/www.proma.com.br\/blog\/wp-content\/uploads\/2024\/05\/mulher-pintando-uma-parede-branca-de-azul.jpg\" alt=\"\" class=\"wp-image-8623\" srcset=\"http:\/\/www.proma.com.br\/blog\/wp-content\/uploads\/2024\/05\/mulher-pintando-uma-parede-branca-de-azul.jpg 724w, http:\/\/www.proma.com.br\/blog\/wp-content\/uploads\/2024\/05\/mulher-pintando-uma-parede-branca-de-azul-450x300.jpg 450w\" sizes=\"(max-width: 724px) 100vw, 724px\" \/><\/figure>\n\n\n\n<p><strong>\u2022 1. Pintura<\/strong><\/p>\n\n\n\n<p>A pintura \u00e9 uma etapa fundamental para renovar ambientes e, hoje, existem algumas op\u00e7\u00f5es mais amig\u00e1veis para isso.<\/p>\n\n\n\n<p>As tintas ecol\u00f3gicas, por exemplo, s\u00e3o produzidas a partir de produtos naturais que n\u00e3o emitem compostos t\u00f3xicos. A formula\u00e7\u00e3o costuma apresentar 80% de mat\u00e9rias-primas renov\u00e1veis e a produ\u00e7\u00e3o envolve menos \u00e1gua.<\/p>\n\n\n\n<p>Outra op\u00e7\u00e3o sustent\u00e1vel \u00e9 a <strong>pintura com cal.<\/strong> A t\u00e9cnica milenar surgiu na Gr\u00e9cia e chegou ao Brasil com os portugueses, que revestiram as constru\u00e7\u00f5es de pau a pique com o material para proteg\u00ea-las das intemp\u00e9ries. O processo \u00e9 livre de COVs (compostos org\u00e2nicos vol\u00e1teis), subst\u00e2ncias t\u00f3xicas presentes nos produtos industrializados.<\/p>\n\n\n\n<p><strong>\u2022 2. Constru\u00e7\u00e3o a seco<\/strong><\/p>\n\n\n\n<p>O drywall j\u00e1 \u00e9 uma solu\u00e7\u00e3o muito comum para fechamento de v\u00e3os e constru\u00e7\u00e3o de paredes em reformas.<\/p>\n\n\n\n<p>Normalmente, grandes placas de madeira ou de gesso s\u00e3o revestidas por l\u00e2minas de papel cart\u00e3o, o que otimiza o tempo de obra e representa uma consider\u00e1vel economia no or\u00e7amento.<\/p>\n\n\n\n<p>\u201cA versatilidade dos materiais usados na constru\u00e7\u00e3o a seco traz mais sustentabilidade \u00e0 constru\u00e7\u00e3o civil, j\u00e1 que os materiais envolvidos s\u00e3o 100% recicl\u00e1veis e permitem personaliza\u00e7\u00e3o ap\u00f3s a finaliza\u00e7\u00e3o\u201d, afirma a engenheira civil Iza Valad\u00e3o, com Ph.D. em Materiais e Sustentabilidade.<\/p>\n\n\n\n<p>Al\u00e9m disso, os materiais envolvidos usam o m\u00ednimo de recursos naturais e geram poucos res\u00edduos, dentro e fora do canteiro.<\/p>\n\n\n\n<figure class=\"wp-block-image size-large\"><img loading=\"lazy\" width=\"1024\" height=\"576\" src=\"https:\/\/www.proma.com.br\/blog\/wp-content\/uploads\/2024\/05\/Prn-01-BAIXA-1024x576.jpg\" alt=\"\" class=\"wp-image-8624\" srcset=\"http:\/\/www.proma.com.br\/blog\/wp-content\/uploads\/2024\/05\/Prn-01-BAIXA-1024x576.jpg 1024w, http:\/\/www.proma.com.br\/blog\/wp-content\/uploads\/2024\/05\/Prn-01-BAIXA-960x540.jpg 960w, http:\/\/www.proma.com.br\/blog\/wp-content\/uploads\/2024\/05\/Prn-01-BAIXA-768x432.jpg 768w, http:\/\/www.proma.com.br\/blog\/wp-content\/uploads\/2024\/05\/Prn-01-BAIXA-1536x863.jpg 1536w, http:\/\/www.proma.com.br\/blog\/wp-content\/uploads\/2024\/05\/Prn-01-BAIXA-500x281.jpg 500w, http:\/\/www.proma.com.br\/blog\/wp-content\/uploads\/2024\/05\/Prn-01-BAIXA.jpg 1779w\" sizes=\"(max-width: 1024px) 100vw, 1024px\" \/><\/figure>\n\n\n\n<p><strong>\u2022 3. Revestimentos<\/strong><\/p>\n\n\n\n<p>Outro passo importante para reduzir o impacto ambiental na reforma \u00e9 escolher revestimentos minimamente sustent\u00e1veis e, de prefer\u00eancia, que possam ser reaproveitados em futuros projetos.<\/p>\n\n\n\n<p>Se for poss\u00edvel aplic\u00e1-lo sobre o piso existente, como muitos vin\u00edlicos, melhor ainda.<\/p>\n\n\n\n<p>\u201cA ind\u00fastria nacional est\u00e1 investindo pesado na sustentabilidade para criar produtos que aliem qualidade, design e sustentabilidade e o que n\u00e3o faltam s\u00e3o op\u00e7\u00f5es atrativas\u201d, afirma o especialista em revestimentos, Franklin Delgado.<\/p>\n\n\n\n<p>Se optar pelo piso de madeira, verifique sua proced\u00eancia atrav\u00e9s do Documento de Origem Florestal (DOF), emitido pelo Ibama.<\/p>\n\n\n\n<p>O descarte de revestimentos tamb\u00e9m \u00e9 um grande problema na constru\u00e7\u00e3o civil, de forma que a log\u00edstica reversa tamb\u00e9m se faz necess\u00e1ria para garantir uma economia circular.<\/p>\n\n\n\n<figure class=\"wp-block-image size-large\"><img loading=\"lazy\" width=\"1000\" height=\"563\" src=\"https:\/\/www.proma.com.br\/blog\/wp-content\/uploads\/2024\/05\/1000_F_433449645_QHusbmGlxL6GdJZCOLJFs6jgJUTlU0Ql.jpg\" alt=\"\" class=\"wp-image-8625\" srcset=\"http:\/\/www.proma.com.br\/blog\/wp-content\/uploads\/2024\/05\/1000_F_433449645_QHusbmGlxL6GdJZCOLJFs6jgJUTlU0Ql.jpg 1000w, http:\/\/www.proma.com.br\/blog\/wp-content\/uploads\/2024\/05\/1000_F_433449645_QHusbmGlxL6GdJZCOLJFs6jgJUTlU0Ql-960x540.jpg 960w, http:\/\/www.proma.com.br\/blog\/wp-content\/uploads\/2024\/05\/1000_F_433449645_QHusbmGlxL6GdJZCOLJFs6jgJUTlU0Ql-768x432.jpg 768w, http:\/\/www.proma.com.br\/blog\/wp-content\/uploads\/2024\/05\/1000_F_433449645_QHusbmGlxL6GdJZCOLJFs6jgJUTlU0Ql-500x282.jpg 500w\" sizes=\"(max-width: 1000px) 100vw, 1000px\" \/><\/figure>\n\n\n\n<p><strong>\u2022 4. Energia renov\u00e1vel<\/strong><\/p>\n\n\n\n<p>Aderir a fontes renov\u00e1veis de energia \u00e9 uma das formas mais importantes para diminuir os impactos ambientais futuros durante a sua reforma. \u201cEssas fontes s\u00e3o consideradas limpas, pois n\u00e3o emitem, durante a gera\u00e7\u00e3o de energia, gases poluentes para a atmosfera, que contribuem para o aumento do efeito estufa\u201d, comenta Iza.<\/p>\n\n\n\n<p>Na reforma de casas, considere as condi\u00e7\u00f5es clim\u00e1ticas e geogr\u00e1ficas antes de optar por uma ou outra fonte de energia.<\/p>\n\n\n\n<p>\u00c1reas com muita incid\u00eancia de sol s\u00e3o mais vi\u00e1veis para a energia solar, enquanto em regi\u00f5es com ventos fortes, a e\u00f3lica pode ser mais adequada.<\/p>\n\n\n\n<p>Em apartamentos, pode ser necess\u00e1rio recorrer a uma solu\u00e7\u00e3o compartilhada, como as placas solares instaladas em \u00e1reas comuns.<\/p>\n\n\n\n<p>&#8220;Em todos os casos, \u00e9 importante verificar as regulamenta\u00e7\u00f5es locais para instala\u00e7\u00e3o de sistemas de energia renov\u00e1vel em condom\u00ednios e apartamentos, bem como as normas de seguran\u00e7a para instala\u00e7\u00e3o e manuten\u00e7\u00e3o dos sistemas&#8221;, afirma a engenheira civil.<\/p>\n\n\n\n<p>Al\u00e9m de usar energia renov\u00e1vel, existem outras formas mais simples para tornar seu lar mais sustent\u00e1vel. \u201cQuando o assunto \u00e9 ilumina\u00e7\u00e3o, o caminho passa pela ado\u00e7\u00e3o do LED, que \u00e9 mais eficiente e tem uma vida \u00fatil mais longa, e pelo maior aproveitamento da luz natural. Isso pode envolver a instala\u00e7\u00e3o de novas janelas ou a remo\u00e7\u00e3o de barreiras que bloqueiam a luz\u201d, diz Franklin.<\/p>\n\n\n\n<p><strong>\u2022 5. Ressignifica\u00e7\u00e3o<\/strong><\/p>\n\n\n\n<p>Por vezes, quebrar paredes, trocar portas ou esquadrias \u00e9 algo inevit\u00e1vel na reforma. Contudo, m\u00f3veis e eletrodom\u00e9sticos n\u00e3o precisam parar na ca\u00e7amba. \u201cVoc\u00ea pode dar nova fun\u00e7\u00e3o a uma pe\u00e7a mudando a sua cor e o seu uso. Uma penteadeira, por exemplo, pode sair do quarto, ganhar uma camada de tinta e virar um aparador ou bar para uma sala de jantar ou um espa\u00e7o para caf\u00e9 no escrit\u00f3rio, por exemplo\u201d, comenta a decoradora Renata Gomes.<\/p>\n\n\n\n<p>Caso opte por substituir um eletrodom\u00e9stico, certifique-se de que ele tenha o destino correto. O projeto Descarte Ecol\u00f3gico, da Brastemp, oferece a coleta de eletrodom\u00e9sticos que n\u00e3o tem mais utilidade no local escolhido pelo consumidor e d\u00e1 um destino correto ao produto.<\/p>\n\n\n\n<p>Atrav\u00e9s do Eco Troca1, a Samsung oferece ao consumidor a possibilidade de trocar seu equipamento \u2013 de qualquer marca e em qualquer condi\u00e7\u00e3o \u2013 por um cupom de desconto na compra de um novo produto.<\/p>\n\n\n\n<p><strong>Um pouco de cada um \u00e9 muito para o planeta. Concorda?<\/strong><\/p>\n\n\n\n<p>\u2014\u2014<\/p>\n\n\n\n<p>Fonte: Casa e Jardim<\/p>\n","protected":false},"excerpt":{"rendered":"<p>5 dicas indispens\u00e1veis para uma reforma mais sustent\u00e1vel \u2022 1. Pintura A pintura \u00e9 uma etapa fundamental para renovar ambientes e, hoje, existem algumas op\u00e7\u00f5es mais amig\u00e1veis para isso. As tintas ecol\u00f3gicas, por exemplo, s\u00e3o produzidas a partir de produtos&hellip;<\/p>\n","protected":false},"author":3,"featured_media":8624,"comment_status":"open","ping_status":"closed","sticky":false,"template":"","format":"standard","meta":[],"categories":[1,2927,5],"tags":[3874,371,2336,390,3875,2312,3877,2012,3876,3591,1035],"_links":{"self":[{"href":"http:\/\/www.proma.com.br\/blog\/wp-json\/wp\/v2\/posts\/8622"}],"collection":[{"href":"http:\/\/www.proma.com.br\/blog\/wp-json\/wp\/v2\/posts"}],"about":[{"href":"http:\/\/www.proma.com.br\/blog\/wp-json\/wp\/v2\/types\/post"}],"author":[{"embeddable":true,"href":"http:\/\/www.proma.com.br\/blog\/wp-json\/wp\/v2\/users\/3"}],"replies":[{"embeddable":true,"href":"http:\/\/www.proma.com.br\/blog\/wp-json\/wp\/v2\/comments?post=8622"}],"version-history":[{"count":2,"href":"http:\/\/www.proma.com.br\/blog\/wp-json\/wp\/v2\/posts\/8622\/revisions"}],"predecessor-version":[{"id":8627,"href":"http:\/\/www.proma.com.br\/blog\/wp-json\/wp\/v2\/posts\/8622\/revisions\/8627"}],"wp:featuredmedia":[{"embeddable":true,"href":"http:\/\/www.proma.com.br\/blog\/wp-json\/wp\/v2\/media\/8624"}],"wp:attachment":[{"href":"http:\/\/www.proma.com.br\/blog\/wp-json\/wp\/v2\/media?parent=8622"}],"wp:term":[{"taxonomy":"category","embeddable":true,"href":"http:\/\/www.proma.com.br\/blog\/wp-json\/wp\/v2\/categories?post=8622"},{"taxonomy":"post_tag","embeddable":true,"href":"http:\/\/www.proma.com.br\/blog\/wp-json\/wp\/v2\/tags?post=8622"}],"curies":[{"name":"wp","href":"https:\/\/api.w.org\/{rel}","templated":true}]}}