{"id":104,"date":"2011-11-11T11:57:27","date_gmt":"2011-11-11T13:57:27","guid":{"rendered":"http:\/\/www.proma.com.br\/blog\/equilibrio\/?p=104"},"modified":"2011-11-11T11:57:27","modified_gmt":"2011-11-11T13:57:27","slug":"inauguracao-cond-transatlantico-torre-norte","status":"publish","type":"post","link":"https:\/\/www.proma.com.br\/blog\/inauguracao-cond-transatlantico-torre-norte\/","title":{"rendered":"Inaugura\u00e7\u00e3o do Residencial Transatl\u00e2ntico Torre Norte &#8211; Pi\u00e7arras SC."},"content":{"rendered":"<p>Na manh\u00e3 do dia 29\/10\/11 \u00e0s 10h30 aconteceu a inaugura\u00e7\u00e3o do Residencial Transatl\u00e2ntico Torre Norte na cidade de Balne\u00e1rio Pi\u00e7arras-SC. No evento estiveram presentes os propriet\u00e1rios dos apartamentos e a\u00a0 equipe da Proma.<\/p>\n<div id=\"attachment_220\" style=\"width: 660px\" class=\"wp-caption aligncenter\"><a href=\"http:\/\/www.proma.com.br\/blog\/media_equilibrio\/files\/2011\/11\/003a.jpg\"><img aria-describedby=\"caption-attachment-220\" loading=\"lazy\" class=\"size-full wp-image-220  \" src=\"http:\/\/www.proma.com.br\/blog\/media_equilibrio\/files\/2011\/11\/003a.jpg\" alt=\"\" width=\"650\" height=\"536\" \/><\/a><p id=\"caption-attachment-220\" class=\"wp-caption-text\">Residenciais Transatl\u00e2ntico: Torre Sul e Torre Norte<\/p><\/div>\n<p>&nbsp;<\/p>\n<div class=\"mceTemp mceIEcenter\" style=\"text-align: left\">\n<p>Fotos da inaugura\u00e7\u00e3o com participa\u00e7\u00e3o dos propriet\u00e1rios e da equipe Proma:<\/p>\n<dl>\n<dd><\/p>\n<\/dd>\n<\/dl>\n<\/div>\n<p>A Proma Constru\u00e7\u00f5es agradece a todos pela presen\u00e7a e confian\u00e7a no nosso trabalho. No link abaixo, veja\u00a0 a cobertura completa do evento.<br \/>\n<a href=\"http:\/\/www.proma.com.br\/empreendimentos\/transatlantico-torre-norte.html\">http:\/\/www.proma.com.br\/empreendimentos\/transatlantico-torre-norte.html<\/a><\/p>\n<p>&nbsp;<\/p>\n<p>&nbsp;<\/p>\n","protected":false},"excerpt":{"rendered":"<p>Na manh\u00e3 do dia 29\/10\/11 \u00e0s 10h30 aconteceu a inaugura\u00e7\u00e3o do Residencial Transatl\u00e2ntico Torre Norte na cidade de Balne\u00e1rio Pi\u00e7arras-SC. No evento estiveram presentes os propriet\u00e1rios dos apartamentos e a\u00a0 equipe da Proma. &nbsp; Fotos da inaugura\u00e7\u00e3o com participa\u00e7\u00e3o dos&hellip;<\/p>\n","protected":false},"author":3,"featured_media":220,"comment_status":"open","ping_status":"closed","sticky":false,"template":"","format":"standard","meta":[],"categories":[1142,1145],"tags":[566,1730,1782,830,1960],"_links":{"self":[{"href":"https:\/\/www.proma.com.br\/blog\/wp-json\/wp\/v2\/posts\/104"}],"collection":[{"href":"https:\/\/www.proma.com.br\/blog\/wp-json\/wp\/v2\/posts"}],"about":[{"href":"https:\/\/www.proma.com.br\/blog\/wp-json\/wp\/v2\/types\/post"}],"author":[{"embeddable":true,"href":"https:\/\/www.proma.com.br\/blog\/wp-json\/wp\/v2\/users\/3"}],"replies":[{"embeddable":true,"href":"https:\/\/www.proma.com.br\/blog\/wp-json\/wp\/v2\/comments?post=104"}],"version-history":[{"count":0,"href":"https:\/\/www.proma.com.br\/blog\/wp-json\/wp\/v2\/posts\/104\/revisions"}],"wp:featuredmedia":[{"embeddable":true,"href":"https:\/\/www.proma.com.br\/blog\/wp-json\/wp\/v2\/media\/220"}],"wp:attachment":[{"href":"https:\/\/www.proma.com.br\/blog\/wp-json\/wp\/v2\/media?parent=104"}],"wp:term":[{"taxonomy":"category","embeddable":true,"href":"https:\/\/www.proma.com.br\/blog\/wp-json\/wp\/v2\/categories?post=104"},{"taxonomy":"post_tag","embeddable":true,"href":"https:\/\/www.proma.com.br\/blog\/wp-json\/wp\/v2\/tags?post=104"}],"curies":[{"name":"wp","href":"https:\/\/api.w.org\/{rel}","templated":true}]}}