{"id":2042,"date":"2014-05-12T07:00:03","date_gmt":"2014-05-12T10:00:03","guid":{"rendered":"http:\/\/www.proma.com.br\/blog\/arquitetura\/?p=2042"},"modified":"2014-05-12T07:00:03","modified_gmt":"2014-05-12T10:00:03","slug":"cozinha-do-apartamento-decorado-do-milano-foi-projetada-com-poucas-divisorias","status":"publish","type":"post","link":"https:\/\/www.proma.com.br\/blog\/cozinha-do-apartamento-decorado-do-milano-foi-projetada-com-poucas-divisorias\/","title":{"rendered":"Cozinha do apartamento decorado do Milano foi projetada com poucas divis\u00f3rias"},"content":{"rendered":"<p>Os m\u00f3veis da cozinha do apartamento decorado do <a href=\"http:\/\/goo.gl\/HlPHmW\" target=\"_blank\">Milano Residenziale<\/a> foram projetados com poucas divis\u00f3rias. A laca fosca e a bancada revestida em Corian n\u00e3o poderiam ficar de fora, bem como a cuba embutida com o mesmo material.<\/p>\n<p><a href=\"http:\/\/www.proma.com.br\/blog\/arquitetura\/?attachment_id=2043\" rel=\"attachment wp-att-2043\"><img loading=\"lazy\" class=\"aligncenter size-large wp-image-2043\" title=\"Foto 08\" src=\"http:\/\/www.proma.com.br\/blog\/media_arquitetura\/files\/2014\/02\/Foto-081-900x570.jpg\" alt=\"\" width=\"584\" height=\"369\" \/><\/a><\/p>\n<p>Agende uma visita e conhe\u00e7a o empreendimento: (47) 3371-6310 ou (47) 8406-4447.<\/p>\n","protected":false},"excerpt":{"rendered":"<p>Os m\u00f3veis da cozinha do apartamento decorado do Milano Residenziale foram projetados com poucas divis\u00f3rias. A laca fosca e a bancada revestida em Corian n\u00e3o poderiam ficar de fora, bem como a cuba embutida com o mesmo material. Agende uma&hellip;<\/p>\n","protected":false},"author":3,"featured_media":2043,"comment_status":"open","ping_status":"closed","sticky":false,"template":"","format":"standard","meta":[],"categories":[1,2,5,6],"tags":[69,124,318,600,694,875],"_links":{"self":[{"href":"https:\/\/www.proma.com.br\/blog\/wp-json\/wp\/v2\/posts\/2042"}],"collection":[{"href":"https:\/\/www.proma.com.br\/blog\/wp-json\/wp\/v2\/posts"}],"about":[{"href":"https:\/\/www.proma.com.br\/blog\/wp-json\/wp\/v2\/types\/post"}],"author":[{"embeddable":true,"href":"https:\/\/www.proma.com.br\/blog\/wp-json\/wp\/v2\/users\/3"}],"replies":[{"embeddable":true,"href":"https:\/\/www.proma.com.br\/blog\/wp-json\/wp\/v2\/comments?post=2042"}],"version-history":[{"count":0,"href":"https:\/\/www.proma.com.br\/blog\/wp-json\/wp\/v2\/posts\/2042\/revisions"}],"wp:featuredmedia":[{"embeddable":true,"href":"https:\/\/www.proma.com.br\/blog\/wp-json\/wp\/v2\/media\/2043"}],"wp:attachment":[{"href":"https:\/\/www.proma.com.br\/blog\/wp-json\/wp\/v2\/media?parent=2042"}],"wp:term":[{"taxonomy":"category","embeddable":true,"href":"https:\/\/www.proma.com.br\/blog\/wp-json\/wp\/v2\/categories?post=2042"},{"taxonomy":"post_tag","embeddable":true,"href":"https:\/\/www.proma.com.br\/blog\/wp-json\/wp\/v2\/tags?post=2042"}],"curies":[{"name":"wp","href":"https:\/\/api.w.org\/{rel}","templated":true}]}}