{"id":2050,"date":"2014-02-12T07:00:54","date_gmt":"2014-02-12T09:00:54","guid":{"rendered":"http:\/\/www.proma.com.br\/blog\/equilibrio\/?p=2050"},"modified":"2014-02-12T07:00:54","modified_gmt":"2014-02-12T09:00:54","slug":"dificuldades-com-a-organizacao-da-cozinha-saiba-o-que-fazer","status":"publish","type":"post","link":"https:\/\/www.proma.com.br\/blog\/dificuldades-com-a-organizacao-da-cozinha-saiba-o-que-fazer\/","title":{"rendered":"Dificuldades com a organiza\u00e7\u00e3o da cozinha? Saiba o que fazer"},"content":{"rendered":"<p>Voc\u00ea acabou de comprar um apartamento e precisa organizar a cozinha?<\/p>\n<p><a href=\"http:\/\/www.proma.com.br\/blog\/media_equilibrio\/files\/2013\/11\/Foto-022.jpg\"><img loading=\"lazy\" class=\"aligncenter size-medium wp-image-2051\" title=\"Foto 02\" src=\"http:\/\/www.proma.com.br\/blog\/media_equilibrio\/files\/2013\/11\/Foto-022-318x420.jpg\" alt=\"\" width=\"318\" height=\"420\" \/><\/a><\/p>\n<p>O blog \u201cUm lar\u201d (<a href=\"http:\/\/goo.gl\/SwcEZm\">http:\/\/goo.gl\/SwcEZm<\/a>) tem ideias incr\u00edveis para voc\u00ea manter tudo no lugar.<\/p>\n","protected":false},"excerpt":{"rendered":"<p>Voc\u00ea acabou de comprar um apartamento e precisa organizar a cozinha? O blog \u201cUm lar\u201d (http:\/\/goo.gl\/SwcEZm) tem ideias incr\u00edveis para voc\u00ea manter tudo no lugar.<\/p>\n","protected":false},"author":3,"featured_media":2051,"comment_status":"open","ping_status":"closed","sticky":false,"template":"","format":"standard","meta":[],"categories":[1147],"tags":[1291,1878],"_links":{"self":[{"href":"https:\/\/www.proma.com.br\/blog\/wp-json\/wp\/v2\/posts\/2050"}],"collection":[{"href":"https:\/\/www.proma.com.br\/blog\/wp-json\/wp\/v2\/posts"}],"about":[{"href":"https:\/\/www.proma.com.br\/blog\/wp-json\/wp\/v2\/types\/post"}],"author":[{"embeddable":true,"href":"https:\/\/www.proma.com.br\/blog\/wp-json\/wp\/v2\/users\/3"}],"replies":[{"embeddable":true,"href":"https:\/\/www.proma.com.br\/blog\/wp-json\/wp\/v2\/comments?post=2050"}],"version-history":[{"count":0,"href":"https:\/\/www.proma.com.br\/blog\/wp-json\/wp\/v2\/posts\/2050\/revisions"}],"wp:featuredmedia":[{"embeddable":true,"href":"https:\/\/www.proma.com.br\/blog\/wp-json\/wp\/v2\/media\/2051"}],"wp:attachment":[{"href":"https:\/\/www.proma.com.br\/blog\/wp-json\/wp\/v2\/media?parent=2050"}],"wp:term":[{"taxonomy":"category","embeddable":true,"href":"https:\/\/www.proma.com.br\/blog\/wp-json\/wp\/v2\/categories?post=2050"},{"taxonomy":"post_tag","embeddable":true,"href":"https:\/\/www.proma.com.br\/blog\/wp-json\/wp\/v2\/tags?post=2050"}],"curies":[{"name":"wp","href":"https:\/\/api.w.org\/{rel}","templated":true}]}}