{"id":2177,"date":"2014-09-08T07:00:00","date_gmt":"2014-09-08T10:00:00","guid":{"rendered":"http:\/\/www.proma.com.br\/blog\/arquitetura\/?p=2177"},"modified":"2014-09-08T07:00:00","modified_gmt":"2014-09-08T10:00:00","slug":"villeneuve-residence-oferece-mais-de-270-m%c2%b2-de-area-privativa","status":"publish","type":"post","link":"https:\/\/www.proma.com.br\/blog\/villeneuve-residence-oferece-mais-de-270-m%c2%b2-de-area-privativa\/","title":{"rendered":"Villeneuve Residence oferece mais de 270 m\u00b2 de \u00e1rea privativa"},"content":{"rendered":"<p>Voc\u00ea est\u00e1 procurando um apartamento amplo, confort\u00e1vel, com acabamento personalizado e de alto padr\u00e3o?<\/p>\n<p><a href=\"http:\/\/www.proma.com.br\/blog\/arquitetura\/?attachment_id=2178\" rel=\"attachment wp-att-2178\"><img loading=\"lazy\" class=\"aligncenter size-full wp-image-2178\" title=\"Foto 01\" src=\"http:\/\/www.proma.com.br\/blog\/media_arquitetura\/files\/2014\/04\/Foto-01.png\" alt=\"\" width=\"600\" height=\"600\" \/><\/a><\/p>\n<p>Conhe\u00e7a o <a href=\"http:\/\/goo.gl\/fEJWjo\" target=\"_blank\">Villeneuve Residence<\/a> e encante-se! S\u00e3o mais de 270 m\u00b2 de \u00e1rea privativa e 515 m\u00b2 de \u00e1rea total.<\/p>\n","protected":false},"excerpt":{"rendered":"<p>Voc\u00ea est\u00e1 procurando um apartamento amplo, confort\u00e1vel, com acabamento personalizado e de alto padr\u00e3o? Conhe\u00e7a o Villeneuve Residence e encante-se! S\u00e3o mais de 270 m\u00b2 de \u00e1rea privativa e 515 m\u00b2 de \u00e1rea total.<\/p>\n","protected":false},"author":3,"featured_media":2178,"comment_status":"open","ping_status":"closed","sticky":false,"template":"","format":"standard","meta":[],"categories":[1,4],"tags":[8,1125],"_links":{"self":[{"href":"https:\/\/www.proma.com.br\/blog\/wp-json\/wp\/v2\/posts\/2177"}],"collection":[{"href":"https:\/\/www.proma.com.br\/blog\/wp-json\/wp\/v2\/posts"}],"about":[{"href":"https:\/\/www.proma.com.br\/blog\/wp-json\/wp\/v2\/types\/post"}],"author":[{"embeddable":true,"href":"https:\/\/www.proma.com.br\/blog\/wp-json\/wp\/v2\/users\/3"}],"replies":[{"embeddable":true,"href":"https:\/\/www.proma.com.br\/blog\/wp-json\/wp\/v2\/comments?post=2177"}],"version-history":[{"count":0,"href":"https:\/\/www.proma.com.br\/blog\/wp-json\/wp\/v2\/posts\/2177\/revisions"}],"wp:featuredmedia":[{"embeddable":true,"href":"https:\/\/www.proma.com.br\/blog\/wp-json\/wp\/v2\/media\/2178"}],"wp:attachment":[{"href":"https:\/\/www.proma.com.br\/blog\/wp-json\/wp\/v2\/media?parent=2177"}],"wp:term":[{"taxonomy":"category","embeddable":true,"href":"https:\/\/www.proma.com.br\/blog\/wp-json\/wp\/v2\/categories?post=2177"},{"taxonomy":"post_tag","embeddable":true,"href":"https:\/\/www.proma.com.br\/blog\/wp-json\/wp\/v2\/tags?post=2177"}],"curies":[{"name":"wp","href":"https:\/\/api.w.org\/{rel}","templated":true}]}}