{"id":2329,"date":"2012-12-12T07:00:18","date_gmt":"2012-12-12T09:00:18","guid":{"rendered":"http:\/\/www.proma.com.br\/blog\/equilibrio\/?p=1163"},"modified":"2012-12-12T07:00:18","modified_gmt":"2012-12-12T09:00:18","slug":"proma-divulga-nova-edicao-da-revista-equilibrio-parte-3","status":"publish","type":"post","link":"https:\/\/www.proma.com.br\/blog\/proma-divulga-nova-edicao-da-revista-equilibrio-parte-3\/","title":{"rendered":"Proma divulga nova edi\u00e7\u00e3o da Revista Equil\u00edbrio \u2013 parte 3"},"content":{"rendered":"<p><a href=\"http:\/\/www.proma.com.br\/blog\/media_equilibrio\/files\/2012\/12\/Revista-Proma-Final8.jpg\"><img loading=\"lazy\" class=\"aligncenter size-full wp-image-1164\" title=\"Revista Proma Final8\" src=\"http:\/\/www.proma.com.br\/blog\/media_equilibrio\/files\/2012\/12\/Revista-Proma-Final8.jpg\" alt=\"\" width=\"1890\" height=\"1172\" \/><\/a><a href=\"http:\/\/www.proma.com.br\/blog\/media_equilibrio\/files\/2012\/12\/Revista-Proma-Final9.jpg\"><img loading=\"lazy\" class=\"aligncenter size-full wp-image-1165\" title=\"Revista Proma Final9\" src=\"http:\/\/www.proma.com.br\/blog\/media_equilibrio\/files\/2012\/12\/Revista-Proma-Final9.jpg\" alt=\"\" width=\"1890\" height=\"1172\" \/><\/a><\/p>\n","protected":false},"excerpt":{"rendered":"","protected":false},"author":3,"featured_media":1164,"comment_status":"open","ping_status":"closed","sticky":false,"template":"","format":"standard","meta":[],"categories":[1142,3],"tags":[963],"_links":{"self":[{"href":"https:\/\/www.proma.com.br\/blog\/wp-json\/wp\/v2\/posts\/2329"}],"collection":[{"href":"https:\/\/www.proma.com.br\/blog\/wp-json\/wp\/v2\/posts"}],"about":[{"href":"https:\/\/www.proma.com.br\/blog\/wp-json\/wp\/v2\/types\/post"}],"author":[{"embeddable":true,"href":"https:\/\/www.proma.com.br\/blog\/wp-json\/wp\/v2\/users\/3"}],"replies":[{"embeddable":true,"href":"https:\/\/www.proma.com.br\/blog\/wp-json\/wp\/v2\/comments?post=2329"}],"version-history":[{"count":0,"href":"https:\/\/www.proma.com.br\/blog\/wp-json\/wp\/v2\/posts\/2329\/revisions"}],"wp:featuredmedia":[{"embeddable":true,"href":"https:\/\/www.proma.com.br\/blog\/wp-json\/wp\/v2\/media\/1164"}],"wp:attachment":[{"href":"https:\/\/www.proma.com.br\/blog\/wp-json\/wp\/v2\/media?parent=2329"}],"wp:term":[{"taxonomy":"category","embeddable":true,"href":"https:\/\/www.proma.com.br\/blog\/wp-json\/wp\/v2\/categories?post=2329"},{"taxonomy":"post_tag","embeddable":true,"href":"https:\/\/www.proma.com.br\/blog\/wp-json\/wp\/v2\/tags?post=2329"}],"curies":[{"name":"wp","href":"https:\/\/api.w.org\/{rel}","templated":true}]}}