{"id":2334,"date":"2013-05-10T07:00:41","date_gmt":"2013-05-10T10:00:41","guid":{"rendered":"http:\/\/www.proma.com.br\/blog\/equilibrio\/?p=1334"},"modified":"2013-05-10T07:00:41","modified_gmt":"2013-05-10T10:00:41","slug":"habito-alimentar-da-familia-influencia-na-formacao-do-paladar-das-criancas","status":"publish","type":"post","link":"https:\/\/www.proma.com.br\/blog\/habito-alimentar-da-familia-influencia-na-formacao-do-paladar-das-criancas\/","title":{"rendered":"H\u00e1bito alimentar da fam\u00edlia influencia na forma\u00e7\u00e3o do paladar das crian\u00e7as"},"content":{"rendered":"<p><a href=\"http:\/\/www.proma.com.br\/blog\/media_equilibrio\/files\/2013\/03\/1.jpg\"><img loading=\"lazy\" class=\"alignleft size-thumbnail wp-image-1337\" title=\"1\" src=\"http:\/\/www.proma.com.br\/blog\/media_equilibrio\/files\/2013\/03\/1-150x150.jpg\" alt=\"\" width=\"150\" height=\"150\" \/><\/a>Para crescer e ter uma vida saud\u00e1vel \u00e9 importante que as crian\u00e7as sejam incentivadas aos bons h\u00e1bitos alimentares desde cedo. Por isso, os pais devem criar um ambiente familiar livre de guloseimas, tenta\u00e7\u00f5es e alimentos cal\u00f3ricos, como alerta o nutr\u00f3logo Mauro Fisberg. Se os pais n\u00e3o t\u00eam preocupa\u00e7\u00e3o com a alimenta\u00e7\u00e3o, os filhos crescem com o mesmo pensamento e dificilmente ter\u00e3o um estilo de vida saud\u00e1vel. Para incentivar e ajudar na forma\u00e7\u00e3o do paladar das crian\u00e7as, \u00e9 importante que eles tenham hor\u00e1rios para as refei\u00e7\u00f5es e que a fam\u00edlia se junte para comer, como recomenda a nutricionista S\u00f4nia Tucunduva.<\/p>\n<p>Segundo o endocrinologista Alfredo Halpern, o controle da dieta dos pequenos deve existir, mas sem radicalismos \u2013 por exemplo, os pais podem liberar algo que est\u00e1 fora do card\u00e1pio uma vez por semana. Nos outros dias, eles devem incentiv\u00e1-los a comerem de 3 a 5 frutas e salada antes das refei\u00e7\u00f5es.<\/p>\n<p>A fam\u00edlia precisa tomar cuidado tamb\u00e9m com as gorduras, frituras, doces e refrigerantes, principalmente como forma de recompensar as crian\u00e7as por algo bom que elas fizeram. A dica \u00e9 formar o paladar dos pequenos oferecendo novos sabores e fazendo com que eles experimentem diferentes alimentos de forma gradativa.<\/p>\n<p>Para o endocrinologista Alfredo Halpern, \u00e9 importante n\u00e3o proibir ou permitir muito, apenas controlar j\u00e1 que o equil\u00edbrio ajuda no desenvolvimento da crian\u00e7a. De acordo com o m\u00e9dico, al\u00e9m do incentivo \u00e0 boa alimenta\u00e7\u00e3o, os pais devem tamb\u00e9m influenciar os filhos a praticar esportes e passar menos tempo navegando na internet. No caso das crian\u00e7as que cresceram sem essas orienta\u00e7\u00f5es ou limites, elas podem sofrer no futuro com o excesso de peso, que podem lev\u00e1-las \u00e0 necessidade de realizar uma cirurgia bari\u00e1trica.<\/p>\n<p>Por\u00e9m, mesmo nesse caso, a reeduca\u00e7\u00e3o alimentar tamb\u00e9m \u00e9 necess\u00e1ria j\u00e1 que o resultado da cirurgia s\u00f3 \u00e9 eficaz se o paciente conseguir mudar os h\u00e1bitos. Por isso, h\u00e1 uma prepara\u00e7\u00e3o feita por uma equipe multidisciplinar antes e depois da opera\u00e7\u00e3o, para que a pessoa n\u00e3o volte a engordar.<\/p>\n<p>Fonte:<a href=\"http:\/\/g1.globo.com\/bemestar\/noticia\/2013\/02\/habito-alimentar-da-familia-influencia-na-formacao-do-paladar-das-criancas.html\" target=\"_blank\"> G1 <\/a>\u2013 Bem Estar<\/p>\n","protected":false},"excerpt":{"rendered":"<p>Para crescer e ter uma vida saud\u00e1vel \u00e9 importante que as crian\u00e7as sejam incentivadas aos bons h\u00e1bitos alimentares desde cedo. Por isso, os pais devem criar um ambiente familiar livre de guloseimas, tenta\u00e7\u00f5es e alimentos cal\u00f3ricos, como alerta o nutr\u00f3logo&hellip;<\/p>\n","protected":false},"author":3,"featured_media":1337,"comment_status":"open","ping_status":"closed","sticky":false,"template":"","format":"standard","meta":[],"categories":[1147],"tags":[1205,1402,1890,2183],"_links":{"self":[{"href":"https:\/\/www.proma.com.br\/blog\/wp-json\/wp\/v2\/posts\/2334"}],"collection":[{"href":"https:\/\/www.proma.com.br\/blog\/wp-json\/wp\/v2\/posts"}],"about":[{"href":"https:\/\/www.proma.com.br\/blog\/wp-json\/wp\/v2\/types\/post"}],"author":[{"embeddable":true,"href":"https:\/\/www.proma.com.br\/blog\/wp-json\/wp\/v2\/users\/3"}],"replies":[{"embeddable":true,"href":"https:\/\/www.proma.com.br\/blog\/wp-json\/wp\/v2\/comments?post=2334"}],"version-history":[{"count":0,"href":"https:\/\/www.proma.com.br\/blog\/wp-json\/wp\/v2\/posts\/2334\/revisions"}],"wp:featuredmedia":[{"embeddable":true,"href":"https:\/\/www.proma.com.br\/blog\/wp-json\/wp\/v2\/media\/1337"}],"wp:attachment":[{"href":"https:\/\/www.proma.com.br\/blog\/wp-json\/wp\/v2\/media?parent=2334"}],"wp:term":[{"taxonomy":"category","embeddable":true,"href":"https:\/\/www.proma.com.br\/blog\/wp-json\/wp\/v2\/categories?post=2334"},{"taxonomy":"post_tag","embeddable":true,"href":"https:\/\/www.proma.com.br\/blog\/wp-json\/wp\/v2\/tags?post=2334"}],"curies":[{"name":"wp","href":"https:\/\/api.w.org\/{rel}","templated":true}]}}