{"id":2500,"date":"2014-09-10T13:28:45","date_gmt":"2014-09-10T16:28:45","guid":{"rendered":"http:\/\/www.proma.com.br\/blog\/?p=2500"},"modified":"2017-05-09T11:39:36","modified_gmt":"2017-05-09T14:39:36","slug":"conheca-o-lumina-residence-o-lugar-perfeito-para-morar-em-jaragua-do-sul","status":"publish","type":"post","link":"https:\/\/www.proma.com.br\/blog\/conheca-o-lumina-residence-o-lugar-perfeito-para-morar-em-jaragua-do-sul\/","title":{"rendered":"Conhe\u00e7a o Lumina Residence: o lugar perfeito para morar em Jaragu\u00e1 do Sul"},"content":{"rendered":"<p>A Proma Incorpora\u00e7\u00f5es realizou no dia 14 de agosto, na Sociedade Cultura Art\u00edstica (Scar), o coquetel de lan\u00e7amento do <strong>Lumina Residence<\/strong>. O 76\u00ba empreendimento da construtora, que <strong>alia a tecnologia \u00e0 sustentabilidade e \u00e0 seguran\u00e7a<\/strong>, est\u00e1 localizado na rua Arthur Gumz, no bairro Vila Nova, em Jaragu\u00e1 do Sul \u2013 uma regi\u00e3o completa e privilegiada que est\u00e1 a poucos minutos do centro. \u201cQueremos que este seja um novo lugar para que sonhos sejam concretizados e a felicidade seja uma constante. A ideia de oferecer apartamentos <em>high tech <\/em>mostra o diferencial de um projeto que agrega valor. A proposta \u00e9 inovadora e ousada, porque \u00e9 nosso objetivo surpreender os nossos clientes\u201d, afirma Paulo Obenaus, diretor da Proma.<\/p>\n<p><a href=\"http:\/\/www.proma.com.br\/blog\/conheca-o-lumina-residence-o-lugar-perfeito-para-morar-em-jaragua-do-sul\/10720821_701168943300159_1745378979_o\/\" rel=\"attachment wp-att-2501\"><img loading=\"lazy\" class=\"aligncenter wp-image-2501\" src=\"http:\/\/www.proma.com.br\/blog\/wp-content\/uploads\/2014\/10\/10720821_701168943300159_1745378979_o-1024x682.jpg\" alt=\"Caroline Obenaus\" width=\"900\" height=\"600\" srcset=\"https:\/\/www.proma.com.br\/blog\/wp-content\/uploads\/2014\/10\/10720821_701168943300159_1745378979_o-1024x682.jpg 1024w, https:\/\/www.proma.com.br\/blog\/wp-content\/uploads\/2014\/10\/10720821_701168943300159_1745378979_o-960x640.jpg 960w, https:\/\/www.proma.com.br\/blog\/wp-content\/uploads\/2014\/10\/10720821_701168943300159_1745378979_o-449x300.jpg 449w, https:\/\/www.proma.com.br\/blog\/wp-content\/uploads\/2014\/10\/10720821_701168943300159_1745378979_o.jpg 1600w\" sizes=\"(max-width: 900px) 100vw, 900px\" \/><\/a><\/p>\n<p>Idealizado pela arquiteta <strong>Caroline Obenaus<\/strong>, o projeto do Lumina foi o segundo a ser desenvolvido no escrit\u00f3rio de arquitetura da Proma \u2013 s\u00e3o tr\u00eas apartamentos por andar que seguem a <strong>tend\u00eancia de casas inteligentes<\/strong>. \u201c\u00c9 um empreendimento inovador e totalmente tecnol\u00f3gico. A est\u00e9tica \u00e9 atrativa, principalmente em raz\u00e3o da laje <em>slim<\/em>, que traz leveza para a obra. Nossas inspira\u00e7\u00f5es est\u00e3o nos <strong>conceitos arquitet\u00f4nicos<\/strong> do litoral da <strong>Fl\u00f3rida<\/strong> \u2013 fomos a <strong>Miami<\/strong> para pesquisar e buscar ideias diferentes. Faz parte do hist\u00f3rico construtivo da Proma inovar, sempre\u201d, explica Caroline.<\/p>\n<p>Mauren Nabaes Ferrari Soder, engenheira civil respons\u00e1vel pela execu\u00e7\u00e3o da obra, destaca que a expectativa para o in\u00edcio da <strong>constru\u00e7\u00e3<\/strong>o \u2013 que deve acontecer entre novembro e dezembro 2014 \u2013 \u00e9 grande, tendo em vista que o projeto do Lumina Residence \u00e9 totalmente diferenciado. \u201cVou me dedicar muito durante todas as etapas construtivas junto com uma equipe extremamente competente. \u00c9 um trabalho que envolver\u00e1 muito empenho e pesquisa, mas que, ao final, ser\u00e1 totalmente recompensador\u201d, comenta Mauren.<\/p>\n<p>O evento contou com a presen\u00e7a de clientes e amigos, como \u00e9 o caso do gerente de vendas Fernando Lu\u00eds Pedrotti. \u201cEu acompanhei o projeto antes de ser lan\u00e7ado e o Lumina Residence \u00e9 mais uma obra da Proma com uma qualidade fant\u00e1stica \u2013 n\u00e3o podia ser diferente vindo de uma construtora confi\u00e1vel e que sempre surpreende. \u00c9 um produto totalmente moderno, em que a est\u00e9tica e a ilumina\u00e7\u00e3o proporcionada pelos vidros chamam muito a aten\u00e7\u00e3o. Como o meu <em>hobby <\/em>\u00e9 cozinhar, o que mais me agrada no <em>layout <\/em>dos apartamentos \u00e9 a parte <em>gourmet <\/em>integrada com toda a \u00e1rea principal. O que tamb\u00e9m me conquistou \u00e9 a tecnologia \u2013 um empreendimento <em>high tech <\/em>com uma infinidade de possibilidades\u201d, assegura.<\/p>\n<p><strong>Equipe: o Lumina Residence \u00e9 resultado da soma de talentos e experi\u00eancias<\/strong><\/p>\n<p><strong>Arquitetura | <\/strong>Caroline Obenaus<\/p>\n<p>Autora do projeto arquitet\u00f4nico e respons\u00e1vel pela \u00e1rea de desenvolvimento de projetos da Proma Incorpora\u00e7\u00f5es.<\/p>\n<p><strong>Execu\u00e7\u00e3o <\/strong>| Proma Incorpora\u00e7\u00f5es<\/p>\n<p>Acervo t\u00e9cnico de aproximadamente 300 mil m\u00b2 j\u00e1 executados. Engenheiros respons\u00e1veis: Paulo Obenaus, Roberto Reis, \u00c2ngela Maria Malfatti e Mauren Nabaes Ferrari Soder.<\/p>\n<p><strong>Estrutural | <\/strong>Engest Engenharia de Estruturas<\/p>\n<p><strong>El\u00e9trico | <\/strong>IOCH Engenharia Ltda.<\/p>\n<p><strong>Hidrossanit\u00e1rio | <\/strong>G Spricigo Projetos de Engenharia<\/p>\n<p><strong>Fachadas | <\/strong>Planville<\/p>\n<p><strong>Fotografia:<\/strong> Diego Luis Jarschel<\/p>\n","protected":false},"excerpt":{"rendered":"<p>A Proma Incorpora\u00e7\u00f5es realizou no dia 14 de agosto, na Sociedade Cultura Art\u00edstica (Scar), o coquetel de lan\u00e7amento do Lumina Residence. O 76\u00ba empreendimento da construtora, que alia a tecnologia \u00e0 sustentabilidade e \u00e0 seguran\u00e7a, est\u00e1 localizado na rua Arthur&hellip;<\/p>\n","protected":false},"author":3,"featured_media":2506,"comment_status":"open","ping_status":"closed","sticky":false,"template":"","format":"standard","meta":[],"categories":[1,1145,3],"tags":[190,2221,2219,2325,2217,1898,902,2220],"_links":{"self":[{"href":"https:\/\/www.proma.com.br\/blog\/wp-json\/wp\/v2\/posts\/2500"}],"collection":[{"href":"https:\/\/www.proma.com.br\/blog\/wp-json\/wp\/v2\/posts"}],"about":[{"href":"https:\/\/www.proma.com.br\/blog\/wp-json\/wp\/v2\/types\/post"}],"author":[{"embeddable":true,"href":"https:\/\/www.proma.com.br\/blog\/wp-json\/wp\/v2\/users\/3"}],"replies":[{"embeddable":true,"href":"https:\/\/www.proma.com.br\/blog\/wp-json\/wp\/v2\/comments?post=2500"}],"version-history":[{"count":3,"href":"https:\/\/www.proma.com.br\/blog\/wp-json\/wp\/v2\/posts\/2500\/revisions"}],"predecessor-version":[{"id":2504,"href":"https:\/\/www.proma.com.br\/blog\/wp-json\/wp\/v2\/posts\/2500\/revisions\/2504"}],"wp:featuredmedia":[{"embeddable":true,"href":"https:\/\/www.proma.com.br\/blog\/wp-json\/wp\/v2\/media\/2506"}],"wp:attachment":[{"href":"https:\/\/www.proma.com.br\/blog\/wp-json\/wp\/v2\/media?parent=2500"}],"wp:term":[{"taxonomy":"category","embeddable":true,"href":"https:\/\/www.proma.com.br\/blog\/wp-json\/wp\/v2\/categories?post=2500"},{"taxonomy":"post_tag","embeddable":true,"href":"https:\/\/www.proma.com.br\/blog\/wp-json\/wp\/v2\/tags?post=2500"}],"curies":[{"name":"wp","href":"https:\/\/api.w.org\/{rel}","templated":true}]}}