{"id":2592,"date":"2014-11-27T09:22:38","date_gmt":"2014-11-27T12:22:38","guid":{"rendered":"http:\/\/www.proma.com.br\/blog\/?p=2592"},"modified":"2014-11-27T13:59:41","modified_gmt":"2014-11-27T16:59:41","slug":"proma-investe-em-itens-de-automacao-residencial-para-oferecer-comodidade-e-seguranca","status":"publish","type":"post","link":"https:\/\/www.proma.com.br\/blog\/proma-investe-em-itens-de-automacao-residencial-para-oferecer-comodidade-e-seguranca\/","title":{"rendered":"Proma investe em itens de automa\u00e7\u00e3o residencial para oferecer comodidade e seguran\u00e7a"},"content":{"rendered":"<p>Benef\u00edcios que valorizam o seu bem estar: assim pode ser definida a automa\u00e7\u00e3o residencial. Mas, voc\u00ea sabe quais s\u00e3o os itens que fazem parte dos empreendimentos* da Proma Incorpora\u00e7\u00f5es?<\/p>\n<p><a href=\"http:\/\/www.proma.com.br\/blog\/wp-content\/uploads\/2014\/11\/Foto-09.jpg\"><img loading=\"lazy\" class=\"aligncenter wp-image-2593 size-full\" src=\"http:\/\/www.proma.com.br\/blog\/wp-content\/uploads\/2014\/11\/Foto-09.jpg\" alt=\"Foto 09\" width=\"1000\" height=\"665\" srcset=\"https:\/\/www.proma.com.br\/blog\/wp-content\/uploads\/2014\/11\/Foto-09.jpg 1000w, https:\/\/www.proma.com.br\/blog\/wp-content\/uploads\/2014\/11\/Foto-09-960x638.jpg 960w, https:\/\/www.proma.com.br\/blog\/wp-content\/uploads\/2014\/11\/Foto-09-451x300.jpg 451w\" sizes=\"(max-width: 1000px) 100vw, 1000px\" \/><\/a><\/p>\n<ul>\n<li><strong> Persianas autom\u00e1ticas<\/strong><\/li>\n<\/ul>\n<p>Persianas sem hastes e cord\u00f5es? Sim! Com o sistema que aciona automaticamente a subida e a descida delas por meio de aplicativos dispon\u00edveis em <em>smartphones<\/em> e <em>tablets<\/em> \u00e9 poss\u00edvel. Al\u00e9m do requinte e da valoriza\u00e7\u00e3o do design, o aumento da vida \u00fatil das persianas \u2013 em fun\u00e7\u00e3o da aus\u00eancia de contato manual \u2013 \u00e9 garantida. A automa\u00e7\u00e3o residencial das cortinas tamb\u00e9m oferece mais privacidade, conforto e seguran\u00e7a.<\/p>\n<p><strong>\u00a0<\/strong><\/p>\n<ul>\n<li><strong> Ilumina\u00e7\u00e3o<\/strong><\/li>\n<\/ul>\n<p>Visando a economia de energia e a valoriza\u00e7\u00e3o da arquitetura, o controle de ilumina\u00e7\u00e3o vai muito al\u00e9m de um simples liga e desliga de lumin\u00e1rias. A mudan\u00e7a da intensidade luminosa por meio de aplicativos tamb\u00e9m proporciona um conforto visual que atua diretamente no sistema imunol\u00f3gico, bem como oferece a praticidade do acionamento de diferentes combina\u00e7\u00f5es de luzes para os diversos momentos da vida: refei\u00e7\u00f5es, festas, trabalho ou leitura, n\u00e3o importa! \u2013 basta ativar um comando para que a ilumina\u00e7\u00e3o esteja adequada \u00e0 situa\u00e7\u00e3o.<\/p>\n<p><strong>\u00a0<\/strong><\/p>\n<ul>\n<li><strong> Sistema biom\u00e9trico<\/strong><\/li>\n<\/ul>\n<p>Seguran\u00e7a \u2013 com a instala\u00e7\u00e3o de um sistema de controle de acesso por meio de biometria n\u00e3o existe benef\u00edcio maior. Que tal programar quem tem acesso permitido na sua casa e receber um relat\u00f3rio por e-mail das pessoas que entraram e o hor\u00e1rio? Caso algu\u00e9m n\u00e3o autorizado tente entrar, uma mensagem \u00e9 enviada ao celular. Tamb\u00e9m basta a leitura da impress\u00e3o digital para comandar todo o desligamento de luzes e itens eletr\u00f4nicos quando n\u00e3o tiver algu\u00e9m na resid\u00eancia. O contr\u00e1rio tamb\u00e9m \u00e9 v\u00e1lido: antes de chegar em casa, o morador pode enviar um comando para que as l\u00e2mpadas da garagem acendam e o ar-condicionado ligue na temperatura ideal, por exemplo. Resumindo, por meio da biometria o morador pode controlar qualquer dispositivo com os dedos.<\/p>\n<p>&nbsp;<\/p>\n<ul>\n<li><strong> Fibra \u00f3tica para internet, televis\u00e3o e telefone<\/strong><\/li>\n<\/ul>\n<p>Os cabos de fibra \u00f3ptica \u2013 em substitui\u00e7\u00e3o aos tradicionais cabeamentos de cobre, lat\u00e3o, alum\u00ednio, entre outros \u2013 propiciam a forma\u00e7\u00e3o da rede de transmiss\u00e3o de dados e voz em longas dist\u00e2ncias mais r\u00e1pida que existe \u2013 n\u00e3o h\u00e1, no mundo das telecomunica\u00e7\u00f5es, nada mais moderno e eficiente. Com eles \u00e9 poss\u00edvel atingir velocidade, qualidade e capacidade muito maiores do que com qualquer outro tipo de tecnologia. O motivo? A alta capacidade para o tr\u00e1fego de dados, voz e v\u00eddeo por meio da transmiss\u00e3o do sinal em luz. Hoje, de acordo com Ivandel Hambus, diretor comercial da RVIP\/TPA Internet, uma conex\u00e3o banda larga de alta velocidade \u00e9 oferecida com cerca de cinco mega e os padr\u00f5es de testes da fibra \u00f3tica para planos residenciais apontam para velocidades de 15 mega.<\/p>\n<p>&nbsp;<\/p>\n<p><em>* Verifique com o nosso setor comercial as especificidades de cada empreendimento.<\/em><\/p>\n<p>&nbsp;<\/p>\n<p>&nbsp;<\/p>\n","protected":false},"excerpt":{"rendered":"<p>Benef\u00edcios que valorizam o seu bem estar: assim pode ser definida a automa\u00e7\u00e3o residencial. Mas, voc\u00ea sabe quais s\u00e3o os itens que fazem parte dos empreendimentos* da Proma Incorpora\u00e7\u00f5es? Persianas autom\u00e1ticas Persianas sem hastes e cord\u00f5es? Sim! Com o sistema&hellip;<\/p>\n","protected":false},"author":3,"featured_media":2593,"comment_status":"open","ping_status":"closed","sticky":false,"template":"","format":"standard","meta":[],"categories":[1],"tags":[],"_links":{"self":[{"href":"https:\/\/www.proma.com.br\/blog\/wp-json\/wp\/v2\/posts\/2592"}],"collection":[{"href":"https:\/\/www.proma.com.br\/blog\/wp-json\/wp\/v2\/posts"}],"about":[{"href":"https:\/\/www.proma.com.br\/blog\/wp-json\/wp\/v2\/types\/post"}],"author":[{"embeddable":true,"href":"https:\/\/www.proma.com.br\/blog\/wp-json\/wp\/v2\/users\/3"}],"replies":[{"embeddable":true,"href":"https:\/\/www.proma.com.br\/blog\/wp-json\/wp\/v2\/comments?post=2592"}],"version-history":[{"count":1,"href":"https:\/\/www.proma.com.br\/blog\/wp-json\/wp\/v2\/posts\/2592\/revisions"}],"predecessor-version":[{"id":2594,"href":"https:\/\/www.proma.com.br\/blog\/wp-json\/wp\/v2\/posts\/2592\/revisions\/2594"}],"wp:featuredmedia":[{"embeddable":true,"href":"https:\/\/www.proma.com.br\/blog\/wp-json\/wp\/v2\/media\/2593"}],"wp:attachment":[{"href":"https:\/\/www.proma.com.br\/blog\/wp-json\/wp\/v2\/media?parent=2592"}],"wp:term":[{"taxonomy":"category","embeddable":true,"href":"https:\/\/www.proma.com.br\/blog\/wp-json\/wp\/v2\/categories?post=2592"},{"taxonomy":"post_tag","embeddable":true,"href":"https:\/\/www.proma.com.br\/blog\/wp-json\/wp\/v2\/tags?post=2592"}],"curies":[{"name":"wp","href":"https:\/\/api.w.org\/{rel}","templated":true}]}}