{"id":2777,"date":"2015-03-12T09:38:10","date_gmt":"2015-03-12T12:38:10","guid":{"rendered":"http:\/\/www.proma.com.br\/blog\/?p=2777"},"modified":"2015-03-23T17:12:22","modified_gmt":"2015-03-23T20:12:22","slug":"arquiteta-da-proma-participa-da-expo-revestir","status":"publish","type":"post","link":"https:\/\/www.proma.com.br\/blog\/arquiteta-da-proma-participa-da-expo-revestir\/","title":{"rendered":"Arquiteta da Proma participa da Expo Revestir"},"content":{"rendered":"<p style=\"text-align: left;\">A arquiteta da Proma Constru\u00e7\u00f5es e Neg\u00f3cios, Caroline Obenaus, participou da 15\u00aa edi\u00e7\u00e3o da Feira Internacional de Revestimentos, que aconteceu em S\u00e3o Paulo entre os dias 3 a 6 de mar\u00e7o, no Transam\u00e9rica Expo Center. \u201cGostei muito do que foi apresentado esse ano e fiquei encantada com algumas novidades. Com certeza, s\u00e3o ideias que podem ser implantadas nos pr\u00f3ximos empreendimentos da Proma\u201d, afirma.<\/p>\n<p style=\"text-align: left;\">Promovida pela Anfacer, a Expo Revestir j\u00e1 est\u00e1 consolidada no calend\u00e1rio internacional como um dos principais eventos do mundo sobre solu\u00e7\u00f5es em revestimentos, lou\u00e7as sanit\u00e1rias e metais. Em 2015, foram mais de 235 expositores de marcas nacionais e internacionais que apresentaram suas cole\u00e7\u00f5es em diversos tamanhos, formas, cores e texturas.<\/p>\n<p style=\"text-align: left;\">Fashion Week da Arquitetura e Constru\u00e7\u00e3o<br \/>\nPor Caroline Obenaus<\/p>\n<p style=\"text-align: left;\">\u2022 Existem muitas novidades na parte de revestimento cer\u00e2mico. Destaque para as pe\u00e7as decorativas com relevo, brilho e desenho de renda. Al\u00e9m disso, a moda das cores \u00e9 para os tons mais neutros, principalmente as nuances de cinza.<\/p>\n<p><a href=\"http:\/\/www.proma.com.br\/blog\/wp-content\/uploads\/2015\/03\/revestimentos_nuances_cinza.jpg\"><img loading=\"lazy\" class=\"aligncenter wp-image-2779 size-full\" src=\"http:\/\/www.proma.com.br\/blog\/wp-content\/uploads\/2015\/03\/revestimentos_nuances_cinza.jpg\" alt=\"revestimentos_nuances_cinza\" width=\"1378\" height=\"500\" srcset=\"https:\/\/www.proma.com.br\/blog\/wp-content\/uploads\/2015\/03\/revestimentos_nuances_cinza.jpg 1378w, https:\/\/www.proma.com.br\/blog\/wp-content\/uploads\/2015\/03\/revestimentos_nuances_cinza-960x348.jpg 960w, https:\/\/www.proma.com.br\/blog\/wp-content\/uploads\/2015\/03\/revestimentos_nuances_cinza-1024x371.jpg 1024w, https:\/\/www.proma.com.br\/blog\/wp-content\/uploads\/2015\/03\/revestimentos_nuances_cinza-500x181.jpg 500w\" sizes=\"(max-width: 1378px) 100vw, 1378px\" \/><\/a><\/p>\n<p style=\"text-align: left;\">\u2022 A linha de metais est\u00e1 bem inovadora \u2013 novas tecnologias, novos modelos de design e os tons de dourado s\u00e3o a principal tend\u00eancia.<\/p>\n<p style=\"text-align: left;\"><a href=\"http:\/\/www.proma.com.br\/blog\/wp-content\/uploads\/2015\/03\/p1-3.jpg\"><img loading=\"lazy\" class=\"aligncenter wp-image-2780 size-full\" src=\"http:\/\/www.proma.com.br\/blog\/wp-content\/uploads\/2015\/03\/p1-3.jpg\" alt=\"p1-3\" width=\"1378\" height=\"500\" srcset=\"https:\/\/www.proma.com.br\/blog\/wp-content\/uploads\/2015\/03\/p1-3.jpg 1378w, https:\/\/www.proma.com.br\/blog\/wp-content\/uploads\/2015\/03\/p1-3-960x348.jpg 960w, https:\/\/www.proma.com.br\/blog\/wp-content\/uploads\/2015\/03\/p1-3-1024x371.jpg 1024w, https:\/\/www.proma.com.br\/blog\/wp-content\/uploads\/2015\/03\/p1-3-500x181.jpg 500w\" sizes=\"(max-width: 1378px) 100vw, 1378px\" \/><\/a><\/p>\n<p>\u00a0Falando em <strong>tend\u00eancia<\/strong> para as pr\u00f3ximas temporadas, o <strong>cobog\u00f3<\/strong> n\u00e3o pode ser deixado de fora \u2013 denomina\u00e7\u00e3o dada aos elementos vazados, normalmente feitos de cimento (mas podem ser tamb\u00e9m de argila, vidro, cer\u00e2mica etc.), que completam paredes e muros para possibilitar maior ventila\u00e7\u00e3o e luminosidade no interior de um im\u00f3vel. Esse tipo de &#8220;tijolo&#8221; vazado, que \u00e9 uma ideia de origem brasileira, est\u00e1 muito em alta pelo mundo afora.\u00a0Outro diferencial que tamb\u00e9m chamou bastante aten\u00e7\u00e3o porque estava presente em quase todas as marcas de <strong>revestimento cer\u00e2mico<\/strong> \u00e9 o formato hexagonal das pe\u00e7as. Essa tend\u00eancia j\u00e1 apareceu em outros anos, mas, em 2015, ganhou mais destaque.<\/p>\n<p><a href=\"http:\/\/www.proma.com.br\/blog\/wp-content\/uploads\/2015\/03\/estilo_cobobo_formatos_diferentes_decoracao.jpg\"><img loading=\"lazy\" class=\"aligncenter wp-image-2784 size-full\" src=\"http:\/\/www.proma.com.br\/blog\/wp-content\/uploads\/2015\/03\/estilo_cobobo_formatos_diferentes_decoracao.jpg\" alt=\"estilo_cobobo_formatos_diferentes_decoracao\" width=\"1378\" height=\"500\" srcset=\"https:\/\/www.proma.com.br\/blog\/wp-content\/uploads\/2015\/03\/estilo_cobobo_formatos_diferentes_decoracao.jpg 1378w, https:\/\/www.proma.com.br\/blog\/wp-content\/uploads\/2015\/03\/estilo_cobobo_formatos_diferentes_decoracao-960x348.jpg 960w, https:\/\/www.proma.com.br\/blog\/wp-content\/uploads\/2015\/03\/estilo_cobobo_formatos_diferentes_decoracao-1024x371.jpg 1024w, https:\/\/www.proma.com.br\/blog\/wp-content\/uploads\/2015\/03\/estilo_cobobo_formatos_diferentes_decoracao-500x181.jpg 500w\" sizes=\"(max-width: 1378px) 100vw, 1378px\" \/><\/a><\/p>\n<p>\u2022 Falando sobre as lou\u00e7as, a pia dupla de cer\u00e2mica tamb\u00e9m apareceu como novidade, assim como o vaso sanit\u00e1rio tecnol\u00f3gico com controle remoto &#8211; que tem ilumina\u00e7\u00e3o interna, aquecedor de assento, fechamento autom\u00e1tico da tampa, ducha higi\u00eanica e descarga autom\u00e1tica<\/p>\n<p>&nbsp;<\/p>\n<p><a href=\"http:\/\/www.proma.com.br\/blog\/wp-content\/uploads\/2015\/03\/loucas_pia_dupla_tendencias_2015.jpg\"><img loading=\"lazy\" class=\"alignnone size-full wp-image-2785\" src=\"http:\/\/www.proma.com.br\/blog\/wp-content\/uploads\/2015\/03\/loucas_pia_dupla_tendencias_2015.jpg\" alt=\"loucas_pia_dupla_tendencias_2015\" width=\"1378\" height=\"500\" \/><\/a><\/p>\n","protected":false},"excerpt":{"rendered":"<p>A arquiteta da Proma Constru\u00e7\u00f5es e Neg\u00f3cios, Caroline Obenaus, participou da 15\u00aa edi\u00e7\u00e3o da Feira Internacional de Revestimentos, que aconteceu em S\u00e3o Paulo entre os dias 3 a 6 de mar\u00e7o, no Transam\u00e9rica Expo Center. \u201cGostei muito do que foi&hellip;<\/p>\n","protected":false},"author":3,"featured_media":2806,"comment_status":"open","ping_status":"closed","sticky":false,"template":"","format":"standard","meta":[],"categories":[1],"tags":[101,2306,2305],"_links":{"self":[{"href":"https:\/\/www.proma.com.br\/blog\/wp-json\/wp\/v2\/posts\/2777"}],"collection":[{"href":"https:\/\/www.proma.com.br\/blog\/wp-json\/wp\/v2\/posts"}],"about":[{"href":"https:\/\/www.proma.com.br\/blog\/wp-json\/wp\/v2\/types\/post"}],"author":[{"embeddable":true,"href":"https:\/\/www.proma.com.br\/blog\/wp-json\/wp\/v2\/users\/3"}],"replies":[{"embeddable":true,"href":"https:\/\/www.proma.com.br\/blog\/wp-json\/wp\/v2\/comments?post=2777"}],"version-history":[{"count":1,"href":"https:\/\/www.proma.com.br\/blog\/wp-json\/wp\/v2\/posts\/2777\/revisions"}],"predecessor-version":[{"id":2786,"href":"https:\/\/www.proma.com.br\/blog\/wp-json\/wp\/v2\/posts\/2777\/revisions\/2786"}],"wp:featuredmedia":[{"embeddable":true,"href":"https:\/\/www.proma.com.br\/blog\/wp-json\/wp\/v2\/media\/2806"}],"wp:attachment":[{"href":"https:\/\/www.proma.com.br\/blog\/wp-json\/wp\/v2\/media?parent=2777"}],"wp:term":[{"taxonomy":"category","embeddable":true,"href":"https:\/\/www.proma.com.br\/blog\/wp-json\/wp\/v2\/categories?post=2777"},{"taxonomy":"post_tag","embeddable":true,"href":"https:\/\/www.proma.com.br\/blog\/wp-json\/wp\/v2\/tags?post=2777"}],"curies":[{"name":"wp","href":"https:\/\/api.w.org\/{rel}","templated":true}]}}