{"id":3692,"date":"2016-04-21T09:00:02","date_gmt":"2016-04-21T12:00:02","guid":{"rendered":"http:\/\/www.proma.com.br\/blog\/?p=3692"},"modified":"2016-04-19T09:33:29","modified_gmt":"2016-04-19T12:33:29","slug":"faca-voce-mesmo-10-dicas-para-montar-uma-horta-em-casa","status":"publish","type":"post","link":"https:\/\/www.proma.com.br\/blog\/faca-voce-mesmo-10-dicas-para-montar-uma-horta-em-casa\/","title":{"rendered":"Fa\u00e7a voc\u00ea mesmo: 10 dicas para montar uma horta em casa"},"content":{"rendered":"<p>Escolher o local, definir as esp\u00e9cies, preparar o solo, organizar a drenagem da terra e cuidar das pragas s\u00e3o tarefas primordiais para quem quer <strong>ter uma horta em casa<\/strong>. Contudo, elas podem ser uma terapia para fugir da correria e estresse do dia a dia.<\/p>\n<p>Por isso, reunimos 10 dicas b\u00e1sicas para que, em pouco tempo, voc\u00ea possa colher <strong>sabor e sa\u00fade<\/strong> dentro da sua pr\u00f3pria casa.<\/p>\n<p>Vamos l\u00e1?<\/p>\n<h3>1 &#8211; Em qualquer lugar<\/h3>\n<p><a href=\"http:\/\/www.proma.com.br\/blog\/wp-content\/uploads\/2016\/04\/Fazer-horta-no-parapeito-da-janela.jpg\"><img loading=\"lazy\" class=\"alignnone size-full wp-image-3694\" src=\"http:\/\/www.proma.com.br\/blog\/wp-content\/uploads\/2016\/04\/Fazer-horta-no-parapeito-da-janela.jpg\" alt=\"Sete canecas de metal com diversos tipos de plantas e temperos verdes\" width=\"920\" height=\"653\" srcset=\"https:\/\/www.proma.com.br\/blog\/wp-content\/uploads\/2016\/04\/Fazer-horta-no-parapeito-da-janela.jpg 920w, https:\/\/www.proma.com.br\/blog\/wp-content\/uploads\/2016\/04\/Fazer-horta-no-parapeito-da-janela-422x300.jpg 422w\" sizes=\"(max-width: 920px) 100vw, 920px\" \/><\/a><\/p>\n<p>Para programar uma horta nem \u00e9 preciso dispor de muito espa\u00e7o. A paisagista Ana Claudia Costta Pinto, por exemplo, usou o parapeito da janela para enfileirar as p\u00e1s para cereal com ervas e temperos: capuchinha, s\u00e1lvia, manjeric\u00e3o, cebolinha, b\u00e1lsamo e alecrim.<\/p>\n<p>O trato \u00e9 simples: elas necessitam apenas de quatro horas di\u00e1rias de sol e regas todos os dias para que se desenvolvam. A dica antes de plant\u00e1-las \u00e9 fazer um furo no fundo do recipiente para drenar a \u00e1gua e n\u00e3o encharcar demais as esp\u00e9cies.<\/p>\n<h3>2 &#8211; Mudas misturadas<\/h3>\n<p><a href=\"http:\/\/www.proma.com.br\/blog\/wp-content\/uploads\/2016\/04\/Misturar-mudas-no-mesmo-vaso-de-temperos.jpg\"><img loading=\"lazy\" class=\"alignnone size-full wp-image-3695\" src=\"http:\/\/www.proma.com.br\/blog\/wp-content\/uploads\/2016\/04\/Misturar-mudas-no-mesmo-vaso-de-temperos.jpg\" alt=\"Dois vasos compridos e pendurados na parede com v\u00e1rios temperos plantados juntos\" width=\"920\" height=\"916\" srcset=\"https:\/\/www.proma.com.br\/blog\/wp-content\/uploads\/2016\/04\/Misturar-mudas-no-mesmo-vaso-de-temperos.jpg 920w, https:\/\/www.proma.com.br\/blog\/wp-content\/uploads\/2016\/04\/Misturar-mudas-no-mesmo-vaso-de-temperos-301x300.jpg 301w\" sizes=\"(max-width: 920px) 100vw, 920px\" \/><\/a><\/p>\n<p>Jardineiras s\u00e3o \u00f3timas para driblar a falta de espa\u00e7o em apartamentos ou \u00e1reas pequenas, pois podem conter mudas de diferentes tipos. Cuidado apenas ao escolher as esp\u00e9cies que dividir\u00e3o a mesma caixa \u2013 a hortel\u00e3, por exemplo, tem ra\u00edzes invasoras, que destroem as de outras esp\u00e9cies.<\/p>\n<p>Ent\u00e3o, assim como a salsinha, ela deve ser plantada sozinha. Mas, algumas misturas d\u00e3o muito certo, como por exemplo: alecrim, tomilho e s\u00e1lvia; manjeric\u00e3o, anis, carqueja e s\u00e1lvia; manjeric\u00e3o, manjerona e cebolinha. Vale se certificar antes de plant\u00e1-las.<\/p>\n<h3>3 &#8211; Adubos naturais<\/h3>\n<p><a href=\"http:\/\/www.proma.com.br\/blog\/wp-content\/uploads\/2016\/04\/Usar-adubos-naturais-na-horta.jpg\"><img loading=\"lazy\" class=\"alignnone size-full wp-image-3696\" src=\"http:\/\/www.proma.com.br\/blog\/wp-content\/uploads\/2016\/04\/Usar-adubos-naturais-na-horta.jpg\" alt=\"Vaso com v\u00e1rios adubos ao redor e uma planta para plantar\" width=\"920\" height=\"653\" srcset=\"https:\/\/www.proma.com.br\/blog\/wp-content\/uploads\/2016\/04\/Usar-adubos-naturais-na-horta.jpg 920w, https:\/\/www.proma.com.br\/blog\/wp-content\/uploads\/2016\/04\/Usar-adubos-naturais-na-horta-422x300.jpg 422w\" sizes=\"(max-width: 920px) 100vw, 920px\" \/><\/a><\/p>\n<p>Uma horta caseira pode ter o luxo de ser org\u00e2nica. Al\u00e9m da torta de nim, que aduba e afasta pragas e doen\u00e7as, pode-se usar h\u00famus de minhoca ou torta de mamona, que \u00e9 rica em nitrog\u00eanio e faz com que as folhas fiquem grandes e robustas.<\/p>\n<p>Mas, tenha cuidado: a torta de mamona \u00e9 t\u00f3xica para bichos e crian\u00e7as. Evite mistur\u00e1-la \u00e0 farinha de osso, porque os cachorros s\u00e3o atra\u00eddos pelo cheiro. Pode-se substituir a torta de mamona pela torta de algod\u00e3o.<\/p>\n<h3>4 &#8211; Folhas mais arom\u00e1ticas<\/h3>\n<p><img loading=\"lazy\" class=\"alignnone size-full wp-image-3697\" src=\"http:\/\/www.proma.com.br\/blog\/wp-content\/uploads\/2016\/04\/N\u00e3o-deixar-as-folhas-do-manjeric\u00e3o-perder-o-aroma.jpg\" alt=\"Flores e folhas de manjeric\u00e3o\" width=\"920\" height=\"1358\" srcset=\"https:\/\/www.proma.com.br\/blog\/wp-content\/uploads\/2016\/04\/N\u00e3o-deixar-as-folhas-do-manjeric\u00e3o-perder-o-aroma.jpg 920w, https:\/\/www.proma.com.br\/blog\/wp-content\/uploads\/2016\/04\/N\u00e3o-deixar-as-folhas-do-manjeric\u00e3o-perder-o-aroma-203x300.jpg 203w\" sizes=\"(max-width: 920px) 100vw, 920px\" \/><\/p>\n<p>Sabe aquelas flores que surgem em meio \u00e0s folhas do manjeric\u00e3o? Pode-as \u2013 isso se quiser consumir folhas cheirosas. As infloresc\u00eancias roubam todo o aroma das folhas. Ent\u00e3o, tire sempre que surgirem.<\/p>\n<h3>5 &#8211; Cozinha experimental<\/h3>\n<p>Quando eleger as ervas e os temperos para a sua horta, aposte em algumas esp\u00e9cies diferentes. Al\u00e9m do novo sabor, seus pratos ganhar\u00e3o novo visual. Uma salada com hortel\u00e3 variegada, cujas folhas mesclam mais de uma cor, vai dar o que falar.<\/p>\n<h3>6 &#8211; Luz dosada<\/h3>\n<p>Um local adequado para se ter uma horta deve proporcionar, no m\u00ednimo, quatro horas de sol por dia \u00e0s verduras e aos temperos. Embora a lavanda, o tomilho, o tomilho lim\u00e3o, o alecrim, o capim-lim\u00e3o e a citronela sejam mais resistentes ao vento, procure um lugar protegido para n\u00e3o comprometer o desenvolvimento de outras esp\u00e9cies.<\/p>\n<h3>7 &#8211; Drenagem f\u00e1cil<\/h3>\n<p><a href=\"http:\/\/www.proma.com.br\/blog\/wp-content\/uploads\/2016\/04\/Utilizar-vaso-com-boa-drenagem.jpg\"><img loading=\"lazy\" class=\"alignnone size-full wp-image-3698\" src=\"http:\/\/www.proma.com.br\/blog\/wp-content\/uploads\/2016\/04\/Utilizar-vaso-com-boa-drenagem.jpg\" alt=\"Dois vasos com plantas \" width=\"920\" height=\"653\" srcset=\"https:\/\/www.proma.com.br\/blog\/wp-content\/uploads\/2016\/04\/Utilizar-vaso-com-boa-drenagem.jpg 920w, https:\/\/www.proma.com.br\/blog\/wp-content\/uploads\/2016\/04\/Utilizar-vaso-com-boa-drenagem-422x300.jpg 422w\" sizes=\"(max-width: 920px) 100vw, 920px\" \/><\/a><\/p>\n<p>Um vaso com boa drenagem exclui um dos problemas fatais para as ervas e os temperos: o apodrecimento da raiz devido ao excesso de \u00e1gua. N\u00e3o se esque\u00e7a de colocar areia no pratinho, e n\u00e3o \u00e1gua, para evitar que o mosquito da dengue nas\u00e7a em sua casa.<\/p>\n<h3>8 &#8211; Poda dr\u00e1stica<\/h3>\n<p>J\u00e1, a regra para cultivar ervas verdejantes \u00e9 simples: quanto mais s\u00e3o consumidas, maior \u00e9 o est\u00edmulo \u00e0 produ\u00e7\u00e3o de novas folhas. Se faltar f\u00f4lego para us\u00e1-las, v\u00e3o murchar e secar. Nesse caso, opte por uma poda vigorosa. Corte as folhas e aguarde \u2013 logo despontar\u00e3o novamente.<\/p>\n<h3>9 \u2013 Truque para afastar pragas<\/h3>\n<p><a href=\"http:\/\/www.proma.com.br\/blog\/wp-content\/uploads\/2016\/04\/Como-afastar-as-pragas-da-horta.jpg\"><img loading=\"lazy\" class=\"alignnone size-full wp-image-3699\" src=\"http:\/\/www.proma.com.br\/blog\/wp-content\/uploads\/2016\/04\/Como-afastar-as-pragas-da-horta.jpg\" alt=\"Folhas com bichos comendo-as\" width=\"920\" height=\"653\" srcset=\"https:\/\/www.proma.com.br\/blog\/wp-content\/uploads\/2016\/04\/Como-afastar-as-pragas-da-horta.jpg 920w, https:\/\/www.proma.com.br\/blog\/wp-content\/uploads\/2016\/04\/Como-afastar-as-pragas-da-horta-422x300.jpg 422w\" sizes=\"(max-width: 920px) 100vw, 920px\" \/><\/a><\/p>\n<p>Desistiu de plantar couve porque as lagartas sempre chegam antes? Seduza-as com outro aperitivo. A capuchinha, planta encontrada nas encostas das montanhas e que produz flores comest\u00edveis, costuma ser mais apreciada por larvas do que as hortali\u00e7as. A sugest\u00e3o \u00e9 altern\u00e1-las \u00e0s verduras no canteiro e continuar plantando sua couve.<\/p>\n<h3>10 &#8211; Solo caprichado<\/h3>\n<p>Acredite: 70% do sucesso da horta acontece por causa do preparo do solo. Em canteiros, caixas ou vasos a terra precisa ter uma aduba\u00e7\u00e3o equilibrada. Dessa forma, misture duas partes de terra comum, uma parte de composto org\u00e2nico (ou h\u00famus de minhoca) e uma parte de areia. O canteiro n\u00e3o pode ter pedras e o solo deve estar bem fofo para que as pequenas ra\u00edzes encontrem caminho livre para crescer.<\/p>\n<p>Incr\u00edveis essas dicas, n\u00e3o \u00e9 mesmo? A partir de agora, voc\u00ea n\u00e3o tem mais desculpas para n\u00e3o fazer uma horta no seu apartamento. Ent\u00e3o, m\u00e3os \u00e0 obra!<\/p>\n<p><b>Fonte<\/b>: <a href=\"http:\/\/goo.gl\/Ae0GkF\" target=\"_blank\">Revista Casa e Jardim<\/a><\/p>\n","protected":false},"excerpt":{"rendered":"<p>Escolher o local, definir as esp\u00e9cies, preparar o solo, organizar a drenagem da terra e cuidar das pragas s\u00e3o tarefas primordiais para quem quer ter uma horta em casa. Contudo, elas podem ser uma terapia para fugir da correria e&hellip;<\/p>\n","protected":false},"author":3,"featured_media":3693,"comment_status":"open","ping_status":"closed","sticky":false,"template":"","format":"standard","meta":[],"categories":[1143],"tags":[2476,2291,1576,2475,2477,2474],"_links":{"self":[{"href":"https:\/\/www.proma.com.br\/blog\/wp-json\/wp\/v2\/posts\/3692"}],"collection":[{"href":"https:\/\/www.proma.com.br\/blog\/wp-json\/wp\/v2\/posts"}],"about":[{"href":"https:\/\/www.proma.com.br\/blog\/wp-json\/wp\/v2\/types\/post"}],"author":[{"embeddable":true,"href":"https:\/\/www.proma.com.br\/blog\/wp-json\/wp\/v2\/users\/3"}],"replies":[{"embeddable":true,"href":"https:\/\/www.proma.com.br\/blog\/wp-json\/wp\/v2\/comments?post=3692"}],"version-history":[{"count":1,"href":"https:\/\/www.proma.com.br\/blog\/wp-json\/wp\/v2\/posts\/3692\/revisions"}],"predecessor-version":[{"id":3700,"href":"https:\/\/www.proma.com.br\/blog\/wp-json\/wp\/v2\/posts\/3692\/revisions\/3700"}],"wp:featuredmedia":[{"embeddable":true,"href":"https:\/\/www.proma.com.br\/blog\/wp-json\/wp\/v2\/media\/3693"}],"wp:attachment":[{"href":"https:\/\/www.proma.com.br\/blog\/wp-json\/wp\/v2\/media?parent=3692"}],"wp:term":[{"taxonomy":"category","embeddable":true,"href":"https:\/\/www.proma.com.br\/blog\/wp-json\/wp\/v2\/categories?post=3692"},{"taxonomy":"post_tag","embeddable":true,"href":"https:\/\/www.proma.com.br\/blog\/wp-json\/wp\/v2\/tags?post=3692"}],"curies":[{"name":"wp","href":"https:\/\/api.w.org\/{rel}","templated":true}]}}