{"id":4204,"date":"2016-12-06T15:36:48","date_gmt":"2016-12-06T18:36:48","guid":{"rendered":"http:\/\/www.proma.com.br\/blog\/?p=4204"},"modified":"2016-09-20T20:41:19","modified_gmt":"2016-09-20T23:41:19","slug":"cores-formatos-e-desenhos-diferentes-5-escadas-para-servir-de-inspiracao","status":"publish","type":"post","link":"https:\/\/www.proma.com.br\/blog\/cores-formatos-e-desenhos-diferentes-5-escadas-para-servir-de-inspiracao\/","title":{"rendered":"CORES, FORMATOS E DESENHOS DIFERENTES: 5 ESCADAS PARA SERVIR DE INSPIRA\u00c7\u00c3O"},"content":{"rendered":"<p>Antigamente, as escadas tinham uma \u00fanica fun\u00e7\u00e3o: levar de um andar para o outro. Hoje, elas assumiram outro papel de destaque, ganhando a nobre miss\u00e3o de compor a decora\u00e7\u00e3o \u2013 e arrasar!<\/p>\n<p>Convenhamos: as escadas, enquanto elemento arquitet\u00f4nico que pode (e deve!) fugir do senso comum, podem virar a atra\u00e7\u00e3o de um ambiente.<\/p>\n<p>Preste bastante aten\u00e7\u00e3o nessas cinco inspira\u00e7\u00f5es que separamos para voc\u00ea. Aprecie e coloque em pr\u00e1tica!<\/p>\n<p><strong>1.\u00a0O poder do amarelo<\/strong><\/p>\n<p><a href=\"http:\/\/www.proma.com.br\/blog\/wp-content\/uploads\/2016\/09\/68.jpg\"><img loading=\"lazy\" class=\"alignnone size-full wp-image-4205\" src=\"http:\/\/www.proma.com.br\/blog\/wp-content\/uploads\/2016\/09\/68.jpg\" alt=\"68\" width=\"620\" height=\"932\" srcset=\"https:\/\/www.proma.com.br\/blog\/wp-content\/uploads\/2016\/09\/68.jpg 620w, https:\/\/www.proma.com.br\/blog\/wp-content\/uploads\/2016\/09\/68-199x300.jpg 199w\" sizes=\"(max-width: 620px) 100vw, 620px\" \/><\/a><\/p>\n<p>Nesta casa em Curitiba, com projeto assinado pelo arquiteto Luiz Maganhoto e o designer Daniel Casagrande, a escada brilha no living integrado. Feita de estrutura met\u00e1lica, a estrutura sinuosa recebeu pintura amarela e pode ser vista de qualquer \u00e1rea do ambiente. No andar superior, um leve e delicado guarda-corpo de vidro recebe os moradores.<\/p>\n<p><strong>2. Elegante e discreta<\/strong><\/p>\n<p><a href=\"http:\/\/www.proma.com.br\/blog\/wp-content\/uploads\/2016\/09\/69.jpg\"><img loading=\"lazy\" class=\"alignnone size-full wp-image-4206\" src=\"http:\/\/www.proma.com.br\/blog\/wp-content\/uploads\/2016\/09\/69.jpg\" alt=\"69\" width=\"620\" height=\"413\" srcset=\"https:\/\/www.proma.com.br\/blog\/wp-content\/uploads\/2016\/09\/69.jpg 620w, https:\/\/www.proma.com.br\/blog\/wp-content\/uploads\/2016\/09\/69-450x300.jpg 450w\" sizes=\"(max-width: 620px) 100vw, 620px\" \/><\/a><\/p>\n<p>Uma estrutura met\u00e1lica pintada na cor preta comp\u00f5e esse triplex, criado pelo escrit\u00f3rio Arkitito, e est\u00e1 presente em v\u00e1rios elementos do projeto. No andar intermedi\u00e1rio, ela aparece na escada, que parece flutuar no espa\u00e7o, e na estante, fazendo um contraste interessante com degraus de madeira.<\/p>\n<p><strong>3. Tapete divertido<\/strong><\/p>\n<p><a href=\"http:\/\/www.proma.com.br\/blog\/wp-content\/uploads\/2016\/09\/70.jpg\"><img loading=\"lazy\" class=\"alignnone size-full wp-image-4207\" src=\"http:\/\/www.proma.com.br\/blog\/wp-content\/uploads\/2016\/09\/70.jpg\" alt=\"70\" width=\"620\" height=\"836\" srcset=\"https:\/\/www.proma.com.br\/blog\/wp-content\/uploads\/2016\/09\/70.jpg 620w, https:\/\/www.proma.com.br\/blog\/wp-content\/uploads\/2016\/09\/70-222x300.jpg 222w\" sizes=\"(max-width: 620px) 100vw, 620px\" \/><\/a><\/p>\n<p>Nesta escada, que fica em um corredor branco do piso ao teto, o est\u00fadio Peter Legge Associates escolheu um tapete cheio de personalidade para criar um clima divertido. Al\u00e9m de pincelar cor no espa\u00e7o total-white, a pe\u00e7a de decora\u00e7\u00e3o exibe uma esp\u00e9cie de degrad\u00ea gr\u00e1fico, que vai do azul ao verde, e, na extremidade inferior, um recorte que remete a forma de um l\u00edquido despejado.<\/p>\n<p><strong>4. Escada e estante<\/strong><\/p>\n<p><a href=\"http:\/\/www.proma.com.br\/blog\/wp-content\/uploads\/2016\/09\/71.jpg\"><img loading=\"lazy\" class=\"alignnone size-full wp-image-4208\" src=\"http:\/\/www.proma.com.br\/blog\/wp-content\/uploads\/2016\/09\/71.jpg\" alt=\"71\" width=\"620\" height=\"842\" srcset=\"https:\/\/www.proma.com.br\/blog\/wp-content\/uploads\/2016\/09\/71.jpg 620w, https:\/\/www.proma.com.br\/blog\/wp-content\/uploads\/2016\/09\/71-220x300.jpg 220w\" sizes=\"(max-width: 620px) 100vw, 620px\" \/><\/a><\/p>\n<p>A sala criada pela Zminkowska De Boise Architects mostra como usar a criatividade para multiplicar o espa\u00e7o. Enquanto os espa\u00e7os entre os degraus da escada ganharam profundidade e se tornaram prateleiras para livros, um recanto debaixo de um arm\u00e1rio virou um banco de leitura.<\/p>\n<p><strong>5. Modernismo org\u00e2nico<\/strong><\/p>\n<p><a href=\"http:\/\/www.proma.com.br\/blog\/wp-content\/uploads\/2016\/09\/72.jpg\"><img loading=\"lazy\" class=\"alignnone size-full wp-image-4209\" src=\"http:\/\/www.proma.com.br\/blog\/wp-content\/uploads\/2016\/09\/72.jpg\" alt=\"72\" width=\"620\" height=\"752\" srcset=\"https:\/\/www.proma.com.br\/blog\/wp-content\/uploads\/2016\/09\/72.jpg 620w, https:\/\/www.proma.com.br\/blog\/wp-content\/uploads\/2016\/09\/72-247x300.jpg 247w\" sizes=\"(max-width: 620px) 100vw, 620px\" \/><\/a><\/p>\n<p>Neste projeto do escrit\u00f3rio Osborn Architects, a simplicidade foi o caminho escolhido para a cria\u00e7\u00e3o desta escada. Com um desenho leve, a estrutura feita de concreto flutua no espa\u00e7o, presa por um guarda-corpo com barras de metal. O resultado \u00e9 uma atmosfera contempor\u00e2nea e elegante.<\/p>\n<p>N\u00f3s queremos saber: qual escada vai servir de inspira\u00e7\u00e3o para o seu lar?<\/p>\n<p><strong>Fonte: <\/strong><a href=\"http:\/\/casavogue.globo.com\/Interiores\/Ambientes\/noticia\/2016\/09\/10-modelos-criativos-de-escadas.html\" target=\"_blank\">Casa Vogue<\/a><\/p>\n","protected":false},"excerpt":{"rendered":"<p>Antigamente, as escadas tinham uma \u00fanica fun\u00e7\u00e3o: levar de um andar para o outro. Hoje, elas assumiram outro papel de destaque, ganhando a nobre miss\u00e3o de compor a decora\u00e7\u00e3o \u2013 e arrasar! Convenhamos: as escadas, enquanto elemento arquitet\u00f4nico que pode&hellip;<\/p>\n","protected":false},"author":2,"featured_media":4206,"comment_status":"open","ping_status":"closed","sticky":false,"template":"","format":"standard","meta":[],"categories":[1,2,5],"tags":[415,419],"_links":{"self":[{"href":"https:\/\/www.proma.com.br\/blog\/wp-json\/wp\/v2\/posts\/4204"}],"collection":[{"href":"https:\/\/www.proma.com.br\/blog\/wp-json\/wp\/v2\/posts"}],"about":[{"href":"https:\/\/www.proma.com.br\/blog\/wp-json\/wp\/v2\/types\/post"}],"author":[{"embeddable":true,"href":"https:\/\/www.proma.com.br\/blog\/wp-json\/wp\/v2\/users\/2"}],"replies":[{"embeddable":true,"href":"https:\/\/www.proma.com.br\/blog\/wp-json\/wp\/v2\/comments?post=4204"}],"version-history":[{"count":1,"href":"https:\/\/www.proma.com.br\/blog\/wp-json\/wp\/v2\/posts\/4204\/revisions"}],"predecessor-version":[{"id":4210,"href":"https:\/\/www.proma.com.br\/blog\/wp-json\/wp\/v2\/posts\/4204\/revisions\/4210"}],"wp:featuredmedia":[{"embeddable":true,"href":"https:\/\/www.proma.com.br\/blog\/wp-json\/wp\/v2\/media\/4206"}],"wp:attachment":[{"href":"https:\/\/www.proma.com.br\/blog\/wp-json\/wp\/v2\/media?parent=4204"}],"wp:term":[{"taxonomy":"category","embeddable":true,"href":"https:\/\/www.proma.com.br\/blog\/wp-json\/wp\/v2\/categories?post=4204"},{"taxonomy":"post_tag","embeddable":true,"href":"https:\/\/www.proma.com.br\/blog\/wp-json\/wp\/v2\/tags?post=4204"}],"curies":[{"name":"wp","href":"https:\/\/api.w.org\/{rel}","templated":true}]}}