{"id":4443,"date":"2017-05-18T14:59:05","date_gmt":"2017-05-18T17:59:05","guid":{"rendered":"http:\/\/www.proma.com.br\/blog\/?p=4443"},"modified":"2017-02-09T20:08:46","modified_gmt":"2017-02-09T23:08:46","slug":"chega-de-duvidas-saiba-como-lavar-as-roupas-corretamente","status":"publish","type":"post","link":"https:\/\/www.proma.com.br\/blog\/chega-de-duvidas-saiba-como-lavar-as-roupas-corretamente\/","title":{"rendered":"CHEGA DE D\u00daVIDAS! SAIBA COMO LAVAR AS ROUPAS CORRETAMENTE"},"content":{"rendered":"<p><a href=\"http:\/\/www.proma.com.br\/blog\/wp-content\/uploads\/2016\/11\/01.jpg\"><img loading=\"lazy\" class=\"alignnone size-full wp-image-4444\" src=\"http:\/\/www.proma.com.br\/blog\/wp-content\/uploads\/2016\/11\/01.jpg\" alt=\"01\" width=\"650\" height=\"400\" srcset=\"https:\/\/www.proma.com.br\/blog\/wp-content\/uploads\/2016\/11\/01.jpg 650w, https:\/\/www.proma.com.br\/blog\/wp-content\/uploads\/2016\/11\/01-487x300.jpg 487w\" sizes=\"(max-width: 650px) 100vw, 650px\" \/><\/a><\/p>\n<p>Lavar as roupas n\u00e3o \u00e9 miss\u00e3o das mais f\u00e1ceis, concorda? Preto com preto, branco com branco, mas e as coloridas? E as manchas? E as pe\u00e7as delicadas?<\/p>\n<p>Enfim! Muitos s\u00e3o os questionamentos \u2013 isso quando o medo n\u00e3o toma conta, afinal, ningu\u00e9m quer estragar aquela roupa preferida.<\/p>\n<p>Por essa raz\u00e3o, compartilhamos algumas perguntas \u2013 que est\u00e3o dispon\u00edveis no site \u201cOrganize sem Frescuras\u201d \u2013 e respostas, que foram elaboradas em parceria com a Unilever.<\/p>\n<p>Vale a pena conferir!<\/p>\n<p><strong>O que tira a mancha de desodorante com suor de roupas brancas e coloridas sem desbotar nem esbranqui\u00e7ar o lugar?<br \/>\n<\/strong><strong>Especialista Unilever:<\/strong> Com toda a correria do dia a dia, ainda mais no clima do Brasil, transpirar \u00e9 praticamente inevit\u00e1vel, n\u00e9? O desodorante \u00e9 parte dos h\u00e1bitos de higiene de muitas pessoas e para evitar as manchas amarelas nas roupas \u00e9 importante seguir alguns passos ao usar o produto: secar bem as axilas, espalhar uniformemente, evitar o uso em excesso, esperar as axilas secarem antes de vestir-se e nunca aplicar diretamente na roupa.<\/p>\n<p>J\u00e1 para minimizar as manchas deixadas nas roupas, a principal recomenda\u00e7\u00e3o \u00e9 n\u00e3o usar a pe\u00e7a mais de uma vez sem lavar. O ac\u00famulo de suor e desodorante no tecido pode piorar a mancha e voc\u00ea ainda corre o risco de desenvolver fungos ou bact\u00e9rias relacionados ao suor excessivo, que provocam, al\u00e9m de desconforto, odores desagrad\u00e1veis.<\/p>\n<p>Outro ponto importante \u00e9 lavar a roupa o mais r\u00e1pido poss\u00edvel, evitando que, ao guardar a roupa, o produto tenha oportunidade de penetrar nas fibras e secar demais, o que dificulta posterior remo\u00e7\u00e3o.<\/p>\n<p>Na lavagem, recomendamos que antes de lavar a sua camiseta ou camisa, aplique um pouco de um lava roupas l\u00edquido concentrado sobre a mancha de desodorante, espalhando o produto com a ponta dos dedos. Depois \u00e9 s\u00f3 colocar a roupa na m\u00e1quina de lavar e seguir o processo normal de lavagem. Se a mancha for antiga, talvez ela n\u00e3o v\u00e1 sair na primeira tentativa. Sendo assim, repita o processo, n\u00e3o passe a ferro porque a mancha pode se fixar ainda mais no tecido.<\/p>\n<p><strong>Gostaria de saber algum truque para retirar pelos de gato da roupa.<\/strong> (Rosi Guerra)<br \/>\n<strong>Especialista Unilever:<\/strong> A sugest\u00e3o \u00e9 escovar as pe\u00e7as antes de lavar, porque, assim, os pelos se soltam com mais facilidade. N\u00e3o recomendamos colocar as pe\u00e7as com pelos direto na lavadora, pois, muitas vezes, eles n\u00e3o saem ou acabam grudando em outras pe\u00e7as.<\/p>\n<p><strong>Tenho lava e seca, uso lava roupas l\u00edquido e amaciante. Quando s\u00f3 lavo as roupas elas ficam perfumadas, mas quando as seco, elas saem com um cheiro esquisito. Algum truque ou produto para indicar?<\/strong> (Anelise Lutz Romer)<br \/>\n<strong>Especialista Unilever:<\/strong> Neste caso \u00e9 importante sempre ler o manual da Lava e Seca para entender melhor o mecanismo de funcionamento e manter uma rotina regular de limpeza do equipamento. Caso o problema persista, entre em contato com o fabricante.<\/p>\n<p><strong>Minha m\u00e1quina \u00e9 para 10 kg. Qual a quantidade de sab\u00e3o em p\u00f3 para usar nos 10 kg de roupas (tanque cheio) e qual a quantida<\/strong><strong>de de amaciante? (o reservat\u00f3rio eu n\u00e3o acho que seja o suficiente!)<\/strong> (Eliane Moura)<br \/>\n<strong>Especialista Unilever:<\/strong> A nossa recomenda\u00e7\u00e3o \u00e9 sempre utilizar a dosagem indicada na embalagem de cada produto. Para m\u00e1quinas com capacidade acima de 9 Kg a recomenda\u00e7\u00e3o de Omo P\u00f3 \u00e9 de 1 copo (um copo de 200 ml cheio ou copo americano cheio). Para o amaciante concentrado a recomenda\u00e7\u00e3o \u00e9 de uma tampa do produto para a m\u00e1quina cheia.<\/p>\n<p><strong>As toalhas novas est\u00e3o ficando \u00e1speras. \u00c9 excesso de sab\u00e3o? \u00c9 verdade que n\u00e3o se deve usar amaciante em toalhas?<\/strong> (Fabiola Farage)<br \/>\n<strong>Especialista Unilever: <\/strong>Vale ficar atenta \u00e0 quantidade de sab\u00e3o e amaciante que voc\u00ea est\u00e1 utilizando no processo de lavagem. Para melhores resultados, \u00e9 importante utilizar sempre a dosagem recomendada nas embalagens de cada produto. N\u00f3s indicamos o uso de amaciante em toalhas no \u00faltimo enx\u00e1gue, pois al\u00e9m de alinhar as fibras do tecido deixando as pe\u00e7as mais macias, ele deixa um perfume mais intenso e duradouro nas pe\u00e7as.<\/p>\n<p><strong>Como lavar casacos de couro sint\u00e9tico?<\/strong> (Thain\u00e1 Oliveira)<br \/>\n<strong>Especialista Unilever:<\/strong> Pe\u00e7as de couro sint\u00e9tico n\u00e3o podem ir \u00e0 m\u00e1quina de lavar. Este tipo de pe\u00e7a necessita dos cuidados de uma lavanderia especializada.<\/p>\n<p><strong>Como tirar mancha amareladas em guardanapos de pano?<\/strong> (Carla Ramos Trevisan)<br \/>\n<strong>Especialista Unilever:<\/strong> Tanto as toalhas e guardanapos, como os panos de pratos, sempre est\u00e3o com manchas da cozinha, como \u00f3leo, azeite, molho de tomate, caf\u00e9, etc. Neste caso a combina\u00e7\u00e3o de um detergente em p\u00f3 com um tira-manchas \u00e9 ideal para se obter os melhores resultados, pois a formula\u00e7\u00e3o do tira-manchas \u00e9 \u00e0 base de alvejante sem cloro que potencializa a remo\u00e7\u00e3o de manchas na hora da lavagem. Alvejantes sem cloro s\u00e3o os \u00fanicos que podem ser misturados com detergentes em p\u00f3 com enzimas.<\/p>\n<p><strong>Para quem costuma lavar roupas a m\u00e3o, ou seja, roupas delicadas, qual o sab\u00e3o mais indicado: l\u00edquido ou em p\u00f3?<\/strong> (Van\u00facia Lob\u00e3o)<br \/>\n<strong>Especialista Unilever:<\/strong> Hoje temos no mercado solu\u00e7\u00f5es espec\u00edficas para roupas delicadas, que podem ser utilizadas na lavagem \u00e0 m\u00e3o e na m\u00e1quina. Caso opte por lavagem \u00e0 m\u00e1quina use saquinhos protetores de roupa. O que voc\u00ea precisa fazer \u00e9 colocar as pe\u00e7as dentro do saquinho, fechar o z\u00edper e seguir com a lavagem. Uma alternativa ao saquinho protetor s\u00e3o as fronhas. Outra dica importante \u00e9 escolher o ciclo \u201croupas delicadas\u201d nas m\u00e1quinas de lavar que possuem essa op\u00e7\u00e3o.<\/p>\n<p><strong>Minhas roupas n\u00e3o t\u00eam mais cheirinho bom quando lavadas. Onde posso estar errando? <\/strong>(Elaine Barbosa)<br \/>\n<strong>Especialista Unilever:<\/strong> \u00c9 importante seguir alguns passos para garantir o perfume das roupas:<\/p>\n<p>&#8211; Nunca deixe as roupas de molho por mais de duas horas;<\/p>\n<p>&#8211; Utilize a dosagem indicada no r\u00f3tulo dos produtos;<\/p>\n<p>&#8211; Opte sempre por boas marcas para garantir os resultados;<\/p>\n<p>&#8211; No supermercado, escolha os amaciantes concentrados que possuem uma perfuma\u00e7\u00e3o mais intensa e duradoura.<\/p>\n<p>Essas dicas foram muito \u00fateis, principalmente para quem est\u00e1 aprendendo a lavar as roupas agora =)<\/p>\n<p><strong>Fonte:<\/strong> <a href=\"http:\/\/organizesemfrescuras.com.br\/limpeza-da-casa\/duvidas-na-lavagem-das-roupas-perguntas-de-leitores-x-resposta-de-especialista-unilever\/\" target=\"_blank\">Organize sem Frescuras<\/a><\/p>\n","protected":false},"excerpt":{"rendered":"<p>Lavar as roupas n\u00e3o \u00e9 miss\u00e3o das mais f\u00e1ceis, concorda? Preto com preto, branco com branco, mas e as coloridas? E as manchas? E as pe\u00e7as delicadas? Enfim! Muitos s\u00e3o os questionamentos \u2013 isso quando o medo n\u00e3o toma conta,&hellip;<\/p>\n","protected":false},"author":2,"featured_media":4444,"comment_status":"open","ping_status":"closed","sticky":false,"template":"","format":"standard","meta":[],"categories":[1],"tags":[2638,2639,2640],"_links":{"self":[{"href":"https:\/\/www.proma.com.br\/blog\/wp-json\/wp\/v2\/posts\/4443"}],"collection":[{"href":"https:\/\/www.proma.com.br\/blog\/wp-json\/wp\/v2\/posts"}],"about":[{"href":"https:\/\/www.proma.com.br\/blog\/wp-json\/wp\/v2\/types\/post"}],"author":[{"embeddable":true,"href":"https:\/\/www.proma.com.br\/blog\/wp-json\/wp\/v2\/users\/2"}],"replies":[{"embeddable":true,"href":"https:\/\/www.proma.com.br\/blog\/wp-json\/wp\/v2\/comments?post=4443"}],"version-history":[{"count":1,"href":"https:\/\/www.proma.com.br\/blog\/wp-json\/wp\/v2\/posts\/4443\/revisions"}],"predecessor-version":[{"id":4445,"href":"https:\/\/www.proma.com.br\/blog\/wp-json\/wp\/v2\/posts\/4443\/revisions\/4445"}],"wp:featuredmedia":[{"embeddable":true,"href":"https:\/\/www.proma.com.br\/blog\/wp-json\/wp\/v2\/media\/4444"}],"wp:attachment":[{"href":"https:\/\/www.proma.com.br\/blog\/wp-json\/wp\/v2\/media?parent=4443"}],"wp:term":[{"taxonomy":"category","embeddable":true,"href":"https:\/\/www.proma.com.br\/blog\/wp-json\/wp\/v2\/categories?post=4443"},{"taxonomy":"post_tag","embeddable":true,"href":"https:\/\/www.proma.com.br\/blog\/wp-json\/wp\/v2\/tags?post=4443"}],"curies":[{"name":"wp","href":"https:\/\/api.w.org\/{rel}","templated":true}]}}