{"id":4463,"date":"2017-03-23T15:17:45","date_gmt":"2017-03-23T18:17:45","guid":{"rendered":"http:\/\/www.proma.com.br\/blog\/?p=4463"},"modified":"2016-11-30T19:25:45","modified_gmt":"2016-11-30T22:25:45","slug":"escolha-um-sofa-colorido-e-tenha-uma-sala-cheia-de-vida","status":"publish","type":"post","link":"https:\/\/www.proma.com.br\/blog\/escolha-um-sofa-colorido-e-tenha-uma-sala-cheia-de-vida\/","title":{"rendered":"ESCOLHA UM SOF\u00c1 COLORIDO E TENHA UMA SALA CHEIA DE VIDA"},"content":{"rendered":"<p>Rosa, preto, verde ou laranja? Que tal fugir de uma decora\u00e7\u00e3o tradicional e escolher um sof\u00e1 colorido para a sua sala?<\/p>\n<p>Se voc\u00ea tem personalidade e gosta de ousar nos ambientes do seu lar, saiba que a pe\u00e7a tem o poder de trazer vida e energia.<\/p>\n<p>Quer ver?<\/p>\n<p>\u00c9 s\u00f3 conferir e se inspirar!<\/p>\n<p><strong>Azul<\/strong><\/p>\n<p><a href=\"http:\/\/www.proma.com.br\/blog\/wp-content\/uploads\/2016\/11\/08.jpg\"><img loading=\"lazy\" class=\"alignnone size-full wp-image-4464\" src=\"http:\/\/www.proma.com.br\/blog\/wp-content\/uploads\/2016\/11\/08.jpg\" alt=\"08\" width=\"620\" height=\"455\" srcset=\"https:\/\/www.proma.com.br\/blog\/wp-content\/uploads\/2016\/11\/08.jpg 620w, https:\/\/www.proma.com.br\/blog\/wp-content\/uploads\/2016\/11\/08-408x300.jpg 408w\" sizes=\"(max-width: 620px) 100vw, 620px\" \/><\/a><\/p>\n<p>Nessa espa\u00e7osa sala, decorada com cores neutras, como o branco, madeira e tons past\u00e9is, o destaque ficou por conta do sof\u00e1 azul revestido com lona pela marca. A pe\u00e7a ainda ganhou almofadas nas cores vermelho, laranja e estampada.<\/p>\n<p><strong>Rosa<\/strong><\/p>\n<p><a href=\"http:\/\/www.proma.com.br\/blog\/wp-content\/uploads\/2016\/11\/09.jpg\"><img loading=\"lazy\" class=\"alignnone size-full wp-image-4465\" src=\"http:\/\/www.proma.com.br\/blog\/wp-content\/uploads\/2016\/11\/09.jpg\" alt=\"09\" width=\"620\" height=\"930\" srcset=\"https:\/\/www.proma.com.br\/blog\/wp-content\/uploads\/2016\/11\/09.jpg 620w, https:\/\/www.proma.com.br\/blog\/wp-content\/uploads\/2016\/11\/09-200x300.jpg 200w\" sizes=\"(max-width: 620px) 100vw, 620px\" \/><\/a><\/p>\n<p>A estante branca recheada de obras de Leo Macias e o piso de madeira tornam o sof\u00e1 cor-de-rosa, desenhado por Ana L\u00edvia Bruno, o centro das aten\u00e7\u00f5es. Para combinar, o tapete tamb\u00e9m na cor rosa.<\/p>\n<p><strong>Vermelho<\/strong><\/p>\n<p><a href=\"http:\/\/www.proma.com.br\/blog\/wp-content\/uploads\/2016\/11\/10.jpg\"><img loading=\"lazy\" class=\"alignnone size-full wp-image-4466\" src=\"http:\/\/www.proma.com.br\/blog\/wp-content\/uploads\/2016\/11\/10.jpg\" alt=\"10\" width=\"620\" height=\"455\" srcset=\"https:\/\/www.proma.com.br\/blog\/wp-content\/uploads\/2016\/11\/10.jpg 620w, https:\/\/www.proma.com.br\/blog\/wp-content\/uploads\/2016\/11\/10-408x300.jpg 408w\" sizes=\"(max-width: 620px) 100vw, 620px\" \/><\/a><\/p>\n<p>Para combinar tons fortes, como o vermelho, invista em ambientes com cores neutras. Assim, a pe\u00e7a ganha destaque no espa\u00e7o.<\/p>\n<p><strong>Preto<\/strong><\/p>\n<p><a href=\"http:\/\/www.proma.com.br\/blog\/wp-content\/uploads\/2016\/11\/11.jpg\"><img loading=\"lazy\" class=\"alignnone size-full wp-image-4467\" src=\"http:\/\/www.proma.com.br\/blog\/wp-content\/uploads\/2016\/11\/11.jpg\" alt=\"11\" width=\"620\" height=\"455\" srcset=\"https:\/\/www.proma.com.br\/blog\/wp-content\/uploads\/2016\/11\/11.jpg 620w, https:\/\/www.proma.com.br\/blog\/wp-content\/uploads\/2016\/11\/11-408x300.jpg 408w\" sizes=\"(max-width: 620px) 100vw, 620px\" \/><\/a><\/p>\n<p>As pe\u00e7as em cores neutras pedem um ambiente colorido, com pe\u00e7as vivas e paredes personalizadas. Nesta sala de estar o destaque fica por conta do grafite da artista pl\u00e1stica Evelyn Negahamburguer. O sof\u00e1 preto aparece discretamente ao lado da cadeira amarela.<\/p>\n<p><strong>Laranja<\/strong><\/p>\n<p><a href=\"http:\/\/www.proma.com.br\/blog\/wp-content\/uploads\/2016\/11\/12.jpg\"><img loading=\"lazy\" class=\"alignnone size-full wp-image-4468\" src=\"http:\/\/www.proma.com.br\/blog\/wp-content\/uploads\/2016\/11\/12.jpg\" alt=\"12\" width=\"620\" height=\"455\" srcset=\"https:\/\/www.proma.com.br\/blog\/wp-content\/uploads\/2016\/11\/12.jpg 620w, https:\/\/www.proma.com.br\/blog\/wp-content\/uploads\/2016\/11\/12-408x300.jpg 408w\" sizes=\"(max-width: 620px) 100vw, 620px\" \/><\/a><\/p>\n<p>Cores vivas s\u00e3o bem-vindas em ambientes externos. Nesse quintal, ao lado de muito verde, os sof\u00e1s trazem ainda mais vida ao jardim.<\/p>\n<p><strong>Amarelo<\/strong><\/p>\n<p><a href=\"http:\/\/www.proma.com.br\/blog\/wp-content\/uploads\/2016\/11\/13.jpg\"><img loading=\"lazy\" class=\"alignnone size-full wp-image-4469\" src=\"http:\/\/www.proma.com.br\/blog\/wp-content\/uploads\/2016\/11\/13.jpg\" alt=\"13\" width=\"620\" height=\"455\" srcset=\"https:\/\/www.proma.com.br\/blog\/wp-content\/uploads\/2016\/11\/13.jpg 620w, https:\/\/www.proma.com.br\/blog\/wp-content\/uploads\/2016\/11\/13-408x300.jpg 408w\" sizes=\"(max-width: 620px) 100vw, 620px\" \/><\/a><\/p>\n<p>Como trazer vida \u00e0 um ambiente composto por uma paleta de cores que combina preto, branco e marrom? Se a sua resposta for amarelo, acertou! A estrela dessa sala \u00e9, sem d\u00favidas, o sof\u00e1 capiton\u00ea combinado \u00e0s almofadas.<\/p>\n<p><strong>Branco<\/strong><\/p>\n<p><a href=\"http:\/\/www.proma.com.br\/blog\/wp-content\/uploads\/2016\/11\/14.jpg\"><img loading=\"lazy\" class=\"alignnone size-full wp-image-4470\" src=\"http:\/\/www.proma.com.br\/blog\/wp-content\/uploads\/2016\/11\/14.jpg\" alt=\"14\" width=\"620\" height=\"455\" srcset=\"https:\/\/www.proma.com.br\/blog\/wp-content\/uploads\/2016\/11\/14.jpg 620w, https:\/\/www.proma.com.br\/blog\/wp-content\/uploads\/2016\/11\/14-408x300.jpg 408w\" sizes=\"(max-width: 620px) 100vw, 620px\" \/><\/a><\/p>\n<p>Quem disse que usar branco \u00e9 f\u00e1cil? Nesse exemplo, a sala inteira \u00e9 decorada no tom &#8211; inclusive o sof\u00e1 revestido com linho. Para quebrar o monocr\u00e1tico, o espa\u00e7o ganhou almofadas cor-de-rosa.<\/p>\n<p><strong>Roxo<\/strong><\/p>\n<p><a href=\"http:\/\/www.proma.com.br\/blog\/wp-content\/uploads\/2016\/11\/15.jpg\"><img loading=\"lazy\" class=\"alignnone size-full wp-image-4471\" src=\"http:\/\/www.proma.com.br\/blog\/wp-content\/uploads\/2016\/11\/15.jpg\" alt=\"15\" width=\"620\" height=\"930\" srcset=\"https:\/\/www.proma.com.br\/blog\/wp-content\/uploads\/2016\/11\/15.jpg 620w, https:\/\/www.proma.com.br\/blog\/wp-content\/uploads\/2016\/11\/15-200x300.jpg 200w\" sizes=\"(max-width: 620px) 100vw, 620px\" \/><\/a><\/p>\n<p>Mais uma vez, \u00e9 importante investir em revestimentos de cores neutras, deixando que o sof\u00e1 colorido seja o destaque. Para compor o d\u00e9cor dessa sala com o sof\u00e1 roxo a solu\u00e7\u00e3o foi investir em tapete branco e pufes, al\u00e9m de almofadas estampadas.<\/p>\n<p><strong>Verde<\/strong><\/p>\n<p><a href=\"http:\/\/www.proma.com.br\/blog\/wp-content\/uploads\/2016\/11\/16.jpg\"><img loading=\"lazy\" class=\"alignnone size-full wp-image-4472\" src=\"http:\/\/www.proma.com.br\/blog\/wp-content\/uploads\/2016\/11\/16.jpg\" alt=\"16\" width=\"620\" height=\"932\" srcset=\"https:\/\/www.proma.com.br\/blog\/wp-content\/uploads\/2016\/11\/16.jpg 620w, https:\/\/www.proma.com.br\/blog\/wp-content\/uploads\/2016\/11\/16-199x300.jpg 199w\" sizes=\"(max-width: 620px) 100vw, 620px\" \/><\/a><\/p>\n<p>Para combinar com o verde do jardim, nada melhor do que esse sof\u00e1. As almofadas de bolinhas coloridas trazem harmonia e vida para o ambiente.<\/p>\n<p>Agora que ficou muito mais f\u00e1cil definir a cor do seu sof\u00e1 \u00e9 s\u00f3 dedicar o seu tempo para escolher o modelo e os demais mobili\u00e1rios da sua sala.<\/p>\n<p><strong>Fonte:<\/strong> <a href=\"http:\/\/revistacasaejardim.globo.com\/Casa-e-Jardim\/Decoracao\/noticia\/2016\/10\/sofas-coloridos-saiba-como-combinar.html\" target=\"_blank\">Casa e Jardim<\/a><\/p>\n","protected":false},"excerpt":{"rendered":"<p>Rosa, preto, verde ou laranja? Que tal fugir de uma decora\u00e7\u00e3o tradicional e escolher um sof\u00e1 colorido para a sua sala? Se voc\u00ea tem personalidade e gosta de ousar nos ambientes do seu lar, saiba que a pe\u00e7a tem o&hellip;<\/p>\n","protected":false},"author":2,"featured_media":4469,"comment_status":"open","ping_status":"closed","sticky":false,"template":"","format":"standard","meta":[],"categories":[2,6],"tags":[2635,2645],"_links":{"self":[{"href":"https:\/\/www.proma.com.br\/blog\/wp-json\/wp\/v2\/posts\/4463"}],"collection":[{"href":"https:\/\/www.proma.com.br\/blog\/wp-json\/wp\/v2\/posts"}],"about":[{"href":"https:\/\/www.proma.com.br\/blog\/wp-json\/wp\/v2\/types\/post"}],"author":[{"embeddable":true,"href":"https:\/\/www.proma.com.br\/blog\/wp-json\/wp\/v2\/users\/2"}],"replies":[{"embeddable":true,"href":"https:\/\/www.proma.com.br\/blog\/wp-json\/wp\/v2\/comments?post=4463"}],"version-history":[{"count":1,"href":"https:\/\/www.proma.com.br\/blog\/wp-json\/wp\/v2\/posts\/4463\/revisions"}],"predecessor-version":[{"id":4473,"href":"https:\/\/www.proma.com.br\/blog\/wp-json\/wp\/v2\/posts\/4463\/revisions\/4473"}],"wp:featuredmedia":[{"embeddable":true,"href":"https:\/\/www.proma.com.br\/blog\/wp-json\/wp\/v2\/media\/4469"}],"wp:attachment":[{"href":"https:\/\/www.proma.com.br\/blog\/wp-json\/wp\/v2\/media?parent=4463"}],"wp:term":[{"taxonomy":"category","embeddable":true,"href":"https:\/\/www.proma.com.br\/blog\/wp-json\/wp\/v2\/categories?post=4463"},{"taxonomy":"post_tag","embeddable":true,"href":"https:\/\/www.proma.com.br\/blog\/wp-json\/wp\/v2\/tags?post=4463"}],"curies":[{"name":"wp","href":"https:\/\/api.w.org\/{rel}","templated":true}]}}