{"id":4523,"date":"2017-04-18T15:37:25","date_gmt":"2017-04-18T18:37:25","guid":{"rendered":"http:\/\/www.proma.com.br\/blog\/?p=4523"},"modified":"2016-12-14T22:49:49","modified_gmt":"2016-12-15T01:49:49","slug":"invista-em-plantas-pendentes-nos-apartamentos-pequenos","status":"publish","type":"post","link":"https:\/\/www.proma.com.br\/blog\/invista-em-plantas-pendentes-nos-apartamentos-pequenos\/","title":{"rendered":"INVISTA EM PLANTAS PENDENTES NOS APARTAMENTOS PEQUENOS"},"content":{"rendered":"<p>Voc\u00ea adora plantas, mas acha que seu apartamento \u00e9 pequeno demais para cultiv\u00e1-las?<\/p>\n<p>Que tal apostar em plantas pendentes? Ao contr\u00e1rio da maioria, existe um grupo de esp\u00e9cies que ficam ainda mais bonitas quando cultivadas longe do ch\u00e3o, como as samambaias e as peper\u00f4mias.<\/p>\n<p>Abaixo, voc\u00ea confere algumas sugest\u00f5es para integr\u00e1-las \u00e0 sua decora\u00e7\u00e3o!<\/p>\n<p><strong>De n\u00f3 em n\u00f3\u00a0<\/strong><\/p>\n<p><a href=\"http:\/\/www.proma.com.br\/blog\/wp-content\/uploads\/2016\/12\/50.jpg\"><img loading=\"lazy\" class=\"alignnone size-full wp-image-4524\" src=\"http:\/\/www.proma.com.br\/blog\/wp-content\/uploads\/2016\/12\/50.jpg\" alt=\"50\" width=\"620\" height=\"852\" srcset=\"https:\/\/www.proma.com.br\/blog\/wp-content\/uploads\/2016\/12\/50.jpg 620w, https:\/\/www.proma.com.br\/blog\/wp-content\/uploads\/2016\/12\/50-218x300.jpg 218w\" sizes=\"(max-width: 620px) 100vw, 620px\" \/><\/a><\/p>\n<p>Os hangers de macram\u00ea \u2014 t\u00e9cnica de tecelagem manual que utiliza somente n\u00f3s \u2014 s\u00e3o as pe\u00e7as queridinhas do momento para quem quer decorar algum cantinho da casa com plantas. Este modelo, do Studio Dr\u00ea Magalh\u00e3es, foi feito com corda biodegrad\u00e1vel e pe\u00e7as de cobre. O tacho de cobre \u00e9 da marca Da Horta.<\/p>\n<p><strong>Lugar incomum<\/strong><\/p>\n<p><a href=\"http:\/\/www.proma.com.br\/blog\/wp-content\/uploads\/2016\/12\/51.jpg\"><img loading=\"lazy\" class=\"alignnone size-full wp-image-4525\" src=\"http:\/\/www.proma.com.br\/blog\/wp-content\/uploads\/2016\/12\/51.jpg\" alt=\"51\" width=\"620\" height=\"455\" srcset=\"https:\/\/www.proma.com.br\/blog\/wp-content\/uploads\/2016\/12\/51.jpg 620w, https:\/\/www.proma.com.br\/blog\/wp-content\/uploads\/2016\/12\/51-408x300.jpg 408w\" sizes=\"(max-width: 620px) 100vw, 620px\" \/><\/a><\/p>\n<p>Os vasos com samambaias quebram a rigidez da estante branca com m\u00f3dulos de tamanhos iguais, criando pontos de destaque. Projeto do arquiteto Sidney Quintela.<\/p>\n<p><strong>Quase &#8220;de metro&#8221;<\/strong><\/p>\n<p><a href=\"http:\/\/www.proma.com.br\/blog\/wp-content\/uploads\/2016\/12\/52.jpg\"><img loading=\"lazy\" class=\"alignnone size-full wp-image-4526\" src=\"http:\/\/www.proma.com.br\/blog\/wp-content\/uploads\/2016\/12\/52.jpg\" alt=\"52\" width=\"620\" height=\"930\" srcset=\"https:\/\/www.proma.com.br\/blog\/wp-content\/uploads\/2016\/12\/52.jpg 620w, https:\/\/www.proma.com.br\/blog\/wp-content\/uploads\/2016\/12\/52-200x300.jpg 200w\" sizes=\"(max-width: 620px) 100vw, 620px\" \/><\/a><\/p>\n<p>As folhas longas da samambaia pendem para fora do vaso e caem como cabelos sobre a cristaleira da artes\u00e3 Claudia Regina, do ateli\u00ea La Calle Florida.<\/p>\n<p><strong>Vaso de prateleira<\/strong><\/p>\n<p><a href=\"http:\/\/www.proma.com.br\/blog\/wp-content\/uploads\/2017\/04\/53.jpg\"><img loading=\"lazy\" class=\"alignnone size-full wp-image-4529\" src=\"http:\/\/www.proma.com.br\/blog\/wp-content\/uploads\/2017\/04\/53.jpg\" alt=\"53\" width=\"620\" height=\"930\" srcset=\"https:\/\/www.proma.com.br\/blog\/wp-content\/uploads\/2017\/04\/53.jpg 620w, https:\/\/www.proma.com.br\/blog\/wp-content\/uploads\/2017\/04\/53-200x300.jpg 200w\" sizes=\"(max-width: 620px) 100vw, 620px\" \/><\/a><\/p>\n<p>O vaso de peper\u00f4mia decora a prateleira de drywall criada acima da porta pantogr\u00e1fica, que separa a cozinha da sala de jantar. Projeto das arquitetas Mariana Andersen e Mariana Guardani, do escrit\u00f3rio Casa 14.<\/p>\n<p><strong>Presen\u00e7a natural<\/strong><\/p>\n<p>Os ramos da columeia caem sobre o arm\u00e1rio de concreto armado. A esp\u00e9cie \u00e9 \u00f3tima para uso em ambientes internos, como este banheiro, porque prefere ser cultivada em locais de meia-sombra. Projeto assinado pelo designer Marcelo Rosenbaum e pelo arquiteto Flavio Miranda.<\/p>\n<p><a href=\"http:\/\/www.proma.com.br\/blog\/wp-content\/uploads\/2017\/04\/54.jpg\"><img loading=\"lazy\" class=\"alignnone size-full wp-image-4531\" src=\"http:\/\/www.proma.com.br\/blog\/wp-content\/uploads\/2017\/04\/54.jpg\" alt=\"54\" width=\"620\" height=\"930\" srcset=\"https:\/\/www.proma.com.br\/blog\/wp-content\/uploads\/2017\/04\/54.jpg 620w, https:\/\/www.proma.com.br\/blog\/wp-content\/uploads\/2017\/04\/54-200x300.jpg 200w\" sizes=\"(max-width: 620px) 100vw, 620px\" \/><\/a><\/p>\n<p><strong>Ingrediente especial<\/strong><\/p>\n<p>O publicit\u00e1rio Antonio de Carvalho J\u00fanior aproveitou o gancho que costuma vir nos vasos de plantas pendentes para pendurar esta jiboia em sua cozinha. A esp\u00e9cie, que tamb\u00e9m gosta de meia-sombra, vai ganhando manchas mais claras com o passar do tempo. Projeto do arquiteto Maur\u00edcio Arruda.<\/p>\n<p><a href=\"http:\/\/www.proma.com.br\/blog\/wp-content\/uploads\/2017\/04\/551.jpg\"><img loading=\"lazy\" class=\"alignnone size-full wp-image-4532\" src=\"http:\/\/www.proma.com.br\/blog\/wp-content\/uploads\/2017\/04\/551.jpg\" alt=\"55\" width=\"620\" height=\"930\" srcset=\"https:\/\/www.proma.com.br\/blog\/wp-content\/uploads\/2017\/04\/551.jpg 620w, https:\/\/www.proma.com.br\/blog\/wp-content\/uploads\/2017\/04\/551-200x300.jpg 200w\" sizes=\"(max-width: 620px) 100vw, 620px\" \/><\/a><\/p>\n<p><strong>Escalada tropical<\/strong><\/p>\n<p>N\u00e3o \u00e9 preciso muito espa\u00e7o para criar um jardim vertical e o resultado \u00e9 sempre surpreendente. Nesta parede estreita e com pouca profundidade na \u00e1rea de servi\u00e7o, a arquiteta Eliane Mesquita utilizou vasos com samambaias, chifres-de-veado, aspl\u00eanios e peper\u00f4mias.<\/p>\n<p><a href=\"http:\/\/www.proma.com.br\/blog\/wp-content\/uploads\/2017\/04\/56.jpg\"><img loading=\"lazy\" class=\"alignnone size-full wp-image-4533\" src=\"http:\/\/www.proma.com.br\/blog\/wp-content\/uploads\/2017\/04\/56.jpg\" alt=\"56\" width=\"620\" height=\"930\" srcset=\"https:\/\/www.proma.com.br\/blog\/wp-content\/uploads\/2017\/04\/56.jpg 620w, https:\/\/www.proma.com.br\/blog\/wp-content\/uploads\/2017\/04\/56-200x300.jpg 200w\" sizes=\"(max-width: 620px) 100vw, 620px\" \/><\/a><\/p>\n<p>Qual dessas op\u00e7\u00f5es se encaixa melhor com a decora\u00e7\u00e3o do seu lar?<\/p>\n<p><strong>Fonte: <\/strong><a href=\"http:\/\/revistacasaejardim.globo.com\/Casa-e-Jardim\/Paisagismo\/noticia\/2016\/12\/pouco-espaco-invista-em-plantas-pendentes.html\" target=\"_blank\">Casa e Jardim<\/a><\/p>\n","protected":false},"excerpt":{"rendered":"<p>Voc\u00ea adora plantas, mas acha que seu apartamento \u00e9 pequeno demais para cultiv\u00e1-las? Que tal apostar em plantas pendentes? Ao contr\u00e1rio da maioria, existe um grupo de esp\u00e9cies que ficam ainda mais bonitas quando cultivadas longe do ch\u00e3o, como as&hellip;<\/p>\n","protected":false},"author":2,"featured_media":4524,"comment_status":"open","ping_status":"closed","sticky":false,"template":"","format":"standard","meta":[],"categories":[1144,5],"tags":[2655,2654,2653],"_links":{"self":[{"href":"https:\/\/www.proma.com.br\/blog\/wp-json\/wp\/v2\/posts\/4523"}],"collection":[{"href":"https:\/\/www.proma.com.br\/blog\/wp-json\/wp\/v2\/posts"}],"about":[{"href":"https:\/\/www.proma.com.br\/blog\/wp-json\/wp\/v2\/types\/post"}],"author":[{"embeddable":true,"href":"https:\/\/www.proma.com.br\/blog\/wp-json\/wp\/v2\/users\/2"}],"replies":[{"embeddable":true,"href":"https:\/\/www.proma.com.br\/blog\/wp-json\/wp\/v2\/comments?post=4523"}],"version-history":[{"count":3,"href":"https:\/\/www.proma.com.br\/blog\/wp-json\/wp\/v2\/posts\/4523\/revisions"}],"predecessor-version":[{"id":4534,"href":"https:\/\/www.proma.com.br\/blog\/wp-json\/wp\/v2\/posts\/4523\/revisions\/4534"}],"wp:featuredmedia":[{"embeddable":true,"href":"https:\/\/www.proma.com.br\/blog\/wp-json\/wp\/v2\/media\/4524"}],"wp:attachment":[{"href":"https:\/\/www.proma.com.br\/blog\/wp-json\/wp\/v2\/media?parent=4523"}],"wp:term":[{"taxonomy":"category","embeddable":true,"href":"https:\/\/www.proma.com.br\/blog\/wp-json\/wp\/v2\/categories?post=4523"},{"taxonomy":"post_tag","embeddable":true,"href":"https:\/\/www.proma.com.br\/blog\/wp-json\/wp\/v2\/tags?post=4523"}],"curies":[{"name":"wp","href":"https:\/\/api.w.org\/{rel}","templated":true}]}}