{"id":4557,"date":"2017-04-27T15:35:52","date_gmt":"2017-04-27T18:35:52","guid":{"rendered":"http:\/\/www.proma.com.br\/blog\/?p=4557"},"modified":"2016-12-14T23:38:34","modified_gmt":"2016-12-15T02:38:34","slug":"amarelo-na-decoracao-alegria-aconchego-e-bem-estar","status":"publish","type":"post","link":"https:\/\/www.proma.com.br\/blog\/amarelo-na-decoracao-alegria-aconchego-e-bem-estar\/","title":{"rendered":"AMARELO NA DECORA\u00c7\u00c3O: ALEGRIA, ACONCHEGO E BEM-ESTAR"},"content":{"rendered":"<p>Voc\u00ea gosta do amarelo? Sim? N\u00e3o? Mais ou menos? Bom, as cores v\u00e3o ao encontro da personalidade de cada pessoa e ningu\u00e9m tem a obriga\u00e7\u00e3o de escolher uma cor que n\u00e3o goste \u2013 principalmente quando o assunto \u00e9 decora\u00e7\u00e3o.<\/p>\n<p><a href=\"http:\/\/www.proma.com.br\/blog\/wp-content\/uploads\/2016\/12\/72.jpg\"><img loading=\"lazy\" class=\"alignnone size-full wp-image-4558\" src=\"http:\/\/www.proma.com.br\/blog\/wp-content\/uploads\/2016\/12\/72.jpg\" alt=\"72\" width=\"564\" height=\"846\" srcset=\"https:\/\/www.proma.com.br\/blog\/wp-content\/uploads\/2016\/12\/72.jpg 564w, https:\/\/www.proma.com.br\/blog\/wp-content\/uploads\/2016\/12\/72-200x300.jpg 200w\" sizes=\"(max-width: 564px) 100vw, 564px\" \/><\/a><\/p>\n<p>Em cada cultura, o amarelo carrega uma simbologia, sabia? Para o Isl\u00e3, por exemplo, a cor \u00e9 sin\u00f4nimo de sabedoria. Na \u00cdndia, \u00e9 a cor da purifica\u00e7\u00e3o; na China, simboliza positividade. J\u00e1 na cultura popular brasileira, o amarelo estimula a criatividade e traz boas energias.<\/p>\n<p>Hoje, vamos mostrar alguns ambientes que ficaram ainda mais charmosos com um toque de amarelo \u2013 seja numa parede, num objeto ou num pequeno detalhe.<\/p>\n<p>Confira!<\/p>\n<p><a href=\"http:\/\/www.proma.com.br\/blog\/wp-content\/uploads\/2016\/12\/73.jpg\"><img loading=\"lazy\" class=\"alignnone size-full wp-image-4559\" src=\"http:\/\/www.proma.com.br\/blog\/wp-content\/uploads\/2016\/12\/73.jpg\" alt=\"73\" width=\"564\" height=\"810\" srcset=\"https:\/\/www.proma.com.br\/blog\/wp-content\/uploads\/2016\/12\/73.jpg 564w, https:\/\/www.proma.com.br\/blog\/wp-content\/uploads\/2016\/12\/73-208x300.jpg 208w\" sizes=\"(max-width: 564px) 100vw, 564px\" \/><\/a> <a href=\"http:\/\/www.proma.com.br\/blog\/wp-content\/uploads\/2016\/12\/74.jpg\"><img loading=\"lazy\" class=\"alignnone size-large wp-image-4560\" src=\"http:\/\/www.proma.com.br\/blog\/wp-content\/uploads\/2016\/12\/74.jpg\" alt=\"74\" width=\"385\" height=\"580\" srcset=\"https:\/\/www.proma.com.br\/blog\/wp-content\/uploads\/2016\/12\/74.jpg 385w, https:\/\/www.proma.com.br\/blog\/wp-content\/uploads\/2016\/12\/74-199x300.jpg 199w\" sizes=\"(max-width: 385px) 100vw, 385px\" \/><\/a> <a href=\"http:\/\/www.proma.com.br\/blog\/wp-content\/uploads\/2016\/12\/75.jpg\"><img loading=\"lazy\" class=\"alignnone size-large wp-image-4561\" src=\"http:\/\/www.proma.com.br\/blog\/wp-content\/uploads\/2016\/12\/75.jpg\" alt=\"75\" width=\"564\" height=\"534\" srcset=\"https:\/\/www.proma.com.br\/blog\/wp-content\/uploads\/2016\/12\/75.jpg 564w, https:\/\/www.proma.com.br\/blog\/wp-content\/uploads\/2016\/12\/75-316x300.jpg 316w\" sizes=\"(max-width: 564px) 100vw, 564px\" \/><\/a> <a href=\"http:\/\/www.proma.com.br\/blog\/wp-content\/uploads\/2016\/12\/76.jpg\"><img loading=\"lazy\" class=\"alignnone size-large wp-image-4562\" src=\"http:\/\/www.proma.com.br\/blog\/wp-content\/uploads\/2016\/12\/76.jpg\" alt=\"76\" width=\"564\" height=\"750\" srcset=\"https:\/\/www.proma.com.br\/blog\/wp-content\/uploads\/2016\/12\/76.jpg 564w, https:\/\/www.proma.com.br\/blog\/wp-content\/uploads\/2016\/12\/76-225x300.jpg 225w\" sizes=\"(max-width: 564px) 100vw, 564px\" \/><\/a> <a href=\"http:\/\/www.proma.com.br\/blog\/wp-content\/uploads\/2016\/12\/77.jpg\"><img loading=\"lazy\" class=\"alignnone size-large wp-image-4563\" src=\"http:\/\/www.proma.com.br\/blog\/wp-content\/uploads\/2016\/12\/77.jpg\" alt=\"77\" width=\"564\" height=\"787\" srcset=\"https:\/\/www.proma.com.br\/blog\/wp-content\/uploads\/2016\/12\/77.jpg 564w, https:\/\/www.proma.com.br\/blog\/wp-content\/uploads\/2016\/12\/77-214x300.jpg 214w\" sizes=\"(max-width: 564px) 100vw, 564px\" \/><\/a> <a href=\"http:\/\/www.proma.com.br\/blog\/wp-content\/uploads\/2016\/12\/78.jpg\"><img loading=\"lazy\" class=\"alignnone size-large wp-image-4564\" src=\"http:\/\/www.proma.com.br\/blog\/wp-content\/uploads\/2016\/12\/78.jpg\" alt=\"78\" width=\"384\" height=\"576\" srcset=\"https:\/\/www.proma.com.br\/blog\/wp-content\/uploads\/2016\/12\/78.jpg 384w, https:\/\/www.proma.com.br\/blog\/wp-content\/uploads\/2016\/12\/78-200x300.jpg 200w\" sizes=\"(max-width: 384px) 100vw, 384px\" \/><\/a> <a href=\"http:\/\/www.proma.com.br\/blog\/wp-content\/uploads\/2016\/12\/79.jpg\"><img loading=\"lazy\" class=\"alignnone size-large wp-image-4565\" src=\"http:\/\/www.proma.com.br\/blog\/wp-content\/uploads\/2016\/12\/79.jpg\" alt=\"79\" width=\"564\" height=\"412\" srcset=\"https:\/\/www.proma.com.br\/blog\/wp-content\/uploads\/2016\/12\/79.jpg 564w, https:\/\/www.proma.com.br\/blog\/wp-content\/uploads\/2016\/12\/79-410x300.jpg 410w\" sizes=\"(max-width: 564px) 100vw, 564px\" \/><\/a> <a href=\"http:\/\/www.proma.com.br\/blog\/wp-content\/uploads\/2016\/12\/80.jpg\"><img loading=\"lazy\" class=\"alignnone size-large wp-image-4566\" src=\"http:\/\/www.proma.com.br\/blog\/wp-content\/uploads\/2016\/12\/80.jpg\" alt=\"80\" width=\"530\" height=\"723\" srcset=\"https:\/\/www.proma.com.br\/blog\/wp-content\/uploads\/2016\/12\/80.jpg 530w, https:\/\/www.proma.com.br\/blog\/wp-content\/uploads\/2016\/12\/80-219x300.jpg 219w\" sizes=\"(max-width: 530px) 100vw, 530px\" \/><\/a><\/p>\n<p>Que tal? Se voc\u00ea gosta de amarelo, n\u00e3o faltam sugest\u00f5es para voc\u00ea renovar o seu lar.<\/p>\n<p><strong>Fonte:<\/strong> <a href=\"http:\/\/www.casinhabonitinha.com.br\" target=\"_blank\">Casinha Bonitinha<\/a><\/p>\n","protected":false},"excerpt":{"rendered":"<p>Voc\u00ea gosta do amarelo? Sim? N\u00e3o? Mais ou menos? Bom, as cores v\u00e3o ao encontro da personalidade de cada pessoa e ningu\u00e9m tem a obriga\u00e7\u00e3o de escolher uma cor que n\u00e3o goste \u2013 principalmente quando o assunto \u00e9 decora\u00e7\u00e3o. Em&hellip;<\/p>\n","protected":false},"author":2,"featured_media":4560,"comment_status":"open","ping_status":"closed","sticky":false,"template":"","format":"standard","meta":[],"categories":[2,5],"tags":[2658,32],"_links":{"self":[{"href":"https:\/\/www.proma.com.br\/blog\/wp-json\/wp\/v2\/posts\/4557"}],"collection":[{"href":"https:\/\/www.proma.com.br\/blog\/wp-json\/wp\/v2\/posts"}],"about":[{"href":"https:\/\/www.proma.com.br\/blog\/wp-json\/wp\/v2\/types\/post"}],"author":[{"embeddable":true,"href":"https:\/\/www.proma.com.br\/blog\/wp-json\/wp\/v2\/users\/2"}],"replies":[{"embeddable":true,"href":"https:\/\/www.proma.com.br\/blog\/wp-json\/wp\/v2\/comments?post=4557"}],"version-history":[{"count":1,"href":"https:\/\/www.proma.com.br\/blog\/wp-json\/wp\/v2\/posts\/4557\/revisions"}],"predecessor-version":[{"id":4567,"href":"https:\/\/www.proma.com.br\/blog\/wp-json\/wp\/v2\/posts\/4557\/revisions\/4567"}],"wp:featuredmedia":[{"embeddable":true,"href":"https:\/\/www.proma.com.br\/blog\/wp-json\/wp\/v2\/media\/4560"}],"wp:attachment":[{"href":"https:\/\/www.proma.com.br\/blog\/wp-json\/wp\/v2\/media?parent=4557"}],"wp:term":[{"taxonomy":"category","embeddable":true,"href":"https:\/\/www.proma.com.br\/blog\/wp-json\/wp\/v2\/categories?post=4557"},{"taxonomy":"post_tag","embeddable":true,"href":"https:\/\/www.proma.com.br\/blog\/wp-json\/wp\/v2\/tags?post=4557"}],"curies":[{"name":"wp","href":"https:\/\/api.w.org\/{rel}","templated":true}]}}