{"id":4591,"date":"2017-05-16T15:36:08","date_gmt":"2017-05-16T18:36:08","guid":{"rendered":"http:\/\/www.proma.com.br\/blog\/?p=4591"},"modified":"2017-09-28T21:46:05","modified_gmt":"2017-09-29T00:46:05","slug":"arquitetura-sustentavel-o-que-e-e-como-fazer","status":"publish","type":"post","link":"https:\/\/www.proma.com.br\/blog\/arquitetura-sustentavel-o-que-e-e-como-fazer\/","title":{"rendered":"ARQUITETURA SUSTENT\u00c1VEL: O QUE \u00c9 E COMO FAZER?"},"content":{"rendered":"<p><a href=\"http:\/\/www.proma.com.br\/blog\/wp-content\/uploads\/2017\/02\/94.jpg\"><img loading=\"lazy\" class=\"alignnone size-full wp-image-4592\" src=\"http:\/\/www.proma.com.br\/blog\/wp-content\/uploads\/2017\/02\/94.jpg\" alt=\"pousada da katerre em novo air\u00e3o - luciano spinelli\" width=\"700\" height=\"467\" srcset=\"https:\/\/www.proma.com.br\/blog\/wp-content\/uploads\/2017\/02\/94.jpg 700w, https:\/\/www.proma.com.br\/blog\/wp-content\/uploads\/2017\/02\/94-449x300.jpg 449w\" sizes=\"(max-width: 700px) 100vw, 700px\" \/><\/a><\/p>\n<p>Cada vez mais, a sustentabilidade \u00e9 colocada em evid\u00eancia \u2013 seja na nossa rotina ou nas nossas a\u00e7\u00f5es a longo prazo. Como parte integrante da vida em sociedade, a arquitetura tem o dever de contribuir com a preserva\u00e7\u00e3o ambiental e com a garantia da qualidade de vida para os dias atuais e tamb\u00e9m para as gera\u00e7\u00f5es futuras.<\/p>\n<p>Mas, voc\u00ea sabe o que caracteriza uma arquitetura sustent\u00e1vel? A arquiteta Patr\u00edcia O&#8217;Reilly, do Atelier O&#8217;Reilly, esclarece as principais d\u00favidas sobre o assunto.<\/p>\n<p><strong>1.\u00a0O que \u00e9 constru\u00e7\u00e3o sustent\u00e1vel?<br \/>\n<\/strong><strong>Arquiteta Patr\u00edcia O&#8217;Reilly:<\/strong> \u00c9 um sistema de constru\u00e7\u00e3o que promove mudan\u00e7as conscientes no entorno, de forma a satisfazer as necessidades de habita\u00e7\u00e3o e uso de espa\u00e7os pela comunidade contempor\u00e2nea, preservando os recursos naturais e garantindo qualidade de vida para as gera\u00e7\u00f5es atuais e futuras.<\/p>\n<p><strong>2. Quais s\u00e3o as caracter\u00edsticas b\u00e1sicas desse tipo de constru\u00e7\u00e3o?<br \/>\n<\/strong><strong>Arquiteta Patr\u00edcia O&#8217;Reilly:<\/strong> S\u00e3o diversas: gest\u00e3o sustent\u00e1vel da execu\u00e7\u00e3o da obra; m\u00ednimo consumo de energia e \u00e1gua desde a constru\u00e7\u00e3o; uso de mat\u00e9rias-primas ecoeficientes; baixo desperd\u00edcio e polui\u00e7\u00e3o ao longo da vida \u00fatil; m\u00ednima ocupa\u00e7\u00e3o do terreno; adapta\u00e7\u00e3o \u00e0s necessidades atuais e futuras dos usu\u00e1rios; cria\u00e7\u00e3o de um ambiente interno saud\u00e1vel, livre de compostos org\u00e2nicos vol\u00e1teis; e promo\u00e7\u00e3o de sa\u00fade e bem-estar dos moradores.<\/p>\n<p><strong>3. Como fazer uma constru\u00e7\u00e3o sustent\u00e1vel?<br \/>\n<\/strong><strong>Arquiteta Patr\u00edcia O&#8217;Reilly:<\/strong> H\u00e1 dez etapas principais. S\u00e3o elas:<br \/>\n1. Estudo do clima local<br \/>\n2. Aproveitamento passivo dos recursos naturais (desenho bioclim\u00e1tico)<br \/>\n3. Efici\u00eancia energ\u00e9tica<br \/>\n4. Gest\u00e3o e economia de \u00e1gua<br \/>\n5. Gest\u00e3o de res\u00edduos<br \/>\n6. Qualidade interna do ar<br \/>\n7. Conforto termoac\u00fastico<br \/>\n8. Uso racional de materiais<br \/>\n9. Utiliza\u00e7\u00e3o de produtos e tecnologias ambientalmente amig\u00e1veis<br \/>\n10. Reciclagem de res\u00edduos de constru\u00e7\u00e3o e demoli\u00e7\u00e3o, fechando o ciclo dos materiais.<\/p>\n<p><strong>4. Quais erros podem ser evitados?<br \/>\n<\/strong><strong>Arquiteta Patr\u00edcia O&#8217;Reilly:<\/strong> N\u00e3o existem erros, o que h\u00e1 \u00e9 falta de informa\u00e7\u00e3o. A constru\u00e7\u00e3o sustent\u00e1vel precisa ser planejada a fim de se tra\u00e7ar a estrat\u00e9gia correta. O edif\u00edcio deve ser posicionado de forma a receber a melhor insola\u00e7\u00e3o poss\u00edvel. Essa t\u00e9cnica est\u00e1 relacionada ao desenho bioclim\u00e1tico e garante desempenho energ\u00e9tico e conforto t\u00e9rmico. As estrat\u00e9gias ativas que consomem energia devem ser aplicadas apenas para corrigir o que o desenho bioclim\u00e1tico n\u00e3o consegue atingir.<\/p>\n<p>Mat\u00e9ria interessante e esclarecedora! A Proma apoia e coloca em pr\u00e1tica a arquitetura sustent\u00e1vel. Conhe\u00e7a os nossos empreendimentos: <a href=\"http:\/\/www.proma.com.br\">www.proma.com.br<\/a><\/p>\n<p><strong>Fonte:<\/strong> <a href=\"https:\/\/arquiteturaeconstrucao.abril.com.br\/sustentabilidade\/4-perguntas-sobre-arquitetura-sustentavel\/\" target=\"_blank\">Arquitetura e Constru\u00e7\u00e3o<\/a><strong>\u00a0<\/strong><\/p>\n","protected":false},"excerpt":{"rendered":"<p>Cada vez mais, a sustentabilidade \u00e9 colocada em evid\u00eancia \u2013 seja na nossa rotina ou nas nossas a\u00e7\u00f5es a longo prazo. Como parte integrante da vida em sociedade, a arquitetura tem o dever de contribuir com a preserva\u00e7\u00e3o ambiental e&hellip;<\/p>\n","protected":false},"author":2,"featured_media":4592,"comment_status":"open","ping_status":"closed","sticky":false,"template":"","format":"standard","meta":[],"categories":[1149,6],"tags":[271,1035],"_links":{"self":[{"href":"https:\/\/www.proma.com.br\/blog\/wp-json\/wp\/v2\/posts\/4591"}],"collection":[{"href":"https:\/\/www.proma.com.br\/blog\/wp-json\/wp\/v2\/posts"}],"about":[{"href":"https:\/\/www.proma.com.br\/blog\/wp-json\/wp\/v2\/types\/post"}],"author":[{"embeddable":true,"href":"https:\/\/www.proma.com.br\/blog\/wp-json\/wp\/v2\/users\/2"}],"replies":[{"embeddable":true,"href":"https:\/\/www.proma.com.br\/blog\/wp-json\/wp\/v2\/comments?post=4591"}],"version-history":[{"count":3,"href":"https:\/\/www.proma.com.br\/blog\/wp-json\/wp\/v2\/posts\/4591\/revisions"}],"predecessor-version":[{"id":5089,"href":"https:\/\/www.proma.com.br\/blog\/wp-json\/wp\/v2\/posts\/4591\/revisions\/5089"}],"wp:featuredmedia":[{"embeddable":true,"href":"https:\/\/www.proma.com.br\/blog\/wp-json\/wp\/v2\/media\/4592"}],"wp:attachment":[{"href":"https:\/\/www.proma.com.br\/blog\/wp-json\/wp\/v2\/media?parent=4591"}],"wp:term":[{"taxonomy":"category","embeddable":true,"href":"https:\/\/www.proma.com.br\/blog\/wp-json\/wp\/v2\/categories?post=4591"},{"taxonomy":"post_tag","embeddable":true,"href":"https:\/\/www.proma.com.br\/blog\/wp-json\/wp\/v2\/tags?post=4591"}],"curies":[{"name":"wp","href":"https:\/\/api.w.org\/{rel}","templated":true}]}}