{"id":4603,"date":"2017-05-25T15:13:34","date_gmt":"2017-05-25T18:13:34","guid":{"rendered":"http:\/\/www.proma.com.br\/blog\/?p=4603"},"modified":"2017-02-09T20:16:29","modified_gmt":"2017-02-09T23:16:29","slug":"deixe-a-mesa-do-cafe-da-manha-mais-charmosa","status":"publish","type":"post","link":"https:\/\/www.proma.com.br\/blog\/deixe-a-mesa-do-cafe-da-manha-mais-charmosa\/","title":{"rendered":"DEIXE A MESA DO CAF\u00c9 DA MANH\u00c3 MAIS CHARMOSA"},"content":{"rendered":"<p>O caf\u00e9 da manh\u00e3 faz parte da sua rotina? Que tal deixar esse momento ainda mais prazeroso com uma mesa charmosa?<\/p>\n<p>Com certeza, as dicas que separamos para voc\u00ea s\u00e3o f\u00e1ceis de serem colocadas em pr\u00e1tica e v\u00e3o encantar quem estiver por perto.<\/p>\n<p>Quer ver?<\/p>\n<p><strong>Para aquecer a alma e o cora\u00e7\u00e3o<\/strong><\/p>\n<p><a href=\"http:\/\/www.proma.com.br\/blog\/wp-content\/uploads\/2017\/02\/99.jpg\"><img loading=\"lazy\" class=\"alignnone size-full wp-image-4604\" src=\"http:\/\/www.proma.com.br\/blog\/wp-content\/uploads\/2017\/02\/99.jpg\" alt=\"99\" width=\"620\" height=\"450\" srcset=\"https:\/\/www.proma.com.br\/blog\/wp-content\/uploads\/2017\/02\/99.jpg 620w, https:\/\/www.proma.com.br\/blog\/wp-content\/uploads\/2017\/02\/99-413x300.jpg 413w\" sizes=\"(max-width: 620px) 100vw, 620px\" \/><\/a><\/p>\n<p>Use um cortador de biscoito para polvilhar a canela de forma mais charmosa.<\/p>\n<p><strong>O detalhe \u00e9 a alma do neg\u00f3cio<\/strong><\/p>\n<p><a href=\"http:\/\/www.proma.com.br\/blog\/wp-content\/uploads\/2017\/02\/100.jpg\"><img loading=\"lazy\" class=\"alignnone size-full wp-image-4605\" src=\"http:\/\/www.proma.com.br\/blog\/wp-content\/uploads\/2017\/02\/100.jpg\" alt=\"100\" width=\"600\" height=\"705\" srcset=\"https:\/\/www.proma.com.br\/blog\/wp-content\/uploads\/2017\/02\/100.jpg 600w, https:\/\/www.proma.com.br\/blog\/wp-content\/uploads\/2017\/02\/100-255x300.jpg 255w\" sizes=\"(max-width: 600px) 100vw, 600px\" \/><\/a><\/p>\n<p>O tamanho mini da lou\u00e7a far\u00e1 seu caf\u00e9 da manh\u00e3 parecer um ch\u00e1 de boneca.<\/p>\n<p><strong>Caf\u00e9 e bolo quentinhos<\/strong><\/p>\n<p><a href=\"http:\/\/www.proma.com.br\/blog\/wp-content\/uploads\/2017\/02\/101.jpg\"><img loading=\"lazy\" class=\"alignnone size-full wp-image-4606\" src=\"http:\/\/www.proma.com.br\/blog\/wp-content\/uploads\/2017\/02\/101.jpg\" alt=\"101\" width=\"620\" height=\"829\" srcset=\"https:\/\/www.proma.com.br\/blog\/wp-content\/uploads\/2017\/02\/101.jpg 620w, https:\/\/www.proma.com.br\/blog\/wp-content\/uploads\/2017\/02\/101-224x300.jpg 224w\" sizes=\"(max-width: 620px) 100vw, 620px\" \/><\/a><\/p>\n<p>O pratinho de bolo apoiado sobre a x\u00edcara de caf\u00e9 \u00e9 uma gra\u00e7a e mant\u00e9m a bebida e o bolo aquecidos.<\/p>\n<p><strong>Cesta n\u00e3o convencional<\/strong><\/p>\n<p><a href=\"http:\/\/www.proma.com.br\/blog\/wp-content\/uploads\/2017\/02\/102.jpg\"><img loading=\"lazy\" class=\"alignnone size-full wp-image-4607\" src=\"http:\/\/www.proma.com.br\/blog\/wp-content\/uploads\/2017\/02\/102.jpg\" alt=\"102\" width=\"425\" height=\"600\" srcset=\"https:\/\/www.proma.com.br\/blog\/wp-content\/uploads\/2017\/02\/102.jpg 425w, https:\/\/www.proma.com.br\/blog\/wp-content\/uploads\/2017\/02\/102-212x300.jpg 212w\" sizes=\"(max-width: 425px) 100vw, 425px\" \/><\/a><\/p>\n<p>A cesta de vime suspensa torna-se um Item de decora\u00e7\u00e3o e, de quebra, ainda deixa mais espa\u00e7o livre na mesa.<\/p>\n<p><strong>Diga n\u00e3o \u00e0s formigas com estilo<\/strong><\/p>\n<p><a href=\"http:\/\/www.proma.com.br\/blog\/wp-content\/uploads\/2017\/02\/103.jpg\"><img loading=\"lazy\" class=\"alignnone size-full wp-image-4608\" src=\"http:\/\/www.proma.com.br\/blog\/wp-content\/uploads\/2017\/02\/103.jpg\" alt=\"103\" width=\"578\" height=\"600\" srcset=\"https:\/\/www.proma.com.br\/blog\/wp-content\/uploads\/2017\/02\/103.jpg 578w, https:\/\/www.proma.com.br\/blog\/wp-content\/uploads\/2017\/02\/103-289x300.jpg 289w\" sizes=\"(max-width: 578px) 100vw, 578px\" \/><\/a><\/p>\n<p>A \u00e1gua em volta do a\u00e7ucareiro pode ganhar um toque de mimo com flores.<\/p>\n<p><strong>Frutas \u00e0 mesa<\/strong><\/p>\n<p><a href=\"http:\/\/www.proma.com.br\/blog\/wp-content\/uploads\/2017\/02\/104.jpg\"><img loading=\"lazy\" class=\"alignnone size-full wp-image-4609\" src=\"http:\/\/www.proma.com.br\/blog\/wp-content\/uploads\/2017\/02\/104.jpg\" alt=\"104\" width=\"480\" height=\"600\" srcset=\"https:\/\/www.proma.com.br\/blog\/wp-content\/uploads\/2017\/02\/104.jpg 480w, https:\/\/www.proma.com.br\/blog\/wp-content\/uploads\/2017\/02\/104-240x300.jpg 240w\" sizes=\"(max-width: 480px) 100vw, 480px\" \/><\/a><\/p>\n<p>A velha cesta de frutas pode dar lugar aos bules guardados dentro do arm\u00e1rio.<\/p>\n<p>Que del\u00edcia come\u00e7ar o dia com um caf\u00e9 da manh\u00e3 cheio de charme \ud83d\ude42<\/p>\n<p><strong>Fonte:<\/strong> <a href=\"http:\/\/revistacasaejardim.globo.com\/Casa-e-Comida\/Receber-com-charme\/noticia\/2017\/02\/6-ideias-para-deixar-mesa-do-cafe-da-manha-mais-graciosa.html\" target=\"_blank\">Casa e Jardim<\/a><\/p>\n","protected":false},"excerpt":{"rendered":"<p>O caf\u00e9 da manh\u00e3 faz parte da sua rotina? Que tal deixar esse momento ainda mais prazeroso com uma mesa charmosa? Com certeza, as dicas que separamos para voc\u00ea s\u00e3o f\u00e1ceis de serem colocadas em pr\u00e1tica e v\u00e3o encantar quem&hellip;<\/p>\n","protected":false},"author":2,"featured_media":4604,"comment_status":"open","ping_status":"closed","sticky":false,"template":"","format":"standard","meta":[],"categories":[2,1143],"tags":[2674,2675,2228],"_links":{"self":[{"href":"https:\/\/www.proma.com.br\/blog\/wp-json\/wp\/v2\/posts\/4603"}],"collection":[{"href":"https:\/\/www.proma.com.br\/blog\/wp-json\/wp\/v2\/posts"}],"about":[{"href":"https:\/\/www.proma.com.br\/blog\/wp-json\/wp\/v2\/types\/post"}],"author":[{"embeddable":true,"href":"https:\/\/www.proma.com.br\/blog\/wp-json\/wp\/v2\/users\/2"}],"replies":[{"embeddable":true,"href":"https:\/\/www.proma.com.br\/blog\/wp-json\/wp\/v2\/comments?post=4603"}],"version-history":[{"count":1,"href":"https:\/\/www.proma.com.br\/blog\/wp-json\/wp\/v2\/posts\/4603\/revisions"}],"predecessor-version":[{"id":4610,"href":"https:\/\/www.proma.com.br\/blog\/wp-json\/wp\/v2\/posts\/4603\/revisions\/4610"}],"wp:featuredmedia":[{"embeddable":true,"href":"https:\/\/www.proma.com.br\/blog\/wp-json\/wp\/v2\/media\/4604"}],"wp:attachment":[{"href":"https:\/\/www.proma.com.br\/blog\/wp-json\/wp\/v2\/media?parent=4603"}],"wp:term":[{"taxonomy":"category","embeddable":true,"href":"https:\/\/www.proma.com.br\/blog\/wp-json\/wp\/v2\/categories?post=4603"},{"taxonomy":"post_tag","embeddable":true,"href":"https:\/\/www.proma.com.br\/blog\/wp-json\/wp\/v2\/tags?post=4603"}],"curies":[{"name":"wp","href":"https:\/\/api.w.org\/{rel}","templated":true}]}}